{"id":831,"date":"2016-11-04T10:07:58","date_gmt":"2016-11-04T09:07:58","guid":{"rendered":"http:\/\/agora.xtec.cat\/ieslaguineueta\/?p=831"},"modified":"2016-11-09T20:24:40","modified_gmt":"2016-11-09T19:24:40","slug":"esquiadataller-la-molina-febrer-2017","status":"publish","type":"post","link":"https:\/\/agora.xtec.cat\/ieslaguineueta\/general\/esquiadataller-la-molina-febrer-2017\/","title":{"rendered":"Esquiada\/taller La Molina Febrer 2017"},"content":{"rendered":"<p>Aquest febrer de 2017, els alumnes de FP i batxillerat tindrem una sortida: Esquiada i taller a La Molina.<\/p>\n<p>Esquiarem i aprendrem t\u00e8cniques de superviv\u00e8ncia i seguretat a l\u2019alta muntanya.<\/p>\n<p>Depenen dels estudis, farem uns tallers o d&#8217;altres.<\/p>\n<p>Els dos dies d&#8217;esquiada amb l&#8217;allotjament, transport i la pensi\u00f3 completa, surtir\u00e0 per nom\u00e9s 130 euros.<\/p>\n<p>PAGA i SENYAL de 30 euros a l\u2019AMPA fins el 22 DE NOVEMBRE<br \/>\nPREU TOT INCL\u00d2S 130 euros<\/p>\n<p>Tota la informaci\u00f3 per descarregar aci:<\/p>\n<p><a href=\"https:\/\/drive.google.com\/open?id=0B8-WKqD0dZl9M24za01lOHJBdGc\"><br \/>\nhttps:\/\/drive.google.com\/open?id=0B8-WKqD0dZl9M24za01lOHJBdGc <\/a><\/p>\n","protected":false},"excerpt":{"rendered":"<p>Aquest febrer de 2017, els alumnes de FP i batxillerat tindrem una sortida: Esquiada i taller a La Molina.<br \/>\nEsquiarem i aprendrem t\u00e8cniques de superviv\u00e8ncia i seguretat a l\u2019alta muntanya.<br \/>\nDepenen dels estudis, farem uns tallers o d&#8217;altres.<br \/>\nEls dos dies d&#8217;esquiada amb l&#8217;allotjament, transport i la pensi\u00f3&hellip;  <a href=\"https:\/\/agora.xtec.cat\/ieslaguineueta\/general\/esquiadataller-la-molina-febrer-2017\/\" title=\"Read Esquiada\/taller La Molina Febrer 2017\">Llegeix m\u00e9s\u00bb<\/a><\/p>\n","protected":false},"author":131,"featured_media":0,"comment_status":"open","ping_status":"open","sticky":false,"template":"","format":"standard","meta":{"_bbp_topic_count":0,"_bbp_reply_count":0,"_bbp_total_topic_count":0,"_bbp_total_reply_count":0,"_bbp_voice_count":0,"_bbp_anonymous_reply_count":0,"_bbp_topic_count_hidden":0,"_bbp_reply_count_hidden":0,"_bbp_forum_subforum_count":0,"footnotes":""},"categories":[106,31,8,30,1,107,29,109,108],"tags":[113,114],"class_list":["post-831","post","type-post","status-publish","format-standard","hentry","category-admin","category-ampa","category-batxillerat","category-cf","category-general","category-informatica","category-portada","category-sanitaria","category-vehicles","tag-esquiadataller-2017","tag-extraescolars"],"post_mailing_queue_ids":[],"_links":{"self":[{"href":"https:\/\/agora.xtec.cat\/ieslaguineueta\/wp-json\/wp\/v2\/posts\/831","targetHints":{"allow":["GET"]}}],"collection":[{"href":"https:\/\/agora.xtec.cat\/ieslaguineueta\/wp-json\/wp\/v2\/posts"}],"about":[{"href":"https:\/\/agora.xtec.cat\/ieslaguineueta\/wp-json\/wp\/v2\/types\/post"}],"author":[{"embeddable":true,"href":"https:\/\/agora.xtec.cat\/ieslaguineueta\/wp-json\/wp\/v2\/users\/131"}],"replies":[{"embeddable":true,"href":"https:\/\/agora.xtec.cat\/ieslaguineueta\/wp-json\/wp\/v2\/comments?post=831"}],"version-history":[{"count":3,"href":"https:\/\/agora.xtec.cat\/ieslaguineueta\/wp-json\/wp\/v2\/posts\/831\/revisions"}],"predecessor-version":[{"id":840,"href":"https:\/\/agora.xtec.cat\/ieslaguineueta\/wp-json\/wp\/v2\/posts\/831\/revisions\/840"}],"wp:attachment":[{"href":"https:\/\/agora.xtec.cat\/ieslaguineueta\/wp-json\/wp\/v2\/media?parent=831"}],"wp:term":[{"taxonomy":"category","embeddable":true,"href":"https:\/\/agora.xtec.cat\/ieslaguineueta\/wp-json\/wp\/v2\/categories?post=831"},{"taxonomy":"post_tag","embeddable":true,"href":"https:\/\/agora.xtec.cat\/ieslaguineueta\/wp-json\/wp\/v2\/tags?post=831"}],"curies":[{"name":"wp","href":"https:\/\/api.w.org\/{rel}","templated":true}]}}