{"id":640,"date":"2017-03-20T19:07:05","date_gmt":"2017-03-20T18:07:05","guid":{"rendered":"http:\/\/agora.xtec.cat\/ieslaguineueta\/?p=640"},"modified":"2023-02-27T23:39:41","modified_gmt":"2023-02-27T22:39:41","slug":"actiu-el-servei-de-reserves","status":"publish","type":"post","link":"https:\/\/agora.xtec.cat\/ieslaguineueta\/general\/actiu-el-servei-de-reserves\/","title":{"rendered":"Actiu el sistema de reserves (amb l&#8217;aulateca)"},"content":{"rendered":"<p>Companys, ja esta actiu el sistema de reserves.<br \/>\n<strong>Veritablement, esta en proves.<\/strong><br \/>\n<em>Qualsevol problema: intranet@ilg.cat<\/em><\/p>\n<h2><strong>PER FAVOR, LLEGIU I FEU CAS A AQUESTA GUIA PER NO TINDRE PROBLEMES AL FER LA RESERVA!<\/strong><\/h2>\n<h3>A &#8211; Identificacio a la Intranet, usuari i contrasenya<\/h3>\n<ul>\n<li><span style=\"text-decoration: underline;\"><strong>Una vegada autentificats a la intranet (NODES)<\/strong><\/span> nomes caldra anar a la secci\u00f3 del professorat i alli, clicar a <span style=\"text-decoration: underline;\"><strong>reserves d&#8217;espais<\/strong><\/span> directament us dura a la secci\u00f3 on introduir dades per fer la reserva.<\/li>\n<li>Tot el profesorat deuria de tindre un usuari de la intranet (NODES), si no es aixi, envieu un correu electronic a la adre\u00e7a de dalt. Abans, si us plau reviseu el vostre correu electronic.<\/li>\n<li>Si el problema es la contrasenya, al intentar accedir a la intranet (NODES) hi ha un enlla\u00e7 per poder reinicialitzar-la.<\/li>\n<\/ul>\n<h3>B &#8211; Fer una reserva (correctament)<\/h3>\n<p>A la imatge voreu on estan al formulari de reserves els 8 passos que heu d&#8217;emplenar per fer la reserva:<\/p>\n<p><a href=\"http:\/\/agora.xtec.cat\/ieslaguineueta\/wp-content\/uploads\/usu766\/2016\/09\/Reserves1.png\"><img loading=\"lazy\" decoding=\"async\" class=\"alignnone size-large wp-image-642\" src=\"http:\/\/agora.xtec.cat\/ieslaguineueta\/wp-content\/uploads\/usu766\/2016\/09\/Reserves1-1024x491.png\" alt=\"Reserves1\" width=\"1024\" height=\"491\" srcset=\"https:\/\/agora.xtec.cat\/ieslaguineueta\/wp-content\/uploads\/usu766\/2016\/09\/Reserves1-1024x491.png 1024w, https:\/\/agora.xtec.cat\/ieslaguineueta\/wp-content\/uploads\/usu766\/2016\/09\/Reserves1-300x144.png 300w, https:\/\/agora.xtec.cat\/ieslaguineueta\/wp-content\/uploads\/usu766\/2016\/09\/Reserves1-768x368.png 768w, https:\/\/agora.xtec.cat\/ieslaguineueta\/wp-content\/uploads\/usu766\/2016\/09\/Reserves1.png 1227w\" sizes=\"auto, (max-width: 1024px) 100vw, 1024px\" \/><\/a><\/p>\n<p style=\"padding-left: 30px;\">1- <strong>Nom de la reserva.<\/strong><br \/>\nEstaria be ficar el professor\/a, el grup i la activitat<\/p>\n<p style=\"padding-left: 30px;\">2- Descripcio de la reserva.<\/p>\n<p style=\"padding-left: 30px;\"><strong>3- Espai a reservar<\/strong><\/p>\n<p style=\"padding-left: 30px;\">4- Data d&#8217;inici<\/p>\n<p style=\"padding-left: 30px;\">5- Data de fi<\/p>\n<p style=\"padding-left: 30px;\">6- <strong>Hora d&#8217;inici <\/strong> (MODIFICABLE MANUALMENT. Exemple: 9:15)<\/p>\n<p style=\"padding-left: 30px;\">7- <strong>Hora final <\/strong>(MODIFICABLE MANUALMENT. Exemple: 12:45)<\/p>\n<p style=\"padding-left: 30px;\">8- <strong>PUBLICA (Fer la reserva) <\/strong><br \/>\n[IMPORTANT <strong>NO TOCAR<\/strong> ALTRA COSA DEL PANELL. NOMES CLICAR AL BOTO DE PUBLICAR, SINO, HI HAURA PROBLEMES]<\/p>\n<p><strong>Si <strong>l&#8217;espai esta ja reservat<\/strong>, avisara de que <strong>la reserva no es possible:<\/strong><\/strong><\/p>\n<p><a href=\"http:\/\/agora.xtec.cat\/ieslaguineueta\/wp-content\/uploads\/usu766\/2016\/09\/ReservaNOdisponible.png\"><img loading=\"lazy\" decoding=\"async\" class=\"alignnone size-large wp-image-722\" src=\"http:\/\/agora.xtec.cat\/ieslaguineueta\/wp-content\/uploads\/usu766\/2016\/09\/ReservaNOdisponible-1024x82.png\" alt=\"reservanodisponible\" width=\"1024\" height=\"82\" srcset=\"https:\/\/agora.xtec.cat\/ieslaguineueta\/wp-content\/uploads\/usu766\/2016\/09\/ReservaNOdisponible-1024x82.png 1024w, https:\/\/agora.xtec.cat\/ieslaguineueta\/wp-content\/uploads\/usu766\/2016\/09\/ReservaNOdisponible-300x24.png 300w, https:\/\/agora.xtec.cat\/ieslaguineueta\/wp-content\/uploads\/usu766\/2016\/09\/ReservaNOdisponible-768x62.png 768w, https:\/\/agora.xtec.cat\/ieslaguineueta\/wp-content\/uploads\/usu766\/2016\/09\/ReservaNOdisponible.png 1161w\" sizes=\"auto, (max-width: 1024px) 100vw, 1024px\" \/><\/a><\/p>\n<p><strong>Aixo vol dir que la <strong>reserva NO esta feta<\/strong>, per que ja esta reservada o hi ha algun error a les dades de la reserva ! <\/strong><br \/>\nAquestes reserves es queden guardades al sistema amb estat <strong>PENDENT DE REVISI\u00d3<\/strong>.<br \/>\nPer que pugau modificar les dades erroneas.<\/p>\n<p>&nbsp;<\/p>\n<p>Si la reserva <strong>es fa correctament<\/strong> apareixera una imatge dalt en un fons de color verd com:<br \/>\n<a href=\"http:\/\/agora.xtec.cat\/ieslaguineueta\/wp-content\/uploads\/usu766\/2017\/03\/Reserva-Feta.png\"><img loading=\"lazy\" decoding=\"async\" class=\"alignnone size-full wp-image-865\" src=\"http:\/\/agora.xtec.cat\/ieslaguineueta\/wp-content\/uploads\/usu766\/2017\/03\/Reserva-Feta.png\" alt=\"reserva-feta\" width=\"357\" height=\"100\" srcset=\"https:\/\/agora.xtec.cat\/ieslaguineueta\/wp-content\/uploads\/usu766\/2017\/03\/Reserva-Feta.png 357w, https:\/\/agora.xtec.cat\/ieslaguineueta\/wp-content\/uploads\/usu766\/2017\/03\/Reserva-Feta-300x84.png 300w\" sizes=\"auto, (max-width: 357px) 100vw, 357px\" \/><\/a><\/p>\n<h3><\/h3>\n<h3>C &#8211; Confirmar reserva feta correctament (C1 o C2)<\/h3>\n<h3>C1 &#8211; Confirmar reserva al calendari<\/h3>\n<p>Per confirmar que la reserva esta CORRECTAMENT feta o voleu vore o revisar les reserves fetes per vosaltres o la resta de companys, aneu al panell lateral\u00a0 i cliqueu a Reserves -&gt; Calendari.<br \/>\n<a href=\"http:\/\/agora.xtec.cat\/ieslaguineueta\/wp-content\/uploads\/usu766\/2016\/09\/Panell-Reserves.png\"><img loading=\"lazy\" decoding=\"async\" class=\"alignnone size-large wp-image-777\" src=\"http:\/\/agora.xtec.cat\/ieslaguineueta\/wp-content\/uploads\/usu766\/2016\/09\/Panell-Reserves.png\" alt=\"panell-reserves\" width=\"161\" height=\"154\" \/><\/a><\/p>\n<p>Al calendari (imatge de baix), per vore les reserves es pot punxar sobre els punts (RESERVES) i vos donara tota la informacio sobre aquesta reserva en concret.<br \/>\nTamb\u00e9 a la part superior es pot canviar a una altra visualitzaci\u00f3, setmanal o diaria per tindre una millor visi\u00f3 de les reserves.<\/p>\n<p>Reviseu al calendari amb la visualitzacio que vullgueu, que el dia, l&#8217;hora i el espai reservat es correcte.<\/p>\n<p><a href=\"http:\/\/agora.xtec.cat\/ieslaguineueta\/wp-content\/uploads\/usu766\/2016\/09\/Calendari-Reserves.png\"><img loading=\"lazy\" decoding=\"async\" class=\"alignnone size-large wp-image-776\" src=\"http:\/\/agora.xtec.cat\/ieslaguineueta\/wp-content\/uploads\/usu766\/2016\/09\/Calendari-Reserves-1024x551.png\" alt=\"calendari-reserves\" width=\"1024\" height=\"551\" srcset=\"https:\/\/agora.xtec.cat\/ieslaguineueta\/wp-content\/uploads\/usu766\/2016\/09\/Calendari-Reserves-1024x551.png 1024w, https:\/\/agora.xtec.cat\/ieslaguineueta\/wp-content\/uploads\/usu766\/2016\/09\/Calendari-Reserves-300x162.png 300w, https:\/\/agora.xtec.cat\/ieslaguineueta\/wp-content\/uploads\/usu766\/2016\/09\/Calendari-Reserves-768x414.png 768w, https:\/\/agora.xtec.cat\/ieslaguineueta\/wp-content\/uploads\/usu766\/2016\/09\/Calendari-Reserves.png 1092w\" sizes=\"auto, (max-width: 1024px) 100vw, 1024px\" \/><\/a><\/p>\n<h3>C2 &#8211; Confirmar reserva al panell de reserves<\/h3>\n<p>Tambe es pot revisar una Reserva desde el panell lateral, a Reserves -&gt; Totes les reserves.<br \/>\nAlli nomes vejent la teua reserva si esta ben feta surtira com l&#8217;exemple:<\/p>\n<p><a href=\"http:\/\/agora.xtec.cat\/ieslaguineueta\/wp-content\/uploads\/usu766\/2016\/09\/Example-Reserva.png\"><img loading=\"lazy\" decoding=\"async\" class=\"alignnone size-full wp-image-785\" src=\"http:\/\/agora.xtec.cat\/ieslaguineueta\/wp-content\/uploads\/usu766\/2016\/09\/Example-Reserva.png\" alt=\"example-reserva\" width=\"858\" height=\"95\" srcset=\"https:\/\/agora.xtec.cat\/ieslaguineueta\/wp-content\/uploads\/usu766\/2016\/09\/Example-Reserva.png 858w, https:\/\/agora.xtec.cat\/ieslaguineueta\/wp-content\/uploads\/usu766\/2016\/09\/Example-Reserva-300x33.png 300w, https:\/\/agora.xtec.cat\/ieslaguineueta\/wp-content\/uploads\/usu766\/2016\/09\/Example-Reserva-768x85.png 768w\" sizes=\"auto, (max-width: 858px) 100vw, 858px\" \/><\/a><\/p>\n<p><strong>SI LA RESERVA NO ES CORRECTA<\/strong>, sortira a continuaci\u00f3 del nom de la reserva un afegir: <strong>PENDENT o ESBORRANY<\/strong><\/p>\n<h3>D &#8211; Mes informaci\u00f3<\/h3>\n<p>Si en voleu mes informaci\u00f3, aci la entrada de agora (xtec) sobre les reserves:<br \/>\n<a href=\"http:\/\/agora.xtec.cat\/moodle\/moodle\/mod\/glossary\/view.php?id=1741&amp;mode=entry&amp;hook=2601\"> http:\/\/agora.xtec.cat\/moodle\/moodle\/mod\/glossary\/view.php?id=1741&amp;mode=entry&amp;hook=2601<\/a><br \/>\n<em>Qualsevol dubte, comentari o problema: intranet@ilg.cat<br \/>\n<\/em><\/p>\n","protected":false},"excerpt":{"rendered":"<p>Companys, ja esta actiu el sistema de reserves.<br \/>\nVeritablement, esta en proves.<br \/>\nQualsevol problema: intranet@ilg.cat<br \/>\nPER FAVOR, LLEGIU I FEU CAS A AQUESTA GUIA PER NO TINDRE PROBLEMES AL FER LA RESERVA!<br \/>\nA &#8211; Identificacio a la Intranet, usuari i contrasenya<\/p>\n<ul>\n<li>Una vegada autentificats a la intranet (NODES) nomes caldra&hellip;  <a href=\"https:\/\/agora.xtec.cat\/ieslaguineueta\/general\/actiu-el-servei-de-reserves\/\" title=\"Read Actiu el sistema de reserves (amb l&#8217;aulateca)\">Llegeix m\u00e9s\u00bb<\/a><br \/>\n","protected":false},"author":1,"featured_media":642,"comment_status":"open","ping_status":"closed","sticky":false,"template":"","format":"standard","meta":{"_bbp_topic_count":0,"_bbp_reply_count":0,"_bbp_total_topic_count":0,"_bbp_total_reply_count":0,"_bbp_voice_count":0,"_bbp_anonymous_reply_count":0,"_bbp_topic_count_hidden":0,"_bbp_reply_count_hidden":0,"_bbp_forum_subforum_count":0,"footnotes":""},"categories":[106,31,8,104,30,3,1,107,29,109,108],"tags":[101,74,75,77,102],"class_list":["post-640","post","type-post","status-publish","format-standard","has-post-thumbnail","hentry","category-admin","category-ampa","category-batxillerat","category-biblio","category-cf","category-eso","category-general","category-informatica","category-portada","category-sanitaria","category-vehicles","tag-general","tag-intraweb","tag-noticia","tag-noticies","tag-portada"],"post_mailing_queue_ids":[],"_links":{"self":[{"href":"https:\/\/agora.xtec.cat\/ieslaguineueta\/wp-json\/wp\/v2\/posts\/640","targetHints":{"allow":["GET"]}}],"collection":[{"href":"https:\/\/agora.xtec.cat\/ieslaguineueta\/wp-json\/wp\/v2\/posts"}],"about":[{"href":"https:\/\/agora.xtec.cat\/ieslaguineueta\/wp-json\/wp\/v2\/types\/post"}],"author":[{"embeddable":true,"href":"https:\/\/agora.xtec.cat\/ieslaguineueta\/wp-json\/wp\/v2\/users\/1"}],"replies":[{"embeddable":true,"href":"https:\/\/agora.xtec.cat\/ieslaguineueta\/wp-json\/wp\/v2\/comments?post=640"}],"version-history":[{"count":3,"href":"https:\/\/agora.xtec.cat\/ieslaguineueta\/wp-json\/wp\/v2\/posts\/640\/revisions"}],"predecessor-version":[{"id":4884,"href":"https:\/\/agora.xtec.cat\/ieslaguineueta\/wp-json\/wp\/v2\/posts\/640\/revisions\/4884"}],"wp:featuredmedia":[{"embeddable":true,"href":"https:\/\/agora.xtec.cat\/ieslaguineueta\/wp-json\/wp\/v2\/media\/642"}],"wp:attachment":[{"href":"https:\/\/agora.xtec.cat\/ieslaguineueta\/wp-json\/wp\/v2\/media?parent=640"}],"wp:term":[{"taxonomy":"category","embeddable":true,"href":"https:\/\/agora.xtec.cat\/ieslaguineueta\/wp-json\/wp\/v2\/categories?post=640"},{"taxonomy":"post_tag","embeddable":true,"href":"https:\/\/agora.xtec.cat\/ieslaguineueta\/wp-json\/wp\/v2\/tags?post=640"}],"curies":[{"name":"wp","href":"https:\/\/api.w.org\/{rel}","templated":true}]}}