{"id":4641,"date":"2021-04-15T10:27:58","date_gmt":"2021-04-15T08:27:58","guid":{"rendered":"http:\/\/agora.xtec.cat\/iesjulioantonio\/?p=4641"},"modified":"2021-04-15T10:27:58","modified_gmt":"2021-04-15T08:27:58","slug":"fem-matematiques-a-linstitut","status":"publish","type":"post","link":"https:\/\/agora.xtec.cat\/iesjulioantonio\/sin-categoria\/fem-matematiques-a-linstitut\/","title":{"rendered":"FEM MATEM\u00c0TIQUES, a l&#8217;institut."},"content":{"rendered":"<p>UN GRUP DE QUATRE ALUMNES DE 1r D\u2019ESO DE L\u2019INSTITUT JULIO ANTONIO ES CLASSIFIQUEN PER A LA SEGONA FASE DEL CONCURS MATEM\u00c0TIC FEM MATEM\u00c0TIQUES.<br \/>\nNovament aquest curs 2020-21, des del Departament de Matem\u00e0tiques de l\u2019institut Julio Antonio, s\u2019ha promogut la participaci\u00f3 del nostre alumnat de primer cicle d\u2019ESO en el concurs matem\u00e0tic FEM MATEM\u00c0TIQUES. El concurs \u00e9s una activitat que t\u00e9 la finalitat de contribuir a desenvolupar la compet\u00e8ncia matem\u00e0tica en tot l\u2019alumnat de sis\u00e8 de prim\u00e0ria i de primer i segon de l\u2019ESO, aix\u00ed com de sensibilitzar la societat catalana en general sobre la import\u00e0ncia d\u2019una educaci\u00f3 matem\u00e0tica de qualitat que afavoreixi el desenvolupament personal dels nostres nois i noies i els faciliti la integraci\u00f3 en una societat cada vegada m\u00e9s exigent i canviant. Aquesta activitat est\u00e0 organitzada anualment per la Feemcat (Federaci\u00f3 d\u2019entitats per a l\u2019ensenyament de les Matem\u00e0tiques a Catalunya) amb el suport del Departament d\u2019Ensenyament i es desenvolupa en tres fases. Un grup de quatre alumnes de 1r d\u2019ESO del nostre centre (Maria Borr\u00e0s Fortuny, Teresa Sabat\u00e9 Pons i Marina Blad\u00e9 Margalef de 1r d\u2019ESO A i Cl\u00e0udia Ced\u00f3 Anguera de 1r d\u2019ESO C) es van classificar per a la segona fase del concurs. Aquesta segona fase va tenir lloc el dimecres 14 d\u2019abril, encara que, malauradament, degut a les condicions de pand\u00e8mia que estem vivint per la Covid-19, aquesta fase no es va poder fer de manera presencial sin\u00f3 per via telem\u00e0tica des del propi centre. Donem l\u2019enhorabona a aquestes quatre alumnes aix\u00ed com al Josep Perell\u00f3, que \u00e9s el professor que les est\u00e0 ajudant i guiant en aquest concurs, per la implicaci\u00f3 i la feina que estan fent i els desitgem molta sort per qu\u00e8 puguin passar amb \u00e8xit a la tercera fase.<br \/>\nAprofitem l\u2019avinentesa per donar tamb\u00e9 les gr\u00e0cies a tot l\u2019alumnat d\u2019ESO del nostre centre que, el passat 18 de mar\u00e7, va participar en les Proves Cangur 2021. Tant amb la participaci\u00f3 en el concurs FEM MATEM\u00c0TIQUES com amb les PROVES CANGUR 2021, el Departament de Matem\u00e0tiques de l\u2019institut Julio Antonio, es reitera en l\u2019objectiu de potenciar el raonament matem\u00e0tic a trav\u00e9s de la resoluci\u00f3 de problemes, incentivant la participaci\u00f3 del nostre alumnat en activitats motivadores, de caire l\u00fadic, i que suposin un repte per a ells i elles.<a href=\"https:\/\/agora.xtec.cat\/iesjulioantonio\/wp-content\/uploads\/usu942\/2021\/04\/Fem-Matem\u00e0tiques-1.jpg\"><img loading=\"lazy\" decoding=\"async\" class=\"alignnone size-large wp-image-4642\" src=\"https:\/\/agora.xtec.cat\/iesjulioantonio\/wp-content\/uploads\/usu942\/2021\/04\/Fem-Matem\u00e0tiques-1-1024x768.jpg\" alt=\"\" width=\"1024\" height=\"768\" srcset=\"https:\/\/agora.xtec.cat\/iesjulioantonio\/wp-content\/uploads\/usu942\/2021\/04\/Fem-Matem\u00e0tiques-1-1024x768.jpg 1024w, https:\/\/agora.xtec.cat\/iesjulioantonio\/wp-content\/uploads\/usu942\/2021\/04\/Fem-Matem\u00e0tiques-1-300x225.jpg 300w, https:\/\/agora.xtec.cat\/iesjulioantonio\/wp-content\/uploads\/usu942\/2021\/04\/Fem-Matem\u00e0tiques-1-768x576.jpg 768w, https:\/\/agora.xtec.cat\/iesjulioantonio\/wp-content\/uploads\/usu942\/2021\/04\/Fem-Matem\u00e0tiques-1-200x150.jpg 200w, https:\/\/agora.xtec.cat\/iesjulioantonio\/wp-content\/uploads\/usu942\/2021\/04\/Fem-Matem\u00e0tiques-1.jpg 2048w\" sizes=\"auto, (max-width: 1024px) 100vw, 1024px\" \/><\/a> <a href=\"https:\/\/agora.xtec.cat\/iesjulioantonio\/wp-content\/uploads\/usu942\/2021\/04\/Fem-Matem\u00e0tiques-2.jpg\"><img loading=\"lazy\" decoding=\"async\" class=\"alignnone size-large wp-image-4643\" src=\"https:\/\/agora.xtec.cat\/iesjulioantonio\/wp-content\/uploads\/usu942\/2021\/04\/Fem-Matem\u00e0tiques-2-1024x768.jpg\" alt=\"\" width=\"1024\" height=\"768\" srcset=\"https:\/\/agora.xtec.cat\/iesjulioantonio\/wp-content\/uploads\/usu942\/2021\/04\/Fem-Matem\u00e0tiques-2-1024x768.jpg 1024w, https:\/\/agora.xtec.cat\/iesjulioantonio\/wp-content\/uploads\/usu942\/2021\/04\/Fem-Matem\u00e0tiques-2-300x225.jpg 300w, https:\/\/agora.xtec.cat\/iesjulioantonio\/wp-content\/uploads\/usu942\/2021\/04\/Fem-Matem\u00e0tiques-2-768x576.jpg 768w, https:\/\/agora.xtec.cat\/iesjulioantonio\/wp-content\/uploads\/usu942\/2021\/04\/Fem-Matem\u00e0tiques-2-200x150.jpg 200w, https:\/\/agora.xtec.cat\/iesjulioantonio\/wp-content\/uploads\/usu942\/2021\/04\/Fem-Matem\u00e0tiques-2.jpg 1600w\" sizes=\"auto, (max-width: 1024px) 100vw, 1024px\" \/><\/a> <a href=\"https:\/\/agora.xtec.cat\/iesjulioantonio\/wp-content\/uploads\/usu942\/2021\/04\/Fem-Matem\u00e0tiques-3.jpg\"><img loading=\"lazy\" decoding=\"async\" class=\"alignnone size-large wp-image-4644\" src=\"https:\/\/agora.xtec.cat\/iesjulioantonio\/wp-content\/uploads\/usu942\/2021\/04\/Fem-Matem\u00e0tiques-3-1024x768.jpg\" alt=\"\" width=\"1024\" height=\"768\" srcset=\"https:\/\/agora.xtec.cat\/iesjulioantonio\/wp-content\/uploads\/usu942\/2021\/04\/Fem-Matem\u00e0tiques-3-1024x768.jpg 1024w, https:\/\/agora.xtec.cat\/iesjulioantonio\/wp-content\/uploads\/usu942\/2021\/04\/Fem-Matem\u00e0tiques-3-300x225.jpg 300w, https:\/\/agora.xtec.cat\/iesjulioantonio\/wp-content\/uploads\/usu942\/2021\/04\/Fem-Matem\u00e0tiques-3-768x576.jpg 768w, https:\/\/agora.xtec.cat\/iesjulioantonio\/wp-content\/uploads\/usu942\/2021\/04\/Fem-Matem\u00e0tiques-3-200x150.jpg 200w, https:\/\/agora.xtec.cat\/iesjulioantonio\/wp-content\/uploads\/usu942\/2021\/04\/Fem-Matem\u00e0tiques-3.jpg 1600w\" sizes=\"auto, (max-width: 1024px) 100vw, 1024px\" \/><\/a><\/p>\n","protected":false},"excerpt":{"rendered":"<p>UN GRUP DE QUATRE ALUMNES DE 1r D\u2019ESO DE L\u2019INSTITUT JULIO ANTONIO ES CLASSIFIQUEN PER A LA SEGONA FASE DEL CONCURS MATEM\u00c0TIC FEM MATEM\u00c0TIQUES. Novament aquest curs 2020-21, des del Departament de Matem\u00e0tiques de l\u2019institut Julio Antonio, s\u2019ha promogut la participaci\u00f3 del nostre alumnat de primer cicle d\u2019ESO en el concurs matem\u00e0tic FEM MATEM\u00c0TIQUES. El [&hellip;]<\/p>\n","protected":false},"author":15,"featured_media":4642,"comment_status":"open","ping_status":"closed","sticky":false,"template":"","format":"standard","meta":{"_bbp_topic_count":0,"_bbp_reply_count":0,"_bbp_total_topic_count":0,"_bbp_total_reply_count":0,"_bbp_voice_count":0,"_bbp_anonymous_reply_count":0,"_bbp_topic_count_hidden":0,"_bbp_reply_count_hidden":0,"_bbp_forum_subforum_count":0,"site-sidebar-layout":"default","site-content-layout":"","ast-site-content-layout":"","site-content-style":"default","site-sidebar-style":"default","ast-global-header-display":"","ast-banner-title-visibility":"","ast-main-header-display":"","ast-hfb-above-header-display":"","ast-hfb-below-header-display":"","ast-hfb-mobile-header-display":"","site-post-title":"","ast-breadcrumbs-content":"","ast-featured-img":"","footer-sml-layout":"","theme-transparent-header-meta":"","adv-header-id-meta":"","stick-header-meta":"","header-above-stick-meta":"","header-main-stick-meta":"","header-below-stick-meta":"","astra-migrate-meta-layouts":"default","ast-page-background-enabled":"default","ast-page-background-meta":{"desktop":{"background-color":"var(--ast-global-color-4)","background-image":"","background-repeat":"repeat","background-position":"center center","background-size":"auto","background-attachment":"scroll","background-type":"","background-media":"","overlay-type":"","overlay-color":"","overlay-opacity":"","overlay-gradient":""},"tablet":{"background-color":"","background-image":"","background-repeat":"repeat","background-position":"center center","background-size":"auto","background-attachment":"scroll","background-type":"","background-media":"","overlay-type":"","overlay-color":"","overlay-opacity":"","overlay-gradient":""},"mobile":{"background-color":"","background-image":"","background-repeat":"repeat","background-position":"center center","background-size":"auto","background-attachment":"scroll","background-type":"","background-media":"","overlay-type":"","overlay-color":"","overlay-opacity":"","overlay-gradient":""}},"ast-content-background-meta":{"desktop":{"background-color":"var(--ast-global-color-5)","background-image":"","background-repeat":"repeat","background-position":"center center","background-size":"auto","background-attachment":"scroll","background-type":"","background-media":"","overlay-type":"","overlay-color":"","overlay-opacity":"","overlay-gradient":""},"tablet":{"background-color":"var(--ast-global-color-5)","background-image":"","background-repeat":"repeat","background-position":"center center","background-size":"auto","background-attachment":"scroll","background-type":"","background-media":"","overlay-type":"","overlay-color":"","overlay-opacity":"","overlay-gradient":""},"mobile":{"background-color":"var(--ast-global-color-5)","background-image":"","background-repeat":"repeat","background-position":"center center","background-size":"auto","background-attachment":"scroll","background-type":"","background-media":"","overlay-type":"","overlay-color":"","overlay-opacity":"","overlay-gradient":""}},"footnotes":""},"categories":[112],"tags":[],"class_list":["post-4641","post","type-post","status-publish","format-standard","has-post-thumbnail","hentry","category-sin-categoria"],"post_mailing_queue_ids":[],"_links":{"self":[{"href":"https:\/\/agora.xtec.cat\/iesjulioantonio\/wp-json\/wp\/v2\/posts\/4641","targetHints":{"allow":["GET"]}}],"collection":[{"href":"https:\/\/agora.xtec.cat\/iesjulioantonio\/wp-json\/wp\/v2\/posts"}],"about":[{"href":"https:\/\/agora.xtec.cat\/iesjulioantonio\/wp-json\/wp\/v2\/types\/post"}],"author":[{"embeddable":true,"href":"https:\/\/agora.xtec.cat\/iesjulioantonio\/wp-json\/wp\/v2\/users\/15"}],"replies":[{"embeddable":true,"href":"https:\/\/agora.xtec.cat\/iesjulioantonio\/wp-json\/wp\/v2\/comments?post=4641"}],"version-history":[{"count":1,"href":"https:\/\/agora.xtec.cat\/iesjulioantonio\/wp-json\/wp\/v2\/posts\/4641\/revisions"}],"predecessor-version":[{"id":4645,"href":"https:\/\/agora.xtec.cat\/iesjulioantonio\/wp-json\/wp\/v2\/posts\/4641\/revisions\/4645"}],"wp:featuredmedia":[{"embeddable":true,"href":"https:\/\/agora.xtec.cat\/iesjulioantonio\/wp-json\/wp\/v2\/media\/4642"}],"wp:attachment":[{"href":"https:\/\/agora.xtec.cat\/iesjulioantonio\/wp-json\/wp\/v2\/media?parent=4641"}],"wp:term":[{"taxonomy":"category","embeddable":true,"href":"https:\/\/agora.xtec.cat\/iesjulioantonio\/wp-json\/wp\/v2\/categories?post=4641"},{"taxonomy":"post_tag","embeddable":true,"href":"https:\/\/agora.xtec.cat\/iesjulioantonio\/wp-json\/wp\/v2\/tags?post=4641"}],"curies":[{"name":"wp","href":"https:\/\/api.w.org\/{rel}","templated":true}]}}