{"id":3868,"date":"2020-07-09T19:03:31","date_gmt":"2020-07-09T17:03:31","guid":{"rendered":"http:\/\/agora.xtec.cat\/iesjulioantonio\/?p=3868"},"modified":"2020-07-12T18:08:52","modified_gmt":"2020-07-12T16:08:52","slug":"la-selectivitat-a-linstitut-julio-antonio","status":"publish","type":"post","link":"https:\/\/agora.xtec.cat\/iesjulioantonio\/batxillerat\/la-selectivitat-a-linstitut-julio-antonio\/","title":{"rendered":"LA SELECTIVITAT A L&#8217;INSTITUT JULIO ANTONIO"},"content":{"rendered":"<blockquote class=\"wp-embedded-content\" data-secret=\"jvmjCw25gT\"><p><a href=\"https:\/\/www.marfanta.com\/2020\/07\/07\/selectivitat-de-proximitat-per-a-120-alumnes-de-la-ribera-debre-la-terra-alta-i-el-priorat\/\">Selectivitat de proximitat per a 120 alumnes de la Ribera d&#8217;Ebre, la Terra Alta i el Priorat<\/a><\/p><\/blockquote>\n<p><iframe loading=\"lazy\" class=\"wp-embedded-content\" sandbox=\"allow-scripts\" security=\"restricted\" style=\"position: absolute; clip: rect(1px, 1px, 1px, 1px);\" title=\"&#8220;Selectivitat de proximitat per a 120 alumnes de la Ribera d&#8217;Ebre, la Terra Alta i el Priorat&#8221; &#8212; Marfanta\" src=\"https:\/\/www.marfanta.com\/2020\/07\/07\/selectivitat-de-proximitat-per-a-120-alumnes-de-la-ribera-debre-la-terra-alta-i-el-priorat\/embed\/#?secret=D9jaZd8jhH#?secret=jvmjCw25gT\" data-secret=\"jvmjCw25gT\" width=\"500\" height=\"282\" frameborder=\"0\" marginwidth=\"0\" marginheight=\"0\" scrolling=\"no\"><\/iframe><\/p>\n<p>canal 21<\/p>\n<p>&nbsp;<\/p>\n<p><a href=\"https:\/\/www.youtube.com\/watch?v=6ul5-K-4tBU\">https:\/\/youtu.be\/6ul5-K-4tBUh<\/a><\/p>\n<p>&nbsp;<\/p>\n<p>RADIO M\u00d3RA D&#8217;EBRE<\/p>\n<blockquote class=\"wp-embedded-content\" data-secret=\"yMQKJGo9sH\"><p><a href=\"https:\/\/www.radiomoradebre.cat\/wp\/2020\/07\/07\/primer-dia-de-selectivitat-i-primer-any-a-linstitut-julio-antonio\/\">Primer dia de selectivitat i primer any a l&#8217;Institut Julio Antonio<\/a><\/p><\/blockquote>\n<p><iframe loading=\"lazy\" class=\"wp-embedded-content\" sandbox=\"allow-scripts\" security=\"restricted\" style=\"position: absolute; clip: rect(1px, 1px, 1px, 1px);\" title=\"&#8220;Primer dia de selectivitat i primer any a l&#8217;Institut Julio Antonio&#8221; &#8212; R\u00e0dio M\u00f3ra d&#039;Ebre\" src=\"https:\/\/www.radiomoradebre.cat\/wp\/2020\/07\/07\/primer-dia-de-selectivitat-i-primer-any-a-linstitut-julio-antonio\/embed\/#?secret=qIftHkbdNh#?secret=yMQKJGo9sH\" data-secret=\"yMQKJGo9sH\" width=\"500\" height=\"282\" frameborder=\"0\" marginwidth=\"0\" marginheight=\"0\" scrolling=\"no\"><\/iframe><\/p>\n<p>&nbsp;<\/p>\n<blockquote class=\"wp-embedded-content\" data-secret=\"jQ4obN2iSV\"><p><a href=\"https:\/\/www.radiomoradebre.cat\/wp\/2020\/07\/10\/entrevista-josep-ferre-proves-pau-a-mora-debre-10-7-20\/\">Entrevista Josep Ferr\u00e9 &#8211; proves PAU a M\u00f3ra d&#8217;Ebre (10-7-20)<\/a><\/p><\/blockquote>\n<p><iframe loading=\"lazy\" class=\"wp-embedded-content\" sandbox=\"allow-scripts\" security=\"restricted\" style=\"position: absolute; clip: rect(1px, 1px, 1px, 1px);\" title=\"&#8220;Entrevista Josep Ferr\u00e9 &#8211; proves PAU a M\u00f3ra d&#8217;Ebre (10-7-20)&#8221; &#8212; R\u00e0dio M\u00f3ra d&#039;Ebre\" src=\"https:\/\/www.radiomoradebre.cat\/wp\/2020\/07\/10\/entrevista-josep-ferre-proves-pau-a-mora-debre-10-7-20\/embed\/#?secret=7Xl0ljnjsO#?secret=jQ4obN2iSV\" data-secret=\"jQ4obN2iSV\" width=\"500\" height=\"282\" frameborder=\"0\" marginwidth=\"0\" marginheight=\"0\" scrolling=\"no\"><\/iframe><\/p>\n<p>&nbsp;<\/p>\n<p>SETMANARI EBRE<\/p>\n<p><a href=\"https:\/\/www.setmanarilebre.cat\/noticia\/120008\/la-comunitat-educativa-demana-que-linstitut-julio-antonio-es-convertisca-en-una-seu-perman?utm_source=dlvr.it&amp;utm_medium=twitter\">https:\/\/www.setmanarilebre.cat\/noticia\/120008\/la-comunitat-educativa-demana-que-linstitut-julio-antonio-es-convertisca-en-una-seu-perman?utm_source=dlvr.it&amp;utm_medium=twitter<\/a><\/p>\n<p>&nbsp;<\/p>\n<p>&nbsp;<\/p>\n","protected":false},"excerpt":{"rendered":"<p>Selectivitat de proximitat per a 120 alumnes de la Ribera d&#8217;Ebre, la Terra Alta i el Priorat canal 21 &nbsp; https:\/\/youtu.be\/6ul5-K-4tBUh &nbsp; RADIO M\u00d3RA D&#8217;EBRE Primer dia de selectivitat i primer any a l&#8217;Institut Julio Antonio &nbsp; Entrevista Josep Ferr\u00e9 &#8211; proves PAU a M\u00f3ra d&#8217;Ebre (10-7-20) &nbsp; SETMANARI EBRE https:\/\/www.setmanarilebre.cat\/noticia\/120008\/la-comunitat-educativa-demana-que-linstitut-julio-antonio-es-convertisca-en-una-seu-perman?utm_source=dlvr.it&amp;utm_medium=twitter &nbsp; &nbsp;<\/p>\n","protected":false},"author":1,"featured_media":3869,"comment_status":"open","ping_status":"closed","sticky":false,"template":"","format":"standard","meta":{"_bbp_topic_count":0,"_bbp_reply_count":0,"_bbp_total_topic_count":0,"_bbp_total_reply_count":0,"_bbp_voice_count":0,"_bbp_anonymous_reply_count":0,"_bbp_topic_count_hidden":0,"_bbp_reply_count_hidden":0,"_bbp_forum_subforum_count":0,"site-sidebar-layout":"default","site-content-layout":"","ast-site-content-layout":"","site-content-style":"default","site-sidebar-style":"default","ast-global-header-display":"","ast-banner-title-visibility":"","ast-main-header-display":"","ast-hfb-above-header-display":"","ast-hfb-below-header-display":"","ast-hfb-mobile-header-display":"","site-post-title":"","ast-breadcrumbs-content":"","ast-featured-img":"","footer-sml-layout":"","theme-transparent-header-meta":"","adv-header-id-meta":"","stick-header-meta":"","header-above-stick-meta":"","header-main-stick-meta":"","header-below-stick-meta":"","astra-migrate-meta-layouts":"default","ast-page-background-enabled":"default","ast-page-background-meta":{"desktop":{"background-color":"var(--ast-global-color-4)","background-image":"","background-repeat":"repeat","background-position":"center center","background-size":"auto","background-attachment":"scroll","background-type":"","background-media":"","overlay-type":"","overlay-color":"","overlay-opacity":"","overlay-gradient":""},"tablet":{"background-color":"","background-image":"","background-repeat":"repeat","background-position":"center center","background-size":"auto","background-attachment":"scroll","background-type":"","background-media":"","overlay-type":"","overlay-color":"","overlay-opacity":"","overlay-gradient":""},"mobile":{"background-color":"","background-image":"","background-repeat":"repeat","background-position":"center center","background-size":"auto","background-attachment":"scroll","background-type":"","background-media":"","overlay-type":"","overlay-color":"","overlay-opacity":"","overlay-gradient":""}},"ast-content-background-meta":{"desktop":{"background-color":"var(--ast-global-color-5)","background-image":"","background-repeat":"repeat","background-position":"center center","background-size":"auto","background-attachment":"scroll","background-type":"","background-media":"","overlay-type":"","overlay-color":"","overlay-opacity":"","overlay-gradient":""},"tablet":{"background-color":"var(--ast-global-color-5)","background-image":"","background-repeat":"repeat","background-position":"center center","background-size":"auto","background-attachment":"scroll","background-type":"","background-media":"","overlay-type":"","overlay-color":"","overlay-opacity":"","overlay-gradient":""},"mobile":{"background-color":"var(--ast-global-color-5)","background-image":"","background-repeat":"repeat","background-position":"center center","background-size":"auto","background-attachment":"scroll","background-type":"","background-media":"","overlay-type":"","overlay-color":"","overlay-opacity":"","overlay-gradient":""}},"footnotes":""},"categories":[76,8,112],"tags":[],"class_list":["post-3868","post","type-post","status-publish","format-standard","has-post-thumbnail","hentry","category-alumnes","category-batxillerat","category-sin-categoria"],"post_mailing_queue_ids":[],"_links":{"self":[{"href":"https:\/\/agora.xtec.cat\/iesjulioantonio\/wp-json\/wp\/v2\/posts\/3868","targetHints":{"allow":["GET"]}}],"collection":[{"href":"https:\/\/agora.xtec.cat\/iesjulioantonio\/wp-json\/wp\/v2\/posts"}],"about":[{"href":"https:\/\/agora.xtec.cat\/iesjulioantonio\/wp-json\/wp\/v2\/types\/post"}],"author":[{"embeddable":true,"href":"https:\/\/agora.xtec.cat\/iesjulioantonio\/wp-json\/wp\/v2\/users\/1"}],"replies":[{"embeddable":true,"href":"https:\/\/agora.xtec.cat\/iesjulioantonio\/wp-json\/wp\/v2\/comments?post=3868"}],"version-history":[{"count":3,"href":"https:\/\/agora.xtec.cat\/iesjulioantonio\/wp-json\/wp\/v2\/posts\/3868\/revisions"}],"predecessor-version":[{"id":3874,"href":"https:\/\/agora.xtec.cat\/iesjulioantonio\/wp-json\/wp\/v2\/posts\/3868\/revisions\/3874"}],"wp:featuredmedia":[{"embeddable":true,"href":"https:\/\/agora.xtec.cat\/iesjulioantonio\/wp-json\/wp\/v2\/media\/3869"}],"wp:attachment":[{"href":"https:\/\/agora.xtec.cat\/iesjulioantonio\/wp-json\/wp\/v2\/media?parent=3868"}],"wp:term":[{"taxonomy":"category","embeddable":true,"href":"https:\/\/agora.xtec.cat\/iesjulioantonio\/wp-json\/wp\/v2\/categories?post=3868"},{"taxonomy":"post_tag","embeddable":true,"href":"https:\/\/agora.xtec.cat\/iesjulioantonio\/wp-json\/wp\/v2\/tags?post=3868"}],"curies":[{"name":"wp","href":"https:\/\/api.w.org\/{rel}","templated":true}]}}