{"id":3048,"date":"2019-09-03T17:28:17","date_gmt":"2019-09-03T15:28:17","guid":{"rendered":"http:\/\/agora.xtec.cat\/iesjulioantonio\/?p=3048"},"modified":"2019-09-19T14:30:31","modified_gmt":"2019-09-19T12:30:31","slug":"horari-inici-curs-escolar-2","status":"publish","type":"post","link":"https:\/\/agora.xtec.cat\/iesjulioantonio\/sin-categoria\/horari-inici-curs-escolar-2\/","title":{"rendered":"HORARI INICI CURS ESCOLAR"},"content":{"rendered":"<table style=\"font-weight: 400; height: 401px; width: 646px;\" width=\"600\">\n<tbody>\n<tr style=\"height: 99px;\">\n<td style=\"height: 99px; width: 73px;\">Dj 12<\/td>\n<td style=\"height: 99px; width: 565px;\">\n<ul>\n<li>De 11h. a 13h. Recepci\u00f3 d\u2019alumnes d\u2019ESO. (Tutors-res).<\/li>\n<li>\u00a0Repartiment dels fulls de convocat\u00f2ria per als pares-mares a\u00a0 les reunions informatives.<\/li>\n<\/ul>\n<\/td>\n<\/tr>\n<tr style=\"height: 126px;\">\n<td style=\"height: 126px; width: 73px;\">Dv 13<\/td>\n<td style=\"height: 126px; width: 565px;\">\n<ul>\n<li>8:30 Classes d\u2019ESO ordin\u00e0ries.<\/li>\n<li>8:30 a 10:30 Recepci\u00f3 dels alumnes de Batxillerat i CFGM.<\/li>\n<li>10:30 Inici de les classes Batxillerat i CF.<\/li>\n<li>Repartiment dels fulls de convocat\u00f2ria als pares-mares\u00a0 per a les reunions informatives.<\/li>\n<\/ul>\n<\/td>\n<\/tr>\n<tr style=\"height: 77px;\">\n<td style=\"height: 77px; width: 73px;\">Dl 16<\/td>\n<td style=\"height: 77px; width: 565px;\">\n<ul>\n<li>16h. Recepci\u00f3 de l\u2019alumnat de PFI.<\/li>\n<li>18 h. Reuni\u00f3 informativa als pares-mares d\u2019ESO.<\/li>\n<\/ul>\n<\/td>\n<\/tr>\n<tr style=\"height: 99px;\">\n<td style=\"height: 99px; width: 73px;\">Dc 18<\/td>\n<td style=\"height: 99px; width: 565px;\">\n<ul>\n<li>8:30 a 10:30 Recepci\u00f3 dels alumnes de CFGS.<\/li>\n<li>18 h. Reuni\u00f3 informativa als pares de Batxillerat i de CFGM.<\/li>\n<li>18:30 h. Reuni\u00f3 PFI (alumnat i fam\u00edlies).<\/li>\n<\/ul>\n<\/td>\n<\/tr>\n<\/tbody>\n<\/table>\n","protected":false},"excerpt":{"rendered":"<p>Dj 12 De 11h. a 13h. Recepci\u00f3 d\u2019alumnes d\u2019ESO. (Tutors-res). \u00a0Repartiment dels fulls de convocat\u00f2ria per als pares-mares a\u00a0 les reunions informatives. Dv 13 8:30 Classes d\u2019ESO ordin\u00e0ries. 8:30 a 10:30 Recepci\u00f3 dels alumnes de Batxillerat i CFGM. 10:30 Inici de les classes Batxillerat i CF. Repartiment dels fulls de convocat\u00f2ria als pares-mares\u00a0 per a [&hellip;]<\/p>\n","protected":false},"author":1,"featured_media":0,"comment_status":"open","ping_status":"closed","sticky":false,"template":"","format":"standard","meta":{"_bbp_topic_count":0,"_bbp_reply_count":0,"_bbp_total_topic_count":0,"_bbp_total_reply_count":0,"_bbp_voice_count":0,"_bbp_anonymous_reply_count":0,"_bbp_topic_count_hidden":0,"_bbp_reply_count_hidden":0,"_bbp_forum_subforum_count":0,"site-sidebar-layout":"default","site-content-layout":"","ast-site-content-layout":"","site-content-style":"default","site-sidebar-style":"default","ast-global-header-display":"","ast-banner-title-visibility":"","ast-main-header-display":"","ast-hfb-above-header-display":"","ast-hfb-below-header-display":"","ast-hfb-mobile-header-display":"","site-post-title":"","ast-breadcrumbs-content":"","ast-featured-img":"","footer-sml-layout":"","theme-transparent-header-meta":"","adv-header-id-meta":"","stick-header-meta":"","header-above-stick-meta":"","header-main-stick-meta":"","header-below-stick-meta":"","astra-migrate-meta-layouts":"default","ast-page-background-enabled":"default","ast-page-background-meta":{"desktop":{"background-color":"var(--ast-global-color-4)","background-image":"","background-repeat":"repeat","background-position":"center center","background-size":"auto","background-attachment":"scroll","background-type":"","background-media":"","overlay-type":"","overlay-color":"","overlay-opacity":"","overlay-gradient":""},"tablet":{"background-color":"","background-image":"","background-repeat":"repeat","background-position":"center center","background-size":"auto","background-attachment":"scroll","background-type":"","background-media":"","overlay-type":"","overlay-color":"","overlay-opacity":"","overlay-gradient":""},"mobile":{"background-color":"","background-image":"","background-repeat":"repeat","background-position":"center center","background-size":"auto","background-attachment":"scroll","background-type":"","background-media":"","overlay-type":"","overlay-color":"","overlay-opacity":"","overlay-gradient":""}},"ast-content-background-meta":{"desktop":{"background-color":"var(--ast-global-color-5)","background-image":"","background-repeat":"repeat","background-position":"center center","background-size":"auto","background-attachment":"scroll","background-type":"","background-media":"","overlay-type":"","overlay-color":"","overlay-opacity":"","overlay-gradient":""},"tablet":{"background-color":"var(--ast-global-color-5)","background-image":"","background-repeat":"repeat","background-position":"center center","background-size":"auto","background-attachment":"scroll","background-type":"","background-media":"","overlay-type":"","overlay-color":"","overlay-opacity":"","overlay-gradient":""},"mobile":{"background-color":"var(--ast-global-color-5)","background-image":"","background-repeat":"repeat","background-position":"center center","background-size":"auto","background-attachment":"scroll","background-type":"","background-media":"","overlay-type":"","overlay-color":"","overlay-opacity":"","overlay-gradient":""}},"footnotes":""},"categories":[112],"tags":[],"class_list":["post-3048","post","type-post","status-publish","format-standard","hentry","category-sin-categoria"],"post_mailing_queue_ids":[],"_links":{"self":[{"href":"https:\/\/agora.xtec.cat\/iesjulioantonio\/wp-json\/wp\/v2\/posts\/3048","targetHints":{"allow":["GET"]}}],"collection":[{"href":"https:\/\/agora.xtec.cat\/iesjulioantonio\/wp-json\/wp\/v2\/posts"}],"about":[{"href":"https:\/\/agora.xtec.cat\/iesjulioantonio\/wp-json\/wp\/v2\/types\/post"}],"author":[{"embeddable":true,"href":"https:\/\/agora.xtec.cat\/iesjulioantonio\/wp-json\/wp\/v2\/users\/1"}],"replies":[{"embeddable":true,"href":"https:\/\/agora.xtec.cat\/iesjulioantonio\/wp-json\/wp\/v2\/comments?post=3048"}],"version-history":[{"count":3,"href":"https:\/\/agora.xtec.cat\/iesjulioantonio\/wp-json\/wp\/v2\/posts\/3048\/revisions"}],"predecessor-version":[{"id":3088,"href":"https:\/\/agora.xtec.cat\/iesjulioantonio\/wp-json\/wp\/v2\/posts\/3048\/revisions\/3088"}],"wp:attachment":[{"href":"https:\/\/agora.xtec.cat\/iesjulioantonio\/wp-json\/wp\/v2\/media?parent=3048"}],"wp:term":[{"taxonomy":"category","embeddable":true,"href":"https:\/\/agora.xtec.cat\/iesjulioantonio\/wp-json\/wp\/v2\/categories?post=3048"},{"taxonomy":"post_tag","embeddable":true,"href":"https:\/\/agora.xtec.cat\/iesjulioantonio\/wp-json\/wp\/v2\/tags?post=3048"}],"curies":[{"name":"wp","href":"https:\/\/api.w.org\/{rel}","templated":true}]}}