{"id":1965,"date":"2019-07-25T11:54:07","date_gmt":"2019-07-25T09:54:07","guid":{"rendered":"http:\/\/iesjulioantonio.cat\/?p=1965"},"modified":"2019-07-26T13:25:03","modified_gmt":"2019-07-26T11:25:03","slug":"matricula-cicle-formatiu-grau-superior","status":"publish","type":"post","link":"https:\/\/agora.xtec.cat\/iesjulioantonio\/sin-categoria\/matricula-cicle-formatiu-grau-superior\/","title":{"rendered":"Matr\u00edcula Cicles Formatius de Grau Superior"},"content":{"rendered":"<p>Horari de matr\u00edcula<strong>: de 10 a 14 h.<\/strong><\/p>\n<p>Per\u00edode de matr\u00edcula alumnes admesos:<strong> del 18 al 23 de juliol de 201<u>9<\/u><\/strong><strong><u><br \/>\n<\/u><\/strong><\/p>\n<p><strong>Preu:<\/strong><\/p>\n<ul>\n<li>Curs complet: <strong>360 euros<\/strong><\/li>\n<li>Preu matr\u00edcula mat\u00e8ries soltes: <strong>25 euros per unitat formativa<\/strong><\/li>\n<li>Curs complet amb bonificaci\u00f3 50%: <strong>180 euros<\/strong><\/li>\n<li>Preu matr\u00edcula mat\u00e8ries soltes amb bonificaci\u00f3: <strong>12\u201950 euros per unitat formativa<\/strong><\/li>\n<\/ul>\n<p>Quan, aplicant els preus per mat\u00e8ries soltes, resulti un import superior al preu aplicable per matr\u00edcula completa en el mateix curs en el que es matr\u00edcula, l\u2019alumne podr\u00e0 acollir-se a l\u2019import per curs complet.<u>\u00a0<\/u><\/p>\n<p><strong>Sup\u00f2sits de bonificaci\u00f3 (50%):<\/strong><\/p>\n<ol>\n<li>Les persones membres de fam\u00edlies nombroses classificades en la categoria general i les persones membres de fam\u00edlies monopoarentals (cataegoria general i especial). <strong>S\u2019acreditar\u00e0 documentalment amb el t\u00edtol corresponent.<\/strong><\/li>\n<li>Les persones que en el curs acad\u00e8mic immediatament anterior han obtingut una beca o ajut a l\u2019estudi del Ministeri d\u2019Educaci\u00f3, Cultura i Esport. <strong>S\u2019acreditar\u00e0 documentalment aquest sup\u00f2sit amb la resoluci\u00f3 individual d\u2019atorgament de beca o resguard de l\u2019ingr\u00e9s de la beca.<\/strong><\/li>\n<li>Les persones no incloses en l\u2019apartat anterior, per\u00f2 que demanin una beca o ajut a l\u2019estudi del Ministeri d\u2019Educaci\u00f3, Cultura i Esport, per al mateix curs acad\u00e8mic en qu\u00e8 es matriculen, <strong>podran sol\u00b7licitar, un cop obtingut l\u2019atorgament de la beca el reintegrament del 50 % de l\u2019import <\/strong>que hagin abonat. S\u2019acreditar\u00e0 amb la resoluci\u00f3 que li reconeix la beca. El reintegrament es far\u00e0 efectiu no m\u00e9s tard del 31 de juliol de 2019.<strong>\u00a0<\/strong><\/li>\n<\/ol>\n<p><strong>Les bonificacions no s\u00f3n acumulables.<\/strong><\/p>\n<p><strong>Sup\u00f2sits d&#8217;exempci\u00f3 total del preu p\u00fablic (quedaran exemptes de pagar):<\/strong><\/p>\n<ol>\n<li>Les persones membres de fam\u00edlies nombroses classificades en la categoria especial. <strong>S\u2019acreditar\u00e0 amb el t\u00edtol de fam\u00edlia nombrosa.<\/strong><\/li>\n<li>Les persones que posseeixin la declaraci\u00f3 legal de minusvalidesa en un grau igual o superior al 33%. <strong>S\u2019acreditar\u00e0 amb el certificat de la minusvalidesa<\/strong>.<\/li>\n<li>Les persones subjectes a mesures privades de llibertat. <strong>S\u2019acreditar\u00e0 amb un certificat de l\u2019administraci\u00f3 corresponent.<\/strong><\/li>\n<li>Les v\u00edctimes d\u2019actes terroristes, els seus c\u00f2njuges i els seus fills i filles. <strong>S\u2019acreditar\u00e0 amb un certificat de l\u2019administraci\u00f3 corresponent.<\/strong><\/li>\n<li>Les persones membres d\u2019unitats familiars que percebin la renda m\u00ednima d\u2019inserci\u00f3. <strong>S\u2019acreditar\u00e0 amb un certificat de l\u2019administraci\u00f3<\/strong><\/li>\n<li>Les persones v\u00edctimes de viol\u00e8ncia de g\u00e8nere. <strong>En la Secretaria del centre us indicaran amb quin document ho podeu d\u2019acreditar.<\/strong><strong><u>\u00a0<\/u><\/strong><\/li>\n<\/ol>\n<p><strong>Tramitaci\u00f3 del pagamanet de la matr\u00edcula:<\/strong><\/p>\n<ol>\n<li>Comproveu si \u00e9s aplicable algun dels sup\u00f2sits de bonificaci\u00f3 o exempci\u00f3 i prepareu els documents justificatius (ORIGINAL I FOTOC\u00d2PIA)<\/li>\n<li>Calculeu l\u2019import a ingressar, tenint en compte que no es poden acumular dues bonificacions.<\/li>\n<li>Aboneu l\u2019import a ingressar en el n\u00famero compte corrent seg\u00fcent:<\/li>\n<\/ol>\n<p><strong>ES57 2100 3506 7422 0005 6299<\/strong><\/p>\n<p>Al fer l\u2019ingr\u00e9s anoteu el nom del Cicles Formatiu (<strong>Educaci\u00f3 Infantil o Animaci\u00f3 Sociocultural i turisme) i<\/strong> <strong>nom i cognoms de l\u2019alumne\/a. <\/strong>Es molt important que especifiqueu \u00a0aquestes dades per identificar l\u2019ingr\u00e9s de la matr\u00edcula.<\/p>\n<ol start=\"4\">\n<li>Porteu a Secretaria el comprovant d\u2019haver abonat l\u2019import de la matr\u00edcula en el compte corrent, el full de matr\u00edcula complimentat i signat i la resta de documentaci\u00f3 sol\u00b7licitada pel centre.<\/li>\n<li>Si l\u2019alumne demana el fraccionament del pagament en dues parts iguals a ingressar en els mesos de juliol i setembre, abonar\u00e0 el 50% de l\u2019import en el per\u00edode de matricula del mes de juliol. En cas que no es faci el pagament en els terminis indicats, es perd el dret a la reserva de la pla\u00e7a. L\u2019alumne que no ingressi l\u2019import corresponent al segon termini al setembre, ser\u00e0 donat de baixa d\u2019ofici, i no se li retornar\u00e0 l\u2019import que hagu\u00e9s ingressat en el primer termini.<strong><u>\u00a0<\/u><\/strong><\/li>\n<\/ol>\n<p><strong>Tractament de les convalidacions i exempcions:<\/strong><\/p>\n<p>L\u2019alumne ha de satisfer l\u2019import corresponent, b\u00e9 per la matr\u00edcula per curs, o b\u00e9 per matr\u00edcula en les unitats formatives si fa matr\u00edcula parcial. Un cop matriculat es poden aplicar les convalidacions i exempcions. No es retornar\u00e0 l\u2019import si, despr\u00e9s d\u2019haver ingressat l\u2019import de la matr\u00edcula, s\u2019obt\u00e9 la convalidaci\u00f3 o exempci\u00f3.<\/p>\n<p>L\u2019alumne pot optar per matricular-se, en un cicle, dels continguts que ell personalment preveu que no se li convalidaran, i per tant, pagar nom\u00e9s per aquests continguts (aquesta opci\u00f3 implica que en cas que no se li convalidin no podr\u00e0 matricular-se d\u2019aquests continguts per al curs 2018\/2019; al llarg del curs pot sol\u00b7licitar les convalidacions o exempcions de les unitats formatives del mateix cicle formatiu de les que no est\u00e0 matriculat)<\/p>\n<p>La tramitaci\u00f3 de convalidacions o exempcions no est\u00e0 subjecta a preu p\u00fablic.<strong><u>\u00a0<\/u><\/strong><\/p>\n<p><strong>Alumnat nou al centre (alumnat que el curs passat no era alumne\/a del centre):<\/strong><\/p>\n<p><strong>Juntament amb el comprovant d&#8217;haver abonar l&#8217;import de matr\u00edcula heu de portar:<\/strong><\/p>\n<ul>\n<li>Resguard de preinscripci\u00f3<\/li>\n<li>Fotoc\u00f2pia DNI<\/li>\n<li>Documentaci\u00f3 que acredita el compliment dels <strong>requisits d&#8217;acc\u00e9s<\/strong>.\u00a0Els alumnes que els compleixen per\u00f2 que per causes justificades no poden presentar\u00a0la documentaci\u00f3, es matriculen condicionalment (la matr\u00edcula s&#8217;anul\u00b7la si, abans de l&#8217;inici del curs, no presenten la documentaci\u00f3 pendent).<\/li>\n<li>1,12 \u20ac, portar import exacte, en concepte d&#8217;asseguran\u00e7a escolar obligat\u00f2ria (nom\u00e9s els menors de 28 anys<\/li>\n<li>Fitxa de matr\u00edcula complimentada i signada<\/li>\n<li><a href=\"https:\/\/agora.xtec.cat\/iesjulioantonio\/wp-content\/uploads\/usu942\/2019\/07\/Butlleta-inscripci\u00f3-a-lAMPA.pdf\">Butlleta d&#8217;inscripci\u00f3 a l&#8217;AMPA<\/a><\/li>\n<li>Impr\u00e8s d&#8217;autoritzaci\u00f3 relativa als alumnes complimentat i signat (triar el de menor d\u2019edat o major d\u2019edat, segons alumne sigui menor o major d\u2019edat):\n<ul>\n<li><a href=\"https:\/\/agora.xtec.cat\/iesjulioantonio\/wp-content\/uploads\/usu942\/2019\/07\/Impr\u00e9s-autoritzaci\u00f3-relativa-als-alumnes-majors-dedat.doc\">Impr\u00e9s autoritzaci\u00f3 relativa als alumnes (majors d&#8217;edat)<\/a><\/li>\n<li><a href=\"https:\/\/agora.xtec.cat\/iesjulioantonio\/wp-content\/uploads\/usu942\/2019\/07\/Impr\u00e9s-autoritzaci\u00f3-relativa-als-alumnes-menor-dedat.doc\">Impr\u00e9s autoritzaci\u00f3 relativa als alumnes (menor d&#8217;edat)<\/a><\/li>\n<\/ul>\n<\/li>\n<\/ul>\n","protected":false},"excerpt":{"rendered":"<p>Horari de matr\u00edcula: de 10 a 14 h. Per\u00edode de matr\u00edcula alumnes admesos: del 18 al 23 de juliol de 2019 Preu: Curs complet: 360 euros Preu matr\u00edcula mat\u00e8ries soltes: 25 euros per unitat formativa Curs complet amb bonificaci\u00f3 50%: 180 euros Preu matr\u00edcula mat\u00e8ries soltes amb bonificaci\u00f3: 12\u201950 euros per unitat formativa Quan, aplicant [&hellip;]<\/p>\n","protected":false},"author":1,"featured_media":0,"comment_status":"closed","ping_status":"closed","sticky":false,"template":"","format":"standard","meta":{"_bbp_topic_count":0,"_bbp_reply_count":0,"_bbp_total_topic_count":0,"_bbp_total_reply_count":0,"_bbp_voice_count":0,"_bbp_anonymous_reply_count":0,"_bbp_topic_count_hidden":0,"_bbp_reply_count_hidden":0,"_bbp_forum_subforum_count":0,"site-sidebar-layout":"default","site-content-layout":"","ast-site-content-layout":"","site-content-style":"default","site-sidebar-style":"default","ast-global-header-display":"","ast-banner-title-visibility":"","ast-main-header-display":"","ast-hfb-above-header-display":"","ast-hfb-below-header-display":"","ast-hfb-mobile-header-display":"","site-post-title":"","ast-breadcrumbs-content":"","ast-featured-img":"","footer-sml-layout":"","theme-transparent-header-meta":"","adv-header-id-meta":"","stick-header-meta":"","header-above-stick-meta":"","header-main-stick-meta":"","header-below-stick-meta":"","astra-migrate-meta-layouts":"default","ast-page-background-enabled":"default","ast-page-background-meta":{"desktop":{"background-color":"var(--ast-global-color-4)","background-image":"","background-repeat":"repeat","background-position":"center center","background-size":"auto","background-attachment":"scroll","background-type":"","background-media":"","overlay-type":"","overlay-color":"","overlay-opacity":"","overlay-gradient":""},"tablet":{"background-color":"","background-image":"","background-repeat":"repeat","background-position":"center center","background-size":"auto","background-attachment":"scroll","background-type":"","background-media":"","overlay-type":"","overlay-color":"","overlay-opacity":"","overlay-gradient":""},"mobile":{"background-color":"","background-image":"","background-repeat":"repeat","background-position":"center center","background-size":"auto","background-attachment":"scroll","background-type":"","background-media":"","overlay-type":"","overlay-color":"","overlay-opacity":"","overlay-gradient":""}},"ast-content-background-meta":{"desktop":{"background-color":"var(--ast-global-color-5)","background-image":"","background-repeat":"repeat","background-position":"center center","background-size":"auto","background-attachment":"scroll","background-type":"","background-media":"","overlay-type":"","overlay-color":"","overlay-opacity":"","overlay-gradient":""},"tablet":{"background-color":"var(--ast-global-color-5)","background-image":"","background-repeat":"repeat","background-position":"center center","background-size":"auto","background-attachment":"scroll","background-type":"","background-media":"","overlay-type":"","overlay-color":"","overlay-opacity":"","overlay-gradient":""},"mobile":{"background-color":"var(--ast-global-color-5)","background-image":"","background-repeat":"repeat","background-position":"center center","background-size":"auto","background-attachment":"scroll","background-type":"","background-media":"","overlay-type":"","overlay-color":"","overlay-opacity":"","overlay-gradient":""}},"footnotes":""},"categories":[112],"tags":[],"class_list":["post-1965","post","type-post","status-publish","format-standard","hentry","category-sin-categoria"],"post_mailing_queue_ids":[],"_links":{"self":[{"href":"https:\/\/agora.xtec.cat\/iesjulioantonio\/wp-json\/wp\/v2\/posts\/1965","targetHints":{"allow":["GET"]}}],"collection":[{"href":"https:\/\/agora.xtec.cat\/iesjulioantonio\/wp-json\/wp\/v2\/posts"}],"about":[{"href":"https:\/\/agora.xtec.cat\/iesjulioantonio\/wp-json\/wp\/v2\/types\/post"}],"author":[{"embeddable":true,"href":"https:\/\/agora.xtec.cat\/iesjulioantonio\/wp-json\/wp\/v2\/users\/1"}],"replies":[{"embeddable":true,"href":"https:\/\/agora.xtec.cat\/iesjulioantonio\/wp-json\/wp\/v2\/comments?post=1965"}],"version-history":[{"count":3,"href":"https:\/\/agora.xtec.cat\/iesjulioantonio\/wp-json\/wp\/v2\/posts\/1965\/revisions"}],"predecessor-version":[{"id":2985,"href":"https:\/\/agora.xtec.cat\/iesjulioantonio\/wp-json\/wp\/v2\/posts\/1965\/revisions\/2985"}],"wp:attachment":[{"href":"https:\/\/agora.xtec.cat\/iesjulioantonio\/wp-json\/wp\/v2\/media?parent=1965"}],"wp:term":[{"taxonomy":"category","embeddable":true,"href":"https:\/\/agora.xtec.cat\/iesjulioantonio\/wp-json\/wp\/v2\/categories?post=1965"},{"taxonomy":"post_tag","embeddable":true,"href":"https:\/\/agora.xtec.cat\/iesjulioantonio\/wp-json\/wp\/v2\/tags?post=1965"}],"curies":[{"name":"wp","href":"https:\/\/api.w.org\/{rel}","templated":true}]}}