{"id":853,"date":"2025-01-14T14:02:31","date_gmt":"2025-01-14T13:02:31","guid":{"rendered":"https:\/\/agora.xtec.cat\/iesjplafarreras\/?p=853"},"modified":"2025-02-04T10:18:09","modified_gmt":"2025-02-04T09:18:09","slug":"portes-obertes-eso-2025","status":"publish","type":"post","link":"https:\/\/agora.xtec.cat\/iesjplafarreras\/portada\/portes-obertes-eso-2025\/","title":{"rendered":"Portes Obertes ESO 2025"},"content":{"rendered":"<p><a href=\"https:\/\/agora.xtec.cat\/iesjplafarreras\/wp-content\/uploads\/usu2960\/2025\/01\/PortesObertesESO.jpg\"><img loading=\"lazy\" decoding=\"async\" class=\"aligncenter size-full wp-image-877\" src=\"https:\/\/agora.xtec.cat\/iesjplafarreras\/wp-content\/uploads\/usu2960\/2025\/01\/PortesObertesESO.jpg\" alt=\"\" width=\"1175\" height=\"198\" srcset=\"https:\/\/agora.xtec.cat\/iesjplafarreras\/wp-content\/uploads\/usu2960\/2025\/01\/PortesObertesESO.jpg 1175w, https:\/\/agora.xtec.cat\/iesjplafarreras\/wp-content\/uploads\/usu2960\/2025\/01\/PortesObertesESO-300x51.jpg 300w, https:\/\/agora.xtec.cat\/iesjplafarreras\/wp-content\/uploads\/usu2960\/2025\/01\/PortesObertesESO-1024x173.jpg 1024w, https:\/\/agora.xtec.cat\/iesjplafarreras\/wp-content\/uploads\/usu2960\/2025\/01\/PortesObertesESO-768x129.jpg 768w\" sizes=\"auto, (max-width: 1175px) 100vw, 1175px\" \/><\/a><\/p>\n<p style=\"text-align: center;\">La jornada de portes obertes per als futurs alumnes d&#8217;ESO es realitzar\u00e0 el <strong>dimecres 26 de febrer<\/strong>, a la tarda, en tres torns: 17, 18 i 19:00 h.<\/p>\n<p style=\"text-align: center;\">La visita tindr\u00e0 una durada aproximada d&#8217;una hora. Comen\u00e7a amb una breu explicaci\u00f3 del centre i aclariments sobre el proc\u00e9s de preinscripci\u00f3, i acaba amb un recorregut per les instal\u00b7lacions del centre acompanyats per docents i alumnes de 1r d&#8217;ESO.<\/p>\n<p style=\"text-align: center;\">Per una q\u00fcesti\u00f3 d&#8217;aforament, <strong>\u00e9s necessari la inscripci\u00f3 pr\u00e8via<\/strong> a trav\u00e9s d&#8217;aquest <strong><a href=\"https:\/\/docs.google.com\/forms\/d\/e\/1FAIpQLSfpD1CXo8Mhxtl9bU_d44wh-C2B8P7d16gEka0HI8Zf5xr1ig\/viewform?usp=dialog\" target=\"_blank\" rel=\"noopener\">formulari<\/a><\/strong>.<\/p>\n<p style=\"text-align: center;\">Podeu consultar m\u00e9s informaci\u00f3 sobre el nostre centre i el proc\u00e9s d&#8217;inscripci\u00f3 <a href=\"https:\/\/sites.google.com\/plafarreras.cat\/preinscripcio-eso-25-26\/portes-obertes\" target=\"_blank\" rel=\"noopener\">aqu\u00ed<\/a>.<\/p>\n","protected":false},"excerpt":{"rendered":"<p><a href=\"https:\/\/agora.xtec.cat\/iesjplafarreras\/wp-content\/uploads\/usu2960\/2025\/01\/PortesObertesESO.jpg\"><\/a><br \/>\nLa jornada de portes obertes per als futurs alumnes d&#8217;ESO es realitzar\u00e0 el dimecres 26 de febrer, a la tarda, en tres torns: 17, 18 i 19:00 h.<br \/>\nLa visita tindr\u00e0 una durada aproximada d&#8217;una hora. Comen\u00e7a amb una breu explicaci\u00f3 del centre i aclariments&hellip;  <a href=\"https:\/\/agora.xtec.cat\/iesjplafarreras\/portada\/portes-obertes-eso-2025\/\" title=\"Read Portes Obertes ESO 2025\">Llegeix m\u00e9s\u00bb<\/a><\/p>\n","protected":false},"author":5,"featured_media":877,"comment_status":"closed","ping_status":"closed","sticky":false,"template":"","format":"standard","meta":{"_bbp_topic_count":0,"_bbp_reply_count":0,"_bbp_total_topic_count":0,"_bbp_total_reply_count":0,"_bbp_voice_count":0,"_bbp_anonymous_reply_count":0,"_bbp_topic_count_hidden":0,"_bbp_reply_count_hidden":0,"_bbp_forum_subforum_count":0,"footnotes":""},"categories":[29],"tags":[],"class_list":["post-853","post","type-post","status-publish","format-standard","has-post-thumbnail","hentry","category-portada"],"post_mailing_queue_ids":[],"_links":{"self":[{"href":"https:\/\/agora.xtec.cat\/iesjplafarreras\/wp-json\/wp\/v2\/posts\/853","targetHints":{"allow":["GET"]}}],"collection":[{"href":"https:\/\/agora.xtec.cat\/iesjplafarreras\/wp-json\/wp\/v2\/posts"}],"about":[{"href":"https:\/\/agora.xtec.cat\/iesjplafarreras\/wp-json\/wp\/v2\/types\/post"}],"author":[{"embeddable":true,"href":"https:\/\/agora.xtec.cat\/iesjplafarreras\/wp-json\/wp\/v2\/users\/5"}],"replies":[{"embeddable":true,"href":"https:\/\/agora.xtec.cat\/iesjplafarreras\/wp-json\/wp\/v2\/comments?post=853"}],"version-history":[{"count":6,"href":"https:\/\/agora.xtec.cat\/iesjplafarreras\/wp-json\/wp\/v2\/posts\/853\/revisions"}],"predecessor-version":[{"id":887,"href":"https:\/\/agora.xtec.cat\/iesjplafarreras\/wp-json\/wp\/v2\/posts\/853\/revisions\/887"}],"wp:featuredmedia":[{"embeddable":true,"href":"https:\/\/agora.xtec.cat\/iesjplafarreras\/wp-json\/wp\/v2\/media\/877"}],"wp:attachment":[{"href":"https:\/\/agora.xtec.cat\/iesjplafarreras\/wp-json\/wp\/v2\/media?parent=853"}],"wp:term":[{"taxonomy":"category","embeddable":true,"href":"https:\/\/agora.xtec.cat\/iesjplafarreras\/wp-json\/wp\/v2\/categories?post=853"},{"taxonomy":"post_tag","embeddable":true,"href":"https:\/\/agora.xtec.cat\/iesjplafarreras\/wp-json\/wp\/v2\/tags?post=853"}],"curies":[{"name":"wp","href":"https:\/\/api.w.org\/{rel}","templated":true}]}}