{"id":1054,"date":"2026-02-23T17:22:27","date_gmt":"2026-02-23T16:22:27","guid":{"rendered":"https:\/\/agora.xtec.cat\/iesjplafarreras\/?p=1054"},"modified":"2026-02-24T09:21:46","modified_gmt":"2026-02-24T08:21:46","slug":"portes-obertes-eso-2026","status":"publish","type":"post","link":"https:\/\/agora.xtec.cat\/iesjplafarreras\/portada\/portes-obertes-eso-2026\/","title":{"rendered":"Portes Obertes ESO 2026"},"content":{"rendered":"<p style=\"text-align: center;\"><a href=\"https:\/\/agora.xtec.cat\/iesjplafarreras\/wp-content\/uploads\/usu2960\/2025\/01\/PortesObertesESO2026.jpg\"><img loading=\"lazy\" decoding=\"async\" class=\"alignnone size-large wp-image-1104\" src=\"https:\/\/agora.xtec.cat\/iesjplafarreras\/wp-content\/uploads\/usu2960\/2025\/01\/PortesObertesESO2026-1024x173.jpg\" alt=\"\" width=\"1024\" height=\"173\" srcset=\"https:\/\/agora.xtec.cat\/iesjplafarreras\/wp-content\/uploads\/usu2960\/2025\/01\/PortesObertesESO2026-1024x173.jpg 1024w, https:\/\/agora.xtec.cat\/iesjplafarreras\/wp-content\/uploads\/usu2960\/2025\/01\/PortesObertesESO2026-300x51.jpg 300w, https:\/\/agora.xtec.cat\/iesjplafarreras\/wp-content\/uploads\/usu2960\/2025\/01\/PortesObertesESO2026-768x129.jpg 768w, https:\/\/agora.xtec.cat\/iesjplafarreras\/wp-content\/uploads\/usu2960\/2025\/01\/PortesObertesESO2026.jpg 1175w\" sizes=\"auto, (max-width: 1024px) 100vw, 1024px\" \/><\/a><\/p>\n<p>La jornada de portes obertes per als futurs alumnes d\u2019ESO es realitzar\u00e0 el\u00a0<strong>dimecres 25 de febrer<\/strong>, a la tarda, en tres torns: 17 h, 18 h i 19:00 h.<\/p>\n<p>La visita tindr\u00e0 una durada aproximada d\u2019una hora. Comen\u00e7a amb una breu explicaci\u00f3 del centre i aclariments sobre el proc\u00e9s de preinscripci\u00f3, i acaba amb un recorregut per les instal\u00b7lacions del centre acompanyats per docents i alumnes de 1r d\u2019ESO.<\/p>\n<p>Per una q\u00fcesti\u00f3 d\u2019aforament,\u00a0<strong>\u00e9s necessari la inscripci\u00f3 pr\u00e8via<\/strong>\u00a0 a trav\u00e9s d\u2019aquest <strong><a href=\"https:\/\/docs.google.com\/forms\/d\/e\/1FAIpQLSf1CjDcB4i3xwPilN7BOYj_YoN0nOmWPdIRhMgK9SZ4SL0U9w\/viewform?usp=header\" target=\"_blank\" rel=\"noopener\">formulari<\/a>.<\/strong><\/p>\n<p>Podeu consultar m\u00e9s informaci\u00f3 sobre el nostre centre i el proc\u00e9s d\u2019inscripci\u00f3<strong> <a href=\"https:\/\/sites.google.com\/plafarreras.cat\/preinscripcio-eso-26-27\/portes-obertes\" target=\"_blank\" rel=\"noopener\">aqu\u00ed<\/a>.\u00a0<\/strong><\/p>\n<p>&nbsp;<\/p>\n<p><!--a=1--><\/p>\n<p><!--a=1--><\/p>\n<p><!--a=1--><\/p>\n<p><!--a=1--><\/p>\n<p><!--a=1--><\/p>\n<p><!--a=1--><\/p>\n<p><!--a=1--><\/p>\n<p><!--a=1--><\/p>\n<p><!--a=1--><\/p>\n<p><!--a=1--><\/p>\n<p><!--a=1--><\/p>\n<p><!--a=1--><\/p>\n<p><!--a=1--><\/p>\n<p><!--a=1--><\/p>\n<p><!--a=1--><\/p>\n","protected":false},"excerpt":{"rendered":"<p><a href=\"https:\/\/agora.xtec.cat\/iesjplafarreras\/wp-content\/uploads\/usu2960\/2025\/01\/PortesObertesESO2026.jpg\"><\/a><br \/>\nLa jornada de portes obertes per als futurs alumnes d\u2019ESO es realitzar\u00e0 el\u00a0dimecres 25 de febrer, a la tarda, en tres torns: 17 h, 18 h i 19:00 h.<br \/>\nLa visita tindr\u00e0 una durada aproximada d\u2019una hora. Comen\u00e7a amb una breu explicaci\u00f3 del centre i&hellip;  <a href=\"https:\/\/agora.xtec.cat\/iesjplafarreras\/portada\/portes-obertes-eso-2026\/\" title=\"Read Portes Obertes ESO 2026\">Llegeix m\u00e9s\u00bb<\/a><\/p>\n","protected":false},"author":1,"featured_media":1104,"comment_status":"closed","ping_status":"closed","sticky":false,"template":"","format":"standard","meta":{"_bbp_topic_count":0,"_bbp_reply_count":0,"_bbp_total_topic_count":0,"_bbp_total_reply_count":0,"_bbp_voice_count":0,"_bbp_anonymous_reply_count":0,"_bbp_topic_count_hidden":0,"_bbp_reply_count_hidden":0,"_bbp_forum_subforum_count":0,"footnotes":""},"categories":[29],"tags":[],"class_list":["post-1054","post","type-post","status-publish","format-standard","has-post-thumbnail","hentry","category-portada"],"post_mailing_queue_ids":[],"_links":{"self":[{"href":"https:\/\/agora.xtec.cat\/iesjplafarreras\/wp-json\/wp\/v2\/posts\/1054","targetHints":{"allow":["GET"]}}],"collection":[{"href":"https:\/\/agora.xtec.cat\/iesjplafarreras\/wp-json\/wp\/v2\/posts"}],"about":[{"href":"https:\/\/agora.xtec.cat\/iesjplafarreras\/wp-json\/wp\/v2\/types\/post"}],"author":[{"embeddable":true,"href":"https:\/\/agora.xtec.cat\/iesjplafarreras\/wp-json\/wp\/v2\/users\/1"}],"replies":[{"embeddable":true,"href":"https:\/\/agora.xtec.cat\/iesjplafarreras\/wp-json\/wp\/v2\/comments?post=1054"}],"version-history":[{"count":7,"href":"https:\/\/agora.xtec.cat\/iesjplafarreras\/wp-json\/wp\/v2\/posts\/1054\/revisions"}],"predecessor-version":[{"id":1122,"href":"https:\/\/agora.xtec.cat\/iesjplafarreras\/wp-json\/wp\/v2\/posts\/1054\/revisions\/1122"}],"wp:featuredmedia":[{"embeddable":true,"href":"https:\/\/agora.xtec.cat\/iesjplafarreras\/wp-json\/wp\/v2\/media\/1104"}],"wp:attachment":[{"href":"https:\/\/agora.xtec.cat\/iesjplafarreras\/wp-json\/wp\/v2\/media?parent=1054"}],"wp:term":[{"taxonomy":"category","embeddable":true,"href":"https:\/\/agora.xtec.cat\/iesjplafarreras\/wp-json\/wp\/v2\/categories?post=1054"},{"taxonomy":"post_tag","embeddable":true,"href":"https:\/\/agora.xtec.cat\/iesjplafarreras\/wp-json\/wp\/v2\/tags?post=1054"}],"curies":[{"name":"wp","href":"https:\/\/api.w.org\/{rel}","templated":true}]}}