{"id":1241,"date":"2017-04-05T21:08:27","date_gmt":"2017-04-05T19:08:27","guid":{"rendered":"http:\/\/agora.xtec.cat\/iesjpla\/?p=1241"},"modified":"2017-04-05T21:14:08","modified_gmt":"2017-04-05T19:14:08","slug":"sortida-al-jardi-botanic-de-montjuic-de-1er-eso","status":"publish","type":"post","link":"https:\/\/agora.xtec.cat\/iesjpla\/eso\/sortida-al-jardi-botanic-de-montjuic-de-1er-eso\/","title":{"rendered":"Sortida al Jard\u00ed bot\u00e0nic de Montju\u00efc de 1er ESO"},"content":{"rendered":"<p><a href=\"http:\/\/agora.xtec.cat\/iesjpla\/wp-content\/uploads\/usu1249\/2017\/04\/IMG_0195-iloveimg-cropped2.jpg\"><img loading=\"lazy\" decoding=\"async\" class=\" wp-image-1277\" src=\"http:\/\/agora.xtec.cat\/iesjpla\/wp-content\/uploads\/usu1249\/2017\/04\/IMG_0195-iloveimg-cropped2-1024x588.jpg\" alt=\"Foto de 1erB ESO al Jard\u00ed bot\u00e0nic\" width=\"627\" height=\"360\" srcset=\"https:\/\/agora.xtec.cat\/iesjpla\/wp-content\/uploads\/usu1249\/2017\/04\/IMG_0195-iloveimg-cropped2-1024x588.jpg 1024w, https:\/\/agora.xtec.cat\/iesjpla\/wp-content\/uploads\/usu1249\/2017\/04\/IMG_0195-iloveimg-cropped2-300x172.jpg 300w, https:\/\/agora.xtec.cat\/iesjpla\/wp-content\/uploads\/usu1249\/2017\/04\/IMG_0195-iloveimg-cropped2-768x441.jpg 768w\" sizes=\"auto, (max-width: 627px) 100vw, 627px\" \/><\/a><\/p>\n<p style=\"text-align: justify;\">El dia 28 de mar\u00e7 d&#8217;enguany els alumnes de 1er ESO de ci\u00e8ncies naturals van realitzar una sortida al Jard\u00ed Bot\u00e0nic de Montju\u00efc de Barcelona. Va fer un dia espl\u00e8ndid de sol i vam gaudir for\u00e7a de l&#8217;activitat, sense cap incident.<\/p>\n<p style=\"text-align: justify;\">La sortida, que va ser d&#8217;un dia complert, va incloure diferents activitats:<\/p>\n<ol>\n<li style=\"text-align: justify;\">Taller de seducci\u00f3 vegetal, sobre mecanismes de flors i insectes per dur-se a terme la pol\u00b7linitzaci\u00f3. Va ser una activitat dirigida per monitors\/res del Jard\u00ed.<\/li>\n<li style=\"text-align: justify;\">\u00a0Una gimcana per equips, consistent en trobar fins a 14 diferents esp\u00e8cies vegetals per tot el jard\u00ed i fer-se una fotografia amb el r\u00e8tol de la planta.<\/li>\n<li style=\"text-align: justify;\">Realitzaci\u00f3 d&#8217;un esmorzar i dinar saludables, amb fruita, hortalisses, verdura, fruita seca, etc.<\/li>\n<li style=\"text-align: justify;\">Recerca de la placa dedicada a Pere Duran i Farell, que va ser el que va encoratjar a iniciar la construcci\u00f3 del Jard\u00ed.<\/li>\n<\/ol>\n","protected":false},"excerpt":{"rendered":"<p>El dia 28 de mar\u00e7 d&#8217;enguany els alumnes de 1er ESO de ci\u00e8ncies naturals van realitzar una sortida al Jard\u00ed Bot\u00e0nic de Montju\u00efc de Barcelona. Va fer un dia espl\u00e8ndid de sol i vam gaudir for\u00e7a de l&#8217;activitat, sense cap incident. La sortida, que va ser d&#8217;un dia complert, va incloure diferents activitats: Taller de [&hellip;]<\/p>\n","protected":false},"author":1,"featured_media":0,"comment_status":"open","ping_status":"open","sticky":false,"template":"","format":"standard","meta":{"_bbp_topic_count":0,"_bbp_reply_count":0,"_bbp_total_topic_count":0,"_bbp_total_reply_count":0,"_bbp_voice_count":0,"_bbp_anonymous_reply_count":0,"_bbp_topic_count_hidden":0,"_bbp_reply_count_hidden":0,"_bbp_forum_subforum_count":0,"site-sidebar-layout":"default","site-content-layout":"","ast-site-content-layout":"","site-content-style":"default","site-sidebar-style":"default","ast-global-header-display":"","ast-banner-title-visibility":"","ast-main-header-display":"","ast-hfb-above-header-display":"","ast-hfb-below-header-display":"","ast-hfb-mobile-header-display":"","site-post-title":"","ast-breadcrumbs-content":"","ast-featured-img":"","footer-sml-layout":"","theme-transparent-header-meta":"","adv-header-id-meta":"","stick-header-meta":"","header-above-stick-meta":"","header-main-stick-meta":"","header-below-stick-meta":"","astra-migrate-meta-layouts":"default","ast-page-background-enabled":"default","ast-page-background-meta":{"desktop":{"background-color":"var(--ast-global-color-4)","background-image":"","background-repeat":"repeat","background-position":"center center","background-size":"auto","background-attachment":"scroll","background-type":"","background-media":"","overlay-type":"","overlay-color":"","overlay-opacity":"","overlay-gradient":""},"tablet":{"background-color":"","background-image":"","background-repeat":"repeat","background-position":"center center","background-size":"auto","background-attachment":"scroll","background-type":"","background-media":"","overlay-type":"","overlay-color":"","overlay-opacity":"","overlay-gradient":""},"mobile":{"background-color":"","background-image":"","background-repeat":"repeat","background-position":"center center","background-size":"auto","background-attachment":"scroll","background-type":"","background-media":"","overlay-type":"","overlay-color":"","overlay-opacity":"","overlay-gradient":""}},"ast-content-background-meta":{"desktop":{"background-color":"var(--ast-global-color-5)","background-image":"","background-repeat":"repeat","background-position":"center center","background-size":"auto","background-attachment":"scroll","background-type":"","background-media":"","overlay-type":"","overlay-color":"","overlay-opacity":"","overlay-gradient":""},"tablet":{"background-color":"var(--ast-global-color-5)","background-image":"","background-repeat":"repeat","background-position":"center center","background-size":"auto","background-attachment":"scroll","background-type":"","background-media":"","overlay-type":"","overlay-color":"","overlay-opacity":"","overlay-gradient":""},"mobile":{"background-color":"var(--ast-global-color-5)","background-image":"","background-repeat":"repeat","background-position":"center center","background-size":"auto","background-attachment":"scroll","background-type":"","background-media":"","overlay-type":"","overlay-color":"","overlay-opacity":"","overlay-gradient":""}},"footnotes":""},"categories":[3,4,9,10,11,29],"tags":[125,45,39],"class_list":["post-1241","post","type-post","status-publish","format-standard","hentry","category-eso","category-eso-1","category-eso-1a","category-eso-1b","category-eso-1c","category-portada","tag-ciencies-naturals","tag-salut","tag-sortides"],"post_mailing_queue_ids":[],"_links":{"self":[{"href":"https:\/\/agora.xtec.cat\/iesjpla\/wp-json\/wp\/v2\/posts\/1241","targetHints":{"allow":["GET"]}}],"collection":[{"href":"https:\/\/agora.xtec.cat\/iesjpla\/wp-json\/wp\/v2\/posts"}],"about":[{"href":"https:\/\/agora.xtec.cat\/iesjpla\/wp-json\/wp\/v2\/types\/post"}],"author":[{"embeddable":true,"href":"https:\/\/agora.xtec.cat\/iesjpla\/wp-json\/wp\/v2\/users\/1"}],"replies":[{"embeddable":true,"href":"https:\/\/agora.xtec.cat\/iesjpla\/wp-json\/wp\/v2\/comments?post=1241"}],"version-history":[{"count":3,"href":"https:\/\/agora.xtec.cat\/iesjpla\/wp-json\/wp\/v2\/posts\/1241\/revisions"}],"predecessor-version":[{"id":1341,"href":"https:\/\/agora.xtec.cat\/iesjpla\/wp-json\/wp\/v2\/posts\/1241\/revisions\/1341"}],"wp:attachment":[{"href":"https:\/\/agora.xtec.cat\/iesjpla\/wp-json\/wp\/v2\/media?parent=1241"}],"wp:term":[{"taxonomy":"category","embeddable":true,"href":"https:\/\/agora.xtec.cat\/iesjpla\/wp-json\/wp\/v2\/categories?post=1241"},{"taxonomy":"post_tag","embeddable":true,"href":"https:\/\/agora.xtec.cat\/iesjpla\/wp-json\/wp\/v2\/tags?post=1241"}],"curies":[{"name":"wp","href":"https:\/\/api.w.org\/{rel}","templated":true}]}}