{"id":11664,"date":"2026-09-02T20:09:53","date_gmt":"2026-09-02T18:09:53","guid":{"rendered":"https:\/\/agora.xtec.cat\/iesjpla\/?p=11664"},"modified":"2026-09-02T20:09:54","modified_gmt":"2026-09-02T18:09:54","slug":"reunions-inici-de-curs","status":"publish","type":"post","link":"https:\/\/agora.xtec.cat\/iesjpla\/eso\/reunions-inici-de-curs\/","title":{"rendered":"Reunions inici de curs"},"content":{"rendered":"\n<p>La reuni\u00f3 d\u2019inici de curs amb les fam\u00edlies de 1r curs d\u2019ESO es celebrar\u00e0 el proper <strong>dijous 3 de setembre a les 17:30h de la tarda a la Biblioteca<\/strong> del nostre institut. All\u00e0 podreu parlar amb l\u2019equip directiu i l\u2019equip de docents per a traslladar qualsevol possible pregunta o dubte.<\/p>\n\n\n\n<p>La reuni\u00f3 de 2n d&#8217;ESO ser\u00e0 dilluns 5 d&#8217;octubre a les 17:30, mentre que la de 3r d&#8217;ESO ser\u00e0 dimarts 6 d&#8217;octubre, tamb\u00e9 a les 17:30. Dijous 8 d&#8217;octubre es celebrar\u00e0 la reuni\u00f3 de 4t d&#8217;ESO i dimarts 13 d&#8217;octubre les reunions de 1r de Batxillerat (17:30) i 2n de Batxillerat (18:30).<\/p>\n\n\n\n\n\n<figure class=\"wp-block-image size-large\"><a href=\"https:\/\/agora.xtec.cat\/iesjpla\/wp-content\/uploads\/usu1249\/2026\/09\/INICI-DE-CURS-25-26-1_page-0001.jpg\"><img loading=\"lazy\" decoding=\"async\" width=\"724\" height=\"1024\" src=\"https:\/\/agora.xtec.cat\/iesjpla\/wp-content\/uploads\/usu1249\/2026\/09\/INICI-DE-CURS-25-26-1_page-0001-724x1024.jpg\" alt=\"\" class=\"wp-image-11662\" srcset=\"https:\/\/agora.xtec.cat\/iesjpla\/wp-content\/uploads\/usu1249\/2026\/09\/INICI-DE-CURS-25-26-1_page-0001-724x1024.jpg 724w, https:\/\/agora.xtec.cat\/iesjpla\/wp-content\/uploads\/usu1249\/2026\/09\/INICI-DE-CURS-25-26-1_page-0001-212x300.jpg 212w, https:\/\/agora.xtec.cat\/iesjpla\/wp-content\/uploads\/usu1249\/2026\/09\/INICI-DE-CURS-25-26-1_page-0001-768x1086.jpg 768w, https:\/\/agora.xtec.cat\/iesjpla\/wp-content\/uploads\/usu1249\/2026\/09\/INICI-DE-CURS-25-26-1_page-0001-1086x1536.jpg 1086w, https:\/\/agora.xtec.cat\/iesjpla\/wp-content\/uploads\/usu1249\/2026\/09\/INICI-DE-CURS-25-26-1_page-0001.jpg 1241w\" sizes=\"auto, (max-width: 724px) 100vw, 724px\" \/><\/a><\/figure>\n","protected":false},"excerpt":{"rendered":"<p>La reuni\u00f3 d\u2019inici de curs amb les fam\u00edlies de 1r curs d\u2019ESO es celebrar\u00e0 el proper dijous 3 de setembre a les 17:30h de la tarda a la Biblioteca del nostre institut. All\u00e0 podreu parlar amb l\u2019equip directiu i l\u2019equip de docents per a traslladar qualsevol possible pregunta o dubte. La reuni\u00f3 de 2n d&#8217;ESO [&hellip;]<\/p>\n","protected":false},"author":151,"featured_media":11662,"comment_status":"closed","ping_status":"open","sticky":false,"template":"","format":"standard","meta":{"_bbp_topic_count":0,"_bbp_reply_count":0,"_bbp_total_topic_count":0,"_bbp_total_reply_count":0,"_bbp_voice_count":0,"_bbp_anonymous_reply_count":0,"_bbp_topic_count_hidden":0,"_bbp_reply_count_hidden":0,"_bbp_forum_subforum_count":0,"site-sidebar-layout":"default","site-content-layout":"","ast-site-content-layout":"default","site-content-style":"default","site-sidebar-style":"default","ast-global-header-display":"","ast-banner-title-visibility":"","ast-main-header-display":"","ast-hfb-above-header-display":"","ast-hfb-below-header-display":"","ast-hfb-mobile-header-display":"","site-post-title":"","ast-breadcrumbs-content":"","ast-featured-img":"","footer-sml-layout":"","theme-transparent-header-meta":"","adv-header-id-meta":"","stick-header-meta":"","header-above-stick-meta":"","header-main-stick-meta":"","header-below-stick-meta":"","astra-migrate-meta-layouts":"set","ast-page-background-enabled":"default","ast-page-background-meta":{"desktop":{"background-color":"var(--ast-global-color-4)","background-image":"","background-repeat":"repeat","background-position":"center center","background-size":"auto","background-attachment":"scroll","background-type":"","background-media":"","overlay-type":"","overlay-color":"","overlay-opacity":"","overlay-gradient":""},"tablet":{"background-color":"","background-image":"","background-repeat":"repeat","background-position":"center center","background-size":"auto","background-attachment":"scroll","background-type":"","background-media":"","overlay-type":"","overlay-color":"","overlay-opacity":"","overlay-gradient":""},"mobile":{"background-color":"","background-image":"","background-repeat":"repeat","background-position":"center center","background-size":"auto","background-attachment":"scroll","background-type":"","background-media":"","overlay-type":"","overlay-color":"","overlay-opacity":"","overlay-gradient":""}},"ast-content-background-meta":{"desktop":{"background-color":"var(--ast-global-color-5)","background-image":"","background-repeat":"repeat","background-position":"center center","background-size":"auto","background-attachment":"scroll","background-type":"","background-media":"","overlay-type":"","overlay-color":"","overlay-opacity":"","overlay-gradient":""},"tablet":{"background-color":"var(--ast-global-color-5)","background-image":"","background-repeat":"repeat","background-position":"center center","background-size":"auto","background-attachment":"scroll","background-type":"","background-media":"","overlay-type":"","overlay-color":"","overlay-opacity":"","overlay-gradient":""},"mobile":{"background-color":"var(--ast-global-color-5)","background-image":"","background-repeat":"repeat","background-position":"center center","background-size":"auto","background-attachment":"scroll","background-type":"","background-media":"","overlay-type":"","overlay-color":"","overlay-opacity":"","overlay-gradient":""}},"footnotes":""},"categories":[478,8,3,29],"tags":[532,158],"class_list":["post-11664","post","type-post","status-publish","format-standard","has-post-thumbnail","hentry","category-afa","category-batxillerat","category-eso","category-portada","tag-inici-curs","tag-reunions-families"],"post_mailing_queue_ids":[],"_links":{"self":[{"href":"https:\/\/agora.xtec.cat\/iesjpla\/wp-json\/wp\/v2\/posts\/11664","targetHints":{"allow":["GET"]}}],"collection":[{"href":"https:\/\/agora.xtec.cat\/iesjpla\/wp-json\/wp\/v2\/posts"}],"about":[{"href":"https:\/\/agora.xtec.cat\/iesjpla\/wp-json\/wp\/v2\/types\/post"}],"author":[{"embeddable":true,"href":"https:\/\/agora.xtec.cat\/iesjpla\/wp-json\/wp\/v2\/users\/151"}],"replies":[{"embeddable":true,"href":"https:\/\/agora.xtec.cat\/iesjpla\/wp-json\/wp\/v2\/comments?post=11664"}],"version-history":[{"count":1,"href":"https:\/\/agora.xtec.cat\/iesjpla\/wp-json\/wp\/v2\/posts\/11664\/revisions"}],"predecessor-version":[{"id":11665,"href":"https:\/\/agora.xtec.cat\/iesjpla\/wp-json\/wp\/v2\/posts\/11664\/revisions\/11665"}],"wp:featuredmedia":[{"embeddable":true,"href":"https:\/\/agora.xtec.cat\/iesjpla\/wp-json\/wp\/v2\/media\/11662"}],"wp:attachment":[{"href":"https:\/\/agora.xtec.cat\/iesjpla\/wp-json\/wp\/v2\/media?parent=11664"}],"wp:term":[{"taxonomy":"category","embeddable":true,"href":"https:\/\/agora.xtec.cat\/iesjpla\/wp-json\/wp\/v2\/categories?post=11664"},{"taxonomy":"post_tag","embeddable":true,"href":"https:\/\/agora.xtec.cat\/iesjpla\/wp-json\/wp\/v2\/tags?post=11664"}],"curies":[{"name":"wp","href":"https:\/\/api.w.org\/{rel}","templated":true}]}}