{"id":784,"date":"2016-02-08T21:12:15","date_gmt":"2016-02-08T20:12:15","guid":{"rendered":"http:\/\/agora.xtec.cat\/iesjoanot\/?p=784"},"modified":"2016-09-26T20:59:57","modified_gmt":"2016-09-26T19:59:57","slug":"correspondencia-entre-catalunya-i-normandia","status":"publish","type":"post","link":"https:\/\/agora.xtec.cat\/iesjoanot\/general\/correspondencia-entre-catalunya-i-normandia\/","title":{"rendered":"Correspond\u00e8ncia entre Catalunya i Normandia"},"content":{"rendered":"<p style=\"text-align: left;\"><a href=\"http:\/\/agora.xtec.cat\/iesjoanot\/wp-content\/uploads\/usu589\/2016\/02\/Sobre.jpg\"><img loading=\"lazy\" decoding=\"async\" class=\"aligncenter size-full wp-image-785\" src=\"http:\/\/agora.xtec.cat\/iesjoanot\/wp-content\/uploads\/usu589\/2016\/02\/Sobre.jpg\" alt=\"Sobre\" width=\"396\" height=\"396\" srcset=\"https:\/\/agora.xtec.cat\/iesjoanot\/wp-content\/uploads\/usu589\/2016\/02\/Sobre.jpg 396w, https:\/\/agora.xtec.cat\/iesjoanot\/wp-content\/uploads\/usu589\/2016\/02\/Sobre-150x150.jpg 150w, https:\/\/agora.xtec.cat\/iesjoanot\/wp-content\/uploads\/usu589\/2016\/02\/Sobre-300x300.jpg 300w\" sizes=\"auto, (max-width: 396px) 100vw, 396px\" \/><\/a>El proper mes de maig, una trentena d\u2019alumnes de Franc\u00e8s de 3r d\u2019ESO i 1r de Batxillerat faran un viatge a Normandia en el qual realitzaran tot un seguit d\u2019activitats ling\u00fc\u00edstiques i culturals.<!--more--><\/p>\n<p style=\"text-align: left;\">Est\u00e0 previst que durant els matins visitin altres instituts per tal de con\u00e8ixer altres joves amb els quals hauran estat escrivint-se durant alguns mesos. A hores d\u2019ara els nostres alumnes ja han rebut les primeres cartes i els primers correus! Aquests s\u00f3n, sense dubte, els primers passos del nostre viatge a aquesta regi\u00f3 del nord de Fran\u00e7a.<\/p>\n","protected":false},"excerpt":{"rendered":"<p>El proper mes de maig, una trentena d\u2019alumnes de Franc\u00e8s de 3r d\u2019ESO i 1r de Batxillerat faran un viatge a Normandia en el qual realitzaran tot un seguit d\u2019activitats ling\u00fc\u00edstiques i culturals.<\/p>\n","protected":false},"author":1,"featured_media":0,"comment_status":"open","ping_status":"open","sticky":false,"template":"","format":"standard","meta":{"_bbp_topic_count":0,"_bbp_reply_count":0,"_bbp_total_topic_count":0,"_bbp_total_reply_count":0,"_bbp_voice_count":0,"_bbp_anonymous_reply_count":0,"_bbp_topic_count_hidden":0,"_bbp_reply_count_hidden":0,"_bbp_forum_subforum_count":0,"site-sidebar-layout":"default","site-content-layout":"","ast-site-content-layout":"","site-content-style":"default","site-sidebar-style":"default","ast-global-header-display":"","ast-banner-title-visibility":"","ast-main-header-display":"","ast-hfb-above-header-display":"","ast-hfb-below-header-display":"","ast-hfb-mobile-header-display":"","site-post-title":"","ast-breadcrumbs-content":"","ast-featured-img":"","footer-sml-layout":"","theme-transparent-header-meta":"","adv-header-id-meta":"","stick-header-meta":"","header-above-stick-meta":"","header-main-stick-meta":"","header-below-stick-meta":"","astra-migrate-meta-layouts":"default","ast-page-background-enabled":"default","ast-page-background-meta":{"desktop":{"background-color":"var(--ast-global-color-4)","background-image":"","background-repeat":"repeat","background-position":"center center","background-size":"auto","background-attachment":"scroll","background-type":"","background-media":"","overlay-type":"","overlay-color":"","overlay-opacity":"","overlay-gradient":""},"tablet":{"background-color":"","background-image":"","background-repeat":"repeat","background-position":"center center","background-size":"auto","background-attachment":"scroll","background-type":"","background-media":"","overlay-type":"","overlay-color":"","overlay-opacity":"","overlay-gradient":""},"mobile":{"background-color":"","background-image":"","background-repeat":"repeat","background-position":"center center","background-size":"auto","background-attachment":"scroll","background-type":"","background-media":"","overlay-type":"","overlay-color":"","overlay-opacity":"","overlay-gradient":""}},"ast-content-background-meta":{"desktop":{"background-color":"var(--ast-global-color-5)","background-image":"","background-repeat":"repeat","background-position":"center center","background-size":"auto","background-attachment":"scroll","background-type":"","background-media":"","overlay-type":"","overlay-color":"","overlay-opacity":"","overlay-gradient":""},"tablet":{"background-color":"var(--ast-global-color-5)","background-image":"","background-repeat":"repeat","background-position":"center center","background-size":"auto","background-attachment":"scroll","background-type":"","background-media":"","overlay-type":"","overlay-color":"","overlay-opacity":"","overlay-gradient":""},"mobile":{"background-color":"var(--ast-global-color-5)","background-image":"","background-repeat":"repeat","background-position":"center center","background-size":"auto","background-attachment":"scroll","background-type":"","background-media":"","overlay-type":"","overlay-color":"","overlay-opacity":"","overlay-gradient":""}},"footnotes":""},"categories":[8,3,6,19,20,21,1,29],"tags":[67,143,133,107,108],"class_list":["post-784","post","type-post","status-publish","format-standard","hentry","category-batxillerat","category-eso","category-eso-3","category-eso-3a","category-eso-3b","category-eso-3c","category-general","category-portada","tag-frances","tag-gep","tag-llengues-estrangeres","tag-promocio-2011","tag-promocio-2013"],"post_mailing_queue_ids":[],"_links":{"self":[{"href":"https:\/\/agora.xtec.cat\/iesjoanot\/wp-json\/wp\/v2\/posts\/784","targetHints":{"allow":["GET"]}}],"collection":[{"href":"https:\/\/agora.xtec.cat\/iesjoanot\/wp-json\/wp\/v2\/posts"}],"about":[{"href":"https:\/\/agora.xtec.cat\/iesjoanot\/wp-json\/wp\/v2\/types\/post"}],"author":[{"embeddable":true,"href":"https:\/\/agora.xtec.cat\/iesjoanot\/wp-json\/wp\/v2\/users\/1"}],"replies":[{"embeddable":true,"href":"https:\/\/agora.xtec.cat\/iesjoanot\/wp-json\/wp\/v2\/comments?post=784"}],"version-history":[{"count":1,"href":"https:\/\/agora.xtec.cat\/iesjoanot\/wp-json\/wp\/v2\/posts\/784\/revisions"}],"predecessor-version":[{"id":786,"href":"https:\/\/agora.xtec.cat\/iesjoanot\/wp-json\/wp\/v2\/posts\/784\/revisions\/786"}],"wp:attachment":[{"href":"https:\/\/agora.xtec.cat\/iesjoanot\/wp-json\/wp\/v2\/media?parent=784"}],"wp:term":[{"taxonomy":"category","embeddable":true,"href":"https:\/\/agora.xtec.cat\/iesjoanot\/wp-json\/wp\/v2\/categories?post=784"},{"taxonomy":"post_tag","embeddable":true,"href":"https:\/\/agora.xtec.cat\/iesjoanot\/wp-json\/wp\/v2\/tags?post=784"}],"curies":[{"name":"wp","href":"https:\/\/api.w.org\/{rel}","templated":true}]}}