{"id":3934,"date":"2021-02-17T15:45:35","date_gmt":"2021-02-17T14:45:35","guid":{"rendered":"http:\/\/agora.xtec.cat\/iesjoanot\/?p=3934"},"modified":"2021-02-17T15:45:35","modified_gmt":"2021-02-17T14:45:35","slug":"ja-tenim-logotips-per-al-50e-aniversari-del-joanot","status":"publish","type":"post","link":"https:\/\/agora.xtec.cat\/iesjoanot\/general\/ja-tenim-logotips-per-al-50e-aniversari-del-joanot\/","title":{"rendered":"Ja Tenim Logotips per al 50\u00e8 Aniversari del Joanot!"},"content":{"rendered":"<p><img loading=\"lazy\" decoding=\"async\" class=\"alignleft size-full wp-image-3935\" src=\"https:\/\/agora.xtec.cat\/iesjoanot\/wp-content\/uploads\/usu589\/2021\/02\/Logotip-50-Anys-00-Mural.jpg\" alt=\"\" width=\"1808\" height=\"923\" srcset=\"https:\/\/agora.xtec.cat\/iesjoanot\/wp-content\/uploads\/usu589\/2021\/02\/Logotip-50-Anys-00-Mural.jpg 1808w, https:\/\/agora.xtec.cat\/iesjoanot\/wp-content\/uploads\/usu589\/2021\/02\/Logotip-50-Anys-00-Mural-300x153.jpg 300w, https:\/\/agora.xtec.cat\/iesjoanot\/wp-content\/uploads\/usu589\/2021\/02\/Logotip-50-Anys-00-Mural-768x392.jpg 768w, https:\/\/agora.xtec.cat\/iesjoanot\/wp-content\/uploads\/usu589\/2021\/02\/Logotip-50-Anys-00-Mural-1024x523.jpg 1024w\" sizes=\"auto, (max-width: 1808px) 100vw, 1808px\" \/><\/p>\n<p>El nostre institut ha fet anys: ja ha arribat a la cinquantena. L&#8217;alumnat de l&#8217;Optativa de ViP de 4t d&#8217;ESO ha creat tot un seguit de logotips molt treballats i molt divertits per tal de commemorar aquest 50\u00e8 aniversari del Joanot, i inaugurem aix\u00ed tot un seguit d&#8217;activitats per celebrar-ho.<\/p>\n<p>Quin us agrada m\u00e9s? En breu tindrem guanyador\/a del concurs de logotips i us n&#8217;anirem informant. Us animem a qu\u00e8 en hi feu una ullada i els gaudiu, els podeu veure penjats al primer pis.<!--more--><\/p>\n<div class=\"ast-oembed-container \" style=\"height: 100%;\"><iframe loading=\"lazy\" title=\"Logotips 50\u00e8 Aniversari Joanot\" width=\"500\" height=\"375\" src=\"https:\/\/www.youtube.com\/embed\/zNEChd50Xd4?feature=oembed\" frameborder=\"0\" allow=\"accelerometer; autoplay; clipboard-write; encrypted-media; gyroscope; picture-in-picture; web-share\" referrerpolicy=\"strict-origin-when-cross-origin\" allowfullscreen><\/iframe><\/div>\n","protected":false},"excerpt":{"rendered":"<p>El nostre institut ha fet anys: ja ha arribat a la cinquantena. L&#8217;alumnat de l&#8217;Optativa de ViP de 4t d&#8217;ESO ha creat tot un seguit de logotips molt treballats i molt divertits per tal de commemorar aquest 50\u00e8 aniversari del Joanot, i inaugurem aix\u00ed tot un seguit d&#8217;activitats per celebrar-ho. Quin us agrada m\u00e9s? En [&hellip;]<\/p>\n","protected":false},"author":1,"featured_media":3935,"comment_status":"open","ping_status":"closed","sticky":false,"template":"","format":"standard","meta":{"_bbp_topic_count":0,"_bbp_reply_count":0,"_bbp_total_topic_count":0,"_bbp_total_reply_count":0,"_bbp_voice_count":0,"_bbp_anonymous_reply_count":0,"_bbp_topic_count_hidden":0,"_bbp_reply_count_hidden":0,"_bbp_forum_subforum_count":0,"site-sidebar-layout":"default","site-content-layout":"","ast-site-content-layout":"","site-content-style":"default","site-sidebar-style":"default","ast-global-header-display":"","ast-banner-title-visibility":"","ast-main-header-display":"","ast-hfb-above-header-display":"","ast-hfb-below-header-display":"","ast-hfb-mobile-header-display":"","site-post-title":"","ast-breadcrumbs-content":"","ast-featured-img":"","footer-sml-layout":"","theme-transparent-header-meta":"","adv-header-id-meta":"","stick-header-meta":"","header-above-stick-meta":"","header-main-stick-meta":"","header-below-stick-meta":"","astra-migrate-meta-layouts":"default","ast-page-background-enabled":"default","ast-page-background-meta":{"desktop":{"background-color":"var(--ast-global-color-4)","background-image":"","background-repeat":"repeat","background-position":"center center","background-size":"auto","background-attachment":"scroll","background-type":"","background-media":"","overlay-type":"","overlay-color":"","overlay-opacity":"","overlay-gradient":""},"tablet":{"background-color":"","background-image":"","background-repeat":"repeat","background-position":"center center","background-size":"auto","background-attachment":"scroll","background-type":"","background-media":"","overlay-type":"","overlay-color":"","overlay-opacity":"","overlay-gradient":""},"mobile":{"background-color":"","background-image":"","background-repeat":"repeat","background-position":"center center","background-size":"auto","background-attachment":"scroll","background-type":"","background-media":"","overlay-type":"","overlay-color":"","overlay-opacity":"","overlay-gradient":""}},"ast-content-background-meta":{"desktop":{"background-color":"var(--ast-global-color-5)","background-image":"","background-repeat":"repeat","background-position":"center center","background-size":"auto","background-attachment":"scroll","background-type":"","background-media":"","overlay-type":"","overlay-color":"","overlay-opacity":"","overlay-gradient":""},"tablet":{"background-color":"var(--ast-global-color-5)","background-image":"","background-repeat":"repeat","background-position":"center center","background-size":"auto","background-attachment":"scroll","background-type":"","background-media":"","overlay-type":"","overlay-color":"","overlay-opacity":"","overlay-gradient":""},"mobile":{"background-color":"var(--ast-global-color-5)","background-image":"","background-repeat":"repeat","background-position":"center center","background-size":"auto","background-attachment":"scroll","background-type":"","background-media":"","overlay-type":"","overlay-color":"","overlay-opacity":"","overlay-gradient":""}},"footnotes":""},"categories":[3,1,29],"tags":[321,129,175,181],"class_list":["post-3934","post","type-post","status-publish","format-standard","has-post-thumbnail","hentry","category-eso","category-general","category-portada","tag-50e-aniversari","tag-concurs","tag-educacio-visual-i-plastica","tag-promocio-2017"],"post_mailing_queue_ids":[],"_links":{"self":[{"href":"https:\/\/agora.xtec.cat\/iesjoanot\/wp-json\/wp\/v2\/posts\/3934","targetHints":{"allow":["GET"]}}],"collection":[{"href":"https:\/\/agora.xtec.cat\/iesjoanot\/wp-json\/wp\/v2\/posts"}],"about":[{"href":"https:\/\/agora.xtec.cat\/iesjoanot\/wp-json\/wp\/v2\/types\/post"}],"author":[{"embeddable":true,"href":"https:\/\/agora.xtec.cat\/iesjoanot\/wp-json\/wp\/v2\/users\/1"}],"replies":[{"embeddable":true,"href":"https:\/\/agora.xtec.cat\/iesjoanot\/wp-json\/wp\/v2\/comments?post=3934"}],"version-history":[{"count":1,"href":"https:\/\/agora.xtec.cat\/iesjoanot\/wp-json\/wp\/v2\/posts\/3934\/revisions"}],"predecessor-version":[{"id":3937,"href":"https:\/\/agora.xtec.cat\/iesjoanot\/wp-json\/wp\/v2\/posts\/3934\/revisions\/3937"}],"wp:featuredmedia":[{"embeddable":true,"href":"https:\/\/agora.xtec.cat\/iesjoanot\/wp-json\/wp\/v2\/media\/3935"}],"wp:attachment":[{"href":"https:\/\/agora.xtec.cat\/iesjoanot\/wp-json\/wp\/v2\/media?parent=3934"}],"wp:term":[{"taxonomy":"category","embeddable":true,"href":"https:\/\/agora.xtec.cat\/iesjoanot\/wp-json\/wp\/v2\/categories?post=3934"},{"taxonomy":"post_tag","embeddable":true,"href":"https:\/\/agora.xtec.cat\/iesjoanot\/wp-json\/wp\/v2\/tags?post=3934"}],"curies":[{"name":"wp","href":"https:\/\/api.w.org\/{rel}","templated":true}]}}