{"id":2772,"date":"2019-03-25T16:52:57","date_gmt":"2019-03-25T15:52:57","guid":{"rendered":"http:\/\/agora.xtec.cat\/iesjoanot\/?p=2772"},"modified":"2019-03-25T16:53:35","modified_gmt":"2019-03-25T15:53:35","slug":"visita-al-centre-destudis-del-mar-de-sitges-3","status":"publish","type":"post","link":"https:\/\/agora.xtec.cat\/iesjoanot\/general\/visita-al-centre-destudis-del-mar-de-sitges-3\/","title":{"rendered":"Visita al Centre d&#8217;Estudis del Mar de Sitges"},"content":{"rendered":"<div class=\"ast-oembed-container \" style=\"height: 100%;\"><iframe loading=\"lazy\" title=\"Centre d&#039;Estudis del Mar - Sitges - 2019\" width=\"500\" height=\"375\" src=\"https:\/\/www.youtube.com\/embed\/fmHbQ-6NoN0?feature=oembed\" frameborder=\"0\" allow=\"accelerometer; autoplay; clipboard-write; encrypted-media; gyroscope; picture-in-picture; web-share\" referrerpolicy=\"strict-origin-when-cross-origin\" allowfullscreen><\/iframe><\/div>\n<p>L&#8217;alumnat de primer d\u2019ESO ha realitzat el taller \u201cLa vida marina\u201d al Centre d\u2019Estudis del Mar de Sitges (CEM).<\/p>\n<p>En aquesta sortida de descoberta del litoral han conegut els diferents organismes que viuen a la mar Mediterr\u00e0nia, com es distribueixen en aquest immens espai i la import\u00e0ncia que tenen dins el cicle de la vida. <!--more--><\/p>\n<p>Al passeig mar\u00edtim de Sitges, tot just davant del CEM, els han fet una introducci\u00f3 al m\u00f3n animal i vegetal del nostre litoral mediterrani, fent molt d\u2019\u00e8mfasi en la relaci\u00f3 dels humans amb l\u2019ecosistema mar\u00ed.<\/p>\n<p>Despr\u00e9s han anat a la platja, on han vist els organismes marins <em>in situ<\/em> i han agafat mostres, tant vegetals com animals.<\/p>\n<p>Al laboratori han classificat taxon\u00f2micament les mostres agafades i, finalment, han vist un audiovisual sobre els ecosistemes marins i la\u00a0<em>Posidonia oceanica<\/em>.<\/p>\n<p>A partir d\u2019aquest treball esperem que aprenguin a valorar les repercussions de l\u2019activitat humana sobre el mar i els seus organismes i sigui capa\u00e7 d\u2019actuar en conseq\u00fc\u00e8ncia dins les seves possibilitats.<\/p>\n<p>&nbsp;<\/p>\n","protected":false},"excerpt":{"rendered":"<p>L&#8217;alumnat de primer d\u2019ESO ha realitzat el taller \u201cLa vida marina\u201d al Centre d\u2019Estudis del Mar de Sitges (CEM). En aquesta sortida de descoberta del litoral han conegut els diferents organismes que viuen a la mar Mediterr\u00e0nia, com es distribueixen en aquest immens espai i la import\u00e0ncia que tenen dins el cicle de la vida.<\/p>\n","protected":false},"author":1,"featured_media":0,"comment_status":"open","ping_status":"closed","sticky":false,"template":"","format":"standard","meta":{"_bbp_topic_count":0,"_bbp_reply_count":0,"_bbp_total_topic_count":0,"_bbp_total_reply_count":0,"_bbp_voice_count":0,"_bbp_anonymous_reply_count":0,"_bbp_topic_count_hidden":0,"_bbp_reply_count_hidden":0,"_bbp_forum_subforum_count":0,"site-sidebar-layout":"default","site-content-layout":"","ast-site-content-layout":"","site-content-style":"default","site-sidebar-style":"default","ast-global-header-display":"","ast-banner-title-visibility":"","ast-main-header-display":"","ast-hfb-above-header-display":"","ast-hfb-below-header-display":"","ast-hfb-mobile-header-display":"","site-post-title":"","ast-breadcrumbs-content":"","ast-featured-img":"","footer-sml-layout":"","theme-transparent-header-meta":"","adv-header-id-meta":"","stick-header-meta":"","header-above-stick-meta":"","header-main-stick-meta":"","header-below-stick-meta":"","astra-migrate-meta-layouts":"default","ast-page-background-enabled":"default","ast-page-background-meta":{"desktop":{"background-color":"var(--ast-global-color-4)","background-image":"","background-repeat":"repeat","background-position":"center center","background-size":"auto","background-attachment":"scroll","background-type":"","background-media":"","overlay-type":"","overlay-color":"","overlay-opacity":"","overlay-gradient":""},"tablet":{"background-color":"","background-image":"","background-repeat":"repeat","background-position":"center center","background-size":"auto","background-attachment":"scroll","background-type":"","background-media":"","overlay-type":"","overlay-color":"","overlay-opacity":"","overlay-gradient":""},"mobile":{"background-color":"","background-image":"","background-repeat":"repeat","background-position":"center center","background-size":"auto","background-attachment":"scroll","background-type":"","background-media":"","overlay-type":"","overlay-color":"","overlay-opacity":"","overlay-gradient":""}},"ast-content-background-meta":{"desktop":{"background-color":"var(--ast-global-color-5)","background-image":"","background-repeat":"repeat","background-position":"center center","background-size":"auto","background-attachment":"scroll","background-type":"","background-media":"","overlay-type":"","overlay-color":"","overlay-opacity":"","overlay-gradient":""},"tablet":{"background-color":"var(--ast-global-color-5)","background-image":"","background-repeat":"repeat","background-position":"center center","background-size":"auto","background-attachment":"scroll","background-type":"","background-media":"","overlay-type":"","overlay-color":"","overlay-opacity":"","overlay-gradient":""},"mobile":{"background-color":"var(--ast-global-color-5)","background-image":"","background-repeat":"repeat","background-position":"center center","background-size":"auto","background-attachment":"scroll","background-type":"","background-media":"","overlay-type":"","overlay-color":"","overlay-opacity":"","overlay-gradient":""}},"footnotes":""},"categories":[3,4,1,29],"tags":[136,80,185,39],"class_list":["post-2772","post","type-post","status-publish","format-standard","hentry","category-eso","category-eso-1","category-general","category-portada","tag-biologia","tag-ciencies-naturals","tag-promocio-2018","tag-sortides"],"post_mailing_queue_ids":[],"_links":{"self":[{"href":"https:\/\/agora.xtec.cat\/iesjoanot\/wp-json\/wp\/v2\/posts\/2772","targetHints":{"allow":["GET"]}}],"collection":[{"href":"https:\/\/agora.xtec.cat\/iesjoanot\/wp-json\/wp\/v2\/posts"}],"about":[{"href":"https:\/\/agora.xtec.cat\/iesjoanot\/wp-json\/wp\/v2\/types\/post"}],"author":[{"embeddable":true,"href":"https:\/\/agora.xtec.cat\/iesjoanot\/wp-json\/wp\/v2\/users\/1"}],"replies":[{"embeddable":true,"href":"https:\/\/agora.xtec.cat\/iesjoanot\/wp-json\/wp\/v2\/comments?post=2772"}],"version-history":[{"count":1,"href":"https:\/\/agora.xtec.cat\/iesjoanot\/wp-json\/wp\/v2\/posts\/2772\/revisions"}],"predecessor-version":[{"id":2773,"href":"https:\/\/agora.xtec.cat\/iesjoanot\/wp-json\/wp\/v2\/posts\/2772\/revisions\/2773"}],"wp:attachment":[{"href":"https:\/\/agora.xtec.cat\/iesjoanot\/wp-json\/wp\/v2\/media?parent=2772"}],"wp:term":[{"taxonomy":"category","embeddable":true,"href":"https:\/\/agora.xtec.cat\/iesjoanot\/wp-json\/wp\/v2\/categories?post=2772"},{"taxonomy":"post_tag","embeddable":true,"href":"https:\/\/agora.xtec.cat\/iesjoanot\/wp-json\/wp\/v2\/tags?post=2772"}],"curies":[{"name":"wp","href":"https:\/\/api.w.org\/{rel}","templated":true}]}}