{"id":2194,"date":"2018-02-04T08:57:31","date_gmt":"2018-02-04T07:57:31","guid":{"rendered":"http:\/\/agora.xtec.cat\/iesjoanot\/?p=2194"},"modified":"2018-02-04T08:58:37","modified_gmt":"2018-02-04T07:58:37","slug":"sortirem-a-esplugues-tv-al-concurs-pica-lletres","status":"publish","type":"post","link":"https:\/\/agora.xtec.cat\/iesjoanot\/general\/sortirem-a-esplugues-tv-al-concurs-pica-lletres\/","title":{"rendered":"Sortirem a Esplugues TV, al Concurs <em>Pica lletres<\/em>!"},"content":{"rendered":"<p><img loading=\"lazy\" decoding=\"async\" class=\"aligncenter size-large wp-image-2196\" src=\"http:\/\/agora.xtec.cat\/iesjoanot\/wp-content\/uploads\/usu589\/2018\/02\/Picalletres-2-1024x768.jpg\" alt=\"\" width=\"1024\" height=\"768\" srcset=\"https:\/\/agora.xtec.cat\/iesjoanot\/wp-content\/uploads\/usu589\/2018\/02\/Picalletres-2.jpg 1024w, https:\/\/agora.xtec.cat\/iesjoanot\/wp-content\/uploads\/usu589\/2018\/02\/Picalletres-2-300x225.jpg 300w, https:\/\/agora.xtec.cat\/iesjoanot\/wp-content\/uploads\/usu589\/2018\/02\/Picalletres-2-768x576.jpg 768w, https:\/\/agora.xtec.cat\/iesjoanot\/wp-content\/uploads\/usu589\/2018\/02\/Picalletres-2-200x150.jpg 200w\" sizes=\"auto, (max-width: 1024px) 100vw, 1024px\" \/><\/p>\n<p>Un any m\u00e9s hem participat al Pica lletres, un concurs ling\u00fc\u00edstic en llengua catalana que consisteix en lletrejar paraules.<!--more--> Els objectius principals del concurs s\u00f3n entretenir, fomentar i promoure la lectura i l&#8217;\u00fas de la llengua catalana, tenint en compte tant el vessant escrit com l&#8217;oral. Saber lletrejar un mot correctament significa descobrir-ne cada part, llegir i escriure&#8217;l b\u00e9, con\u00e8ixer l&#8217;alfabet i la pron\u00fancia de la nostra llengua.<\/p>\n<p><img loading=\"lazy\" decoding=\"async\" class=\"aligncenter size-large wp-image-2195\" src=\"http:\/\/agora.xtec.cat\/iesjoanot\/wp-content\/uploads\/usu589\/2018\/02\/Picalletres-1-1024x766.jpg\" alt=\"\" width=\"1024\" height=\"766\" srcset=\"https:\/\/agora.xtec.cat\/iesjoanot\/wp-content\/uploads\/usu589\/2018\/02\/Picalletres-1-1024x766.jpg 1024w, https:\/\/agora.xtec.cat\/iesjoanot\/wp-content\/uploads\/usu589\/2018\/02\/Picalletres-1-300x224.jpg 300w, https:\/\/agora.xtec.cat\/iesjoanot\/wp-content\/uploads\/usu589\/2018\/02\/Picalletres-1-768x575.jpg 768w, https:\/\/agora.xtec.cat\/iesjoanot\/wp-content\/uploads\/usu589\/2018\/02\/Picalletres-1-200x150.jpg 200w, https:\/\/agora.xtec.cat\/iesjoanot\/wp-content\/uploads\/usu589\/2018\/02\/Picalletres-1.jpg 1025w\" sizes=\"auto, (max-width: 1024px) 100vw, 1024px\" \/><\/p>\n<p>Aquest dimecres 31 de gener, els alumnes de 3r d\u2019ESO han assistit a la gravaci\u00f3 del programa televisiu <em>Pica lletres<\/em> que emetr\u00e0 Esplugues TV. Des d\u2019aqu\u00ed volem agrair especialment la participaci\u00f3 dels 6 concursants: <strong>Ferran Morera, Carla Morgado, Wijdane Choulli, J\u00falia Dalmau, Marta L\u00f3pez <\/strong>i<strong> Nayara Perdiguer<\/strong>.<\/p>\n<p><img loading=\"lazy\" decoding=\"async\" class=\"aligncenter size-large wp-image-2197\" src=\"http:\/\/agora.xtec.cat\/iesjoanot\/wp-content\/uploads\/usu589\/2018\/02\/Picalletres-3-1024x768.jpg\" alt=\"\" width=\"1024\" height=\"768\" srcset=\"https:\/\/agora.xtec.cat\/iesjoanot\/wp-content\/uploads\/usu589\/2018\/02\/Picalletres-3.jpg 1024w, https:\/\/agora.xtec.cat\/iesjoanot\/wp-content\/uploads\/usu589\/2018\/02\/Picalletres-3-300x225.jpg 300w, https:\/\/agora.xtec.cat\/iesjoanot\/wp-content\/uploads\/usu589\/2018\/02\/Picalletres-3-768x576.jpg 768w, https:\/\/agora.xtec.cat\/iesjoanot\/wp-content\/uploads\/usu589\/2018\/02\/Picalletres-3-200x150.jpg 200w\" sizes=\"auto, (max-width: 1024px) 100vw, 1024px\" \/><\/p>\n<p>Tot i els nervis viscuts per estar davant d\u2019una c\u00e0mera, els 6 concursants han fet molt bon paper eliminant els seus contrincants. La bona not\u00edcia ha estat quan ens han comunicat que un dels grups (la Marta, la J\u00falia i la Wijdane) s\u2019havia classificat al Pica R\u00e0nquing i havia de disputar les semifinals de zona. Aquesta vegada no hi ha hagut tanta sort, per\u00f2 tot i aix\u00ed estem molt i molt satisfets de la nostra participaci\u00f3!<\/p>\n<p>Ben aviat us informarem de la data d\u2019emissi\u00f3 i enlla\u00e7arem els v\u00eddeos del programa.<\/p>\n","protected":false},"excerpt":{"rendered":"<p>Un any m\u00e9s hem participat al Pica lletres, un concurs ling\u00fc\u00edstic en llengua catalana que consisteix en lletrejar paraules.<\/p>\n","protected":false},"author":1,"featured_media":359,"comment_status":"open","ping_status":"closed","sticky":false,"template":"","format":"standard","meta":{"_bbp_topic_count":0,"_bbp_reply_count":0,"_bbp_total_topic_count":0,"_bbp_total_reply_count":0,"_bbp_voice_count":0,"_bbp_anonymous_reply_count":0,"_bbp_topic_count_hidden":0,"_bbp_reply_count_hidden":0,"_bbp_forum_subforum_count":0,"site-sidebar-layout":"default","site-content-layout":"","ast-site-content-layout":"","site-content-style":"default","site-sidebar-style":"default","ast-global-header-display":"","ast-banner-title-visibility":"","ast-main-header-display":"","ast-hfb-above-header-display":"","ast-hfb-below-header-display":"","ast-hfb-mobile-header-display":"","site-post-title":"","ast-breadcrumbs-content":"","ast-featured-img":"","footer-sml-layout":"","theme-transparent-header-meta":"","adv-header-id-meta":"","stick-header-meta":"","header-above-stick-meta":"","header-main-stick-meta":"","header-below-stick-meta":"","astra-migrate-meta-layouts":"default","ast-page-background-enabled":"default","ast-page-background-meta":{"desktop":{"background-color":"var(--ast-global-color-4)","background-image":"","background-repeat":"repeat","background-position":"center center","background-size":"auto","background-attachment":"scroll","background-type":"","background-media":"","overlay-type":"","overlay-color":"","overlay-opacity":"","overlay-gradient":""},"tablet":{"background-color":"","background-image":"","background-repeat":"repeat","background-position":"center center","background-size":"auto","background-attachment":"scroll","background-type":"","background-media":"","overlay-type":"","overlay-color":"","overlay-opacity":"","overlay-gradient":""},"mobile":{"background-color":"","background-image":"","background-repeat":"repeat","background-position":"center center","background-size":"auto","background-attachment":"scroll","background-type":"","background-media":"","overlay-type":"","overlay-color":"","overlay-opacity":"","overlay-gradient":""}},"ast-content-background-meta":{"desktop":{"background-color":"var(--ast-global-color-5)","background-image":"","background-repeat":"repeat","background-position":"center center","background-size":"auto","background-attachment":"scroll","background-type":"","background-media":"","overlay-type":"","overlay-color":"","overlay-opacity":"","overlay-gradient":""},"tablet":{"background-color":"var(--ast-global-color-5)","background-image":"","background-repeat":"repeat","background-position":"center center","background-size":"auto","background-attachment":"scroll","background-type":"","background-media":"","overlay-type":"","overlay-color":"","overlay-opacity":"","overlay-gradient":""},"mobile":{"background-color":"var(--ast-global-color-5)","background-image":"","background-repeat":"repeat","background-position":"center center","background-size":"auto","background-attachment":"scroll","background-type":"","background-media":"","overlay-type":"","overlay-color":"","overlay-opacity":"","overlay-gradient":""}},"footnotes":""},"categories":[3,6,1,29],"tags":[129,112,69,105],"class_list":["post-2194","post","type-post","status-publish","format-standard","has-post-thumbnail","hentry","category-eso","category-eso-3","category-general","category-portada","tag-concurs","tag-esplugues","tag-llengua-catalana","tag-promocio-2015"],"post_mailing_queue_ids":[],"_links":{"self":[{"href":"https:\/\/agora.xtec.cat\/iesjoanot\/wp-json\/wp\/v2\/posts\/2194","targetHints":{"allow":["GET"]}}],"collection":[{"href":"https:\/\/agora.xtec.cat\/iesjoanot\/wp-json\/wp\/v2\/posts"}],"about":[{"href":"https:\/\/agora.xtec.cat\/iesjoanot\/wp-json\/wp\/v2\/types\/post"}],"author":[{"embeddable":true,"href":"https:\/\/agora.xtec.cat\/iesjoanot\/wp-json\/wp\/v2\/users\/1"}],"replies":[{"embeddable":true,"href":"https:\/\/agora.xtec.cat\/iesjoanot\/wp-json\/wp\/v2\/comments?post=2194"}],"version-history":[{"count":3,"href":"https:\/\/agora.xtec.cat\/iesjoanot\/wp-json\/wp\/v2\/posts\/2194\/revisions"}],"predecessor-version":[{"id":2200,"href":"https:\/\/agora.xtec.cat\/iesjoanot\/wp-json\/wp\/v2\/posts\/2194\/revisions\/2200"}],"wp:featuredmedia":[{"embeddable":true,"href":"https:\/\/agora.xtec.cat\/iesjoanot\/wp-json\/wp\/v2\/media\/359"}],"wp:attachment":[{"href":"https:\/\/agora.xtec.cat\/iesjoanot\/wp-json\/wp\/v2\/media?parent=2194"}],"wp:term":[{"taxonomy":"category","embeddable":true,"href":"https:\/\/agora.xtec.cat\/iesjoanot\/wp-json\/wp\/v2\/categories?post=2194"},{"taxonomy":"post_tag","embeddable":true,"href":"https:\/\/agora.xtec.cat\/iesjoanot\/wp-json\/wp\/v2\/tags?post=2194"}],"curies":[{"name":"wp","href":"https:\/\/api.w.org\/{rel}","templated":true}]}}