{"id":2100,"date":"2017-12-14T03:55:35","date_gmt":"2017-12-14T02:55:35","guid":{"rendered":"http:\/\/agora.xtec.cat\/iesjoanot\/?p=2100"},"modified":"2017-12-12T21:03:53","modified_gmt":"2017-12-12T20:03:53","slug":"xerrada-sobre-meteorologia-a-carrec-del-toni-valls","status":"publish","type":"post","link":"https:\/\/agora.xtec.cat\/iesjoanot\/general\/xerrada-sobre-meteorologia-a-carrec-del-toni-valls\/","title":{"rendered":"Xerrada sobre Meteorologia a C\u00e0rrec del Toni Valls"},"content":{"rendered":"<p><img loading=\"lazy\" decoding=\"async\" class=\"aligncenter size-large wp-image-2103\" src=\"http:\/\/agora.xtec.cat\/iesjoanot\/wp-content\/uploads\/usu589\/2017\/12\/portada-1024x577.jpg\" alt=\"\" width=\"1024\" height=\"577\" srcset=\"https:\/\/agora.xtec.cat\/iesjoanot\/wp-content\/uploads\/usu589\/2017\/12\/portada.jpg 1024w, https:\/\/agora.xtec.cat\/iesjoanot\/wp-content\/uploads\/usu589\/2017\/12\/portada-300x169.jpg 300w, https:\/\/agora.xtec.cat\/iesjoanot\/wp-content\/uploads\/usu589\/2017\/12\/portada-768x433.jpg 768w\" sizes=\"auto, (max-width: 1024px) 100vw, 1024px\" \/><\/p>\n<p>El passat dimarts 28 de novembre, l&#8217;alumnat de 2n A de Batxillerat va poder assistir a una xerrada de meteorologia que un any m\u00e9s ens va oferir el professor de F\u00edsica i Qu\u00edmica, ja jubilat, d\u2019aquest centre, Toni Valls.<\/p>\n<p><!--more--><img loading=\"lazy\" decoding=\"async\" class=\"aligncenter size-large wp-image-2105\" src=\"http:\/\/agora.xtec.cat\/iesjoanot\/wp-content\/uploads\/usu589\/2017\/12\/DSC_0504-1024x577.jpg\" alt=\"\" width=\"1024\" height=\"577\" srcset=\"https:\/\/agora.xtec.cat\/iesjoanot\/wp-content\/uploads\/usu589\/2017\/12\/DSC_0504.jpg 1024w, https:\/\/agora.xtec.cat\/iesjoanot\/wp-content\/uploads\/usu589\/2017\/12\/DSC_0504-300x169.jpg 300w, https:\/\/agora.xtec.cat\/iesjoanot\/wp-content\/uploads\/usu589\/2017\/12\/DSC_0504-768x433.jpg 768w\" sizes=\"auto, (max-width: 1024px) 100vw, 1024px\" \/><\/p>\n<p>En Toni Valls va refor\u00e7ar tot un seguit de conceptes relacionats amb la meteorologia a nivell, sobretot, pr\u00e0ctic. Ho va fer a partir dels mapes de s\u00edmbols i mapes isob\u00e0rics extrets de la p\u00e0gina web Meteocat que s&#8217;elaboren a partir de les imatges enviades pel sat\u00e8l\u00b7lit Meteosat.<\/p>\n<p><img loading=\"lazy\" decoding=\"async\" class=\"aligncenter size-large wp-image-2106\" src=\"http:\/\/agora.xtec.cat\/iesjoanot\/wp-content\/uploads\/usu589\/2017\/12\/DSC_0503-2-1024x577.jpg\" alt=\"\" width=\"1024\" height=\"577\" srcset=\"https:\/\/agora.xtec.cat\/iesjoanot\/wp-content\/uploads\/usu589\/2017\/12\/DSC_0503-2.jpg 1024w, https:\/\/agora.xtec.cat\/iesjoanot\/wp-content\/uploads\/usu589\/2017\/12\/DSC_0503-2-300x169.jpg 300w, https:\/\/agora.xtec.cat\/iesjoanot\/wp-content\/uploads\/usu589\/2017\/12\/DSC_0503-2-768x433.jpg 768w\" sizes=\"auto, (max-width: 1024px) 100vw, 1024px\" \/><\/p>\n<p>Tamb\u00e9 va aportar informaci\u00f3 sobre els mapes d\u2019altura, les imatges sobre precipitaci\u00f3 en temps real enregistrades per la Xarxa de Radars Meteorol\u00f2gics de Catalunya o les imatges d\u2019infraroig.<\/p>\n<p><img loading=\"lazy\" decoding=\"async\" class=\"aligncenter size-large wp-image-2104\" src=\"http:\/\/agora.xtec.cat\/iesjoanot\/wp-content\/uploads\/usu589\/2017\/12\/DSC_0505-1024x577.jpg\" alt=\"\" width=\"1024\" height=\"577\" srcset=\"https:\/\/agora.xtec.cat\/iesjoanot\/wp-content\/uploads\/usu589\/2017\/12\/DSC_0505.jpg 1024w, https:\/\/agora.xtec.cat\/iesjoanot\/wp-content\/uploads\/usu589\/2017\/12\/DSC_0505-300x169.jpg 300w, https:\/\/agora.xtec.cat\/iesjoanot\/wp-content\/uploads\/usu589\/2017\/12\/DSC_0505-768x433.jpg 768w\" sizes=\"auto, (max-width: 1024px) 100vw, 1024px\" \/><\/p>\n<p>Volem agrair al Toni el seu comprom\u00eds amb el centre, ja que cada any assisteix puntualment a la seva cita amb els alumnes del Joanot per compartir amb ells la seva passi\u00f3 per la meteorologia i la ci\u00e8ncia en general.<\/p>\n<p>Moltes gr\u00e0cies Toni, i fins el curs vinent!!<\/p>\n","protected":false},"excerpt":{"rendered":"<p>El passat dimarts 28 de novembre, l&#8217;alumnat de 2n A de Batxillerat va poder assistir a una xerrada de meteorologia que un any m\u00e9s ens va oferir el professor de F\u00edsica i Qu\u00edmica, ja jubilat, d\u2019aquest centre, Toni Valls.<\/p>\n","protected":false},"author":1,"featured_media":0,"comment_status":"open","ping_status":"closed","sticky":false,"template":"","format":"standard","meta":{"_bbp_topic_count":0,"_bbp_reply_count":0,"_bbp_total_topic_count":0,"_bbp_total_reply_count":0,"_bbp_voice_count":0,"_bbp_anonymous_reply_count":0,"_bbp_topic_count_hidden":0,"_bbp_reply_count_hidden":0,"_bbp_forum_subforum_count":0,"site-sidebar-layout":"default","site-content-layout":"","ast-site-content-layout":"","site-content-style":"default","site-sidebar-style":"default","ast-global-header-display":"","ast-banner-title-visibility":"","ast-main-header-display":"","ast-hfb-above-header-display":"","ast-hfb-below-header-display":"","ast-hfb-mobile-header-display":"","site-post-title":"","ast-breadcrumbs-content":"","ast-featured-img":"","footer-sml-layout":"","theme-transparent-header-meta":"","adv-header-id-meta":"","stick-header-meta":"","header-above-stick-meta":"","header-main-stick-meta":"","header-below-stick-meta":"","astra-migrate-meta-layouts":"default","ast-page-background-enabled":"default","ast-page-background-meta":{"desktop":{"background-color":"var(--ast-global-color-4)","background-image":"","background-repeat":"repeat","background-position":"center center","background-size":"auto","background-attachment":"scroll","background-type":"","background-media":"","overlay-type":"","overlay-color":"","overlay-opacity":"","overlay-gradient":""},"tablet":{"background-color":"","background-image":"","background-repeat":"repeat","background-position":"center center","background-size":"auto","background-attachment":"scroll","background-type":"","background-media":"","overlay-type":"","overlay-color":"","overlay-opacity":"","overlay-gradient":""},"mobile":{"background-color":"","background-image":"","background-repeat":"repeat","background-position":"center center","background-size":"auto","background-attachment":"scroll","background-type":"","background-media":"","overlay-type":"","overlay-color":"","overlay-opacity":"","overlay-gradient":""}},"ast-content-background-meta":{"desktop":{"background-color":"var(--ast-global-color-5)","background-image":"","background-repeat":"repeat","background-position":"center center","background-size":"auto","background-attachment":"scroll","background-type":"","background-media":"","overlay-type":"","overlay-color":"","overlay-opacity":"","overlay-gradient":""},"tablet":{"background-color":"var(--ast-global-color-5)","background-image":"","background-repeat":"repeat","background-position":"center center","background-size":"auto","background-attachment":"scroll","background-type":"","background-media":"","overlay-type":"","overlay-color":"","overlay-opacity":"","overlay-gradient":""},"mobile":{"background-color":"var(--ast-global-color-5)","background-image":"","background-repeat":"repeat","background-position":"center center","background-size":"auto","background-attachment":"scroll","background-type":"","background-media":"","overlay-type":"","overlay-color":"","overlay-opacity":"","overlay-gradient":""}},"footnotes":""},"categories":[8,1,29],"tags":[101,109,44],"class_list":["post-2100","post","type-post","status-publish","format-standard","hentry","category-batxillerat","category-general","category-portada","tag-ciencies-de-la-terra","tag-promocio-2012","tag-xerrades"],"post_mailing_queue_ids":[],"_links":{"self":[{"href":"https:\/\/agora.xtec.cat\/iesjoanot\/wp-json\/wp\/v2\/posts\/2100","targetHints":{"allow":["GET"]}}],"collection":[{"href":"https:\/\/agora.xtec.cat\/iesjoanot\/wp-json\/wp\/v2\/posts"}],"about":[{"href":"https:\/\/agora.xtec.cat\/iesjoanot\/wp-json\/wp\/v2\/types\/post"}],"author":[{"embeddable":true,"href":"https:\/\/agora.xtec.cat\/iesjoanot\/wp-json\/wp\/v2\/users\/1"}],"replies":[{"embeddable":true,"href":"https:\/\/agora.xtec.cat\/iesjoanot\/wp-json\/wp\/v2\/comments?post=2100"}],"version-history":[{"count":3,"href":"https:\/\/agora.xtec.cat\/iesjoanot\/wp-json\/wp\/v2\/posts\/2100\/revisions"}],"predecessor-version":[{"id":2110,"href":"https:\/\/agora.xtec.cat\/iesjoanot\/wp-json\/wp\/v2\/posts\/2100\/revisions\/2110"}],"wp:attachment":[{"href":"https:\/\/agora.xtec.cat\/iesjoanot\/wp-json\/wp\/v2\/media?parent=2100"}],"wp:term":[{"taxonomy":"category","embeddable":true,"href":"https:\/\/agora.xtec.cat\/iesjoanot\/wp-json\/wp\/v2\/categories?post=2100"},{"taxonomy":"post_tag","embeddable":true,"href":"https:\/\/agora.xtec.cat\/iesjoanot\/wp-json\/wp\/v2\/tags?post=2100"}],"curies":[{"name":"wp","href":"https:\/\/api.w.org\/{rel}","templated":true}]}}