{"id":1784,"date":"2017-04-28T23:21:12","date_gmt":"2017-04-28T21:21:12","guid":{"rendered":"http:\/\/agora.xtec.cat\/iesjoanot\/?p=1784"},"modified":"2017-04-28T23:21:12","modified_gmt":"2017-04-28T21:21:12","slug":"recorregut-literari-ultimas-tardes-con-teresa","status":"publish","type":"post","link":"https:\/\/agora.xtec.cat\/iesjoanot\/general\/recorregut-literari-ultimas-tardes-con-teresa\/","title":{"rendered":"Recorregut literari: <em>\u00daltimas Tardes con Teresa<\/em>"},"content":{"rendered":"<p><img loading=\"lazy\" decoding=\"async\" class=\"aligncenter size-full wp-image-1785\" src=\"http:\/\/agora.xtec.cat\/iesjoanot\/wp-content\/uploads\/usu589\/2017\/04\/pixlr.jpg\" alt=\"pixlr\" width=\"768\" height=\"768\" srcset=\"https:\/\/agora.xtec.cat\/iesjoanot\/wp-content\/uploads\/usu589\/2017\/04\/pixlr.jpg 768w, https:\/\/agora.xtec.cat\/iesjoanot\/wp-content\/uploads\/usu589\/2017\/04\/pixlr-150x150.jpg 150w, https:\/\/agora.xtec.cat\/iesjoanot\/wp-content\/uploads\/usu589\/2017\/04\/pixlr-300x300.jpg 300w\" sizes=\"auto, (max-width: 768px) 100vw, 768px\" \/><\/p>\n<p>Els alumnes de 2n de Batxillerat van fer, el passat dimarts dia 25, la ruta liter\u00e0ria de l&#8217;obra de Juan Mars\u00e9 <em>\u00daltimas tardes con Teresa<\/em> amb l \u2018objectiu de con\u00e8ixer alguns escenaris on es desenvolupa la novel\u00b7la.<!--more--><\/p>\n<p>La ruta va comen\u00e7ar a la biblioteca Juan Mars\u00e9 del Carmel, va continuar pels carrers del barri, Feijoo, Alcalde de Zalamea, fins arribar al bar Delicias, lloc important a l\u2019obra per con\u00e8ixer millor el personatge principal \u201dPijoaparte\u201d i les relacions entre els habitats del barri als anys 50.<\/p>\n<p>Despr\u00e9s, els alumnes es van dirigir per un cam\u00ed estret i ple de vegetaci\u00f3, cap un lloc on van poder contemplar els barris d\u2019 Horta-Guinard\u00f3 i Canyelles. Van arribar a les antigues bateries antia\u00e8ries del Tur\u00f3 de la Rovira i van poder gaudir de les espl\u00e8ndides vistes de la ciutat de Barcelona.<\/p>\n<p><em>&#8220;Abajo, al fondo, la Ciudad se estira hacia las inmensidades cer\u00faleas del mediterr\u00e1neo bajo brumas y rumores sordos de industrial fatiga, asoman las botellas grises de la Sagrada Familia, las torres del Hospital de San Pablo y, m\u00e1s lejos, las negras agujas de la Catedral, el casco antiguo: un co\u00e1gulo de sombras. El Puerto y el Horizonte del mar cierran el borroso panorama, y las torres met\u00e1licas del transbordador, la silueta agressiva de Montjuich.&#8221;<\/em><\/p>\n<p>Per \u00faltim, van arribar al Parc G\u00fcell, punt i final d&#8217;aquesta passejada liter\u00e0ria.<\/p>\n","protected":false},"excerpt":{"rendered":"<p>Els alumnes de 2n de Batxillerat van fer, el passat dimarts dia 25, la ruta liter\u00e0ria de l&#8217;obra de Juan Mars\u00e9 \u00daltimas tardes con Teresa amb l \u2018objectiu de con\u00e8ixer alguns escenaris on es desenvolupa la novel\u00b7la.<\/p>\n","protected":false},"author":1,"featured_media":1785,"comment_status":"open","ping_status":"open","sticky":false,"template":"","format":"standard","meta":{"_bbp_topic_count":0,"_bbp_reply_count":0,"_bbp_total_topic_count":0,"_bbp_total_reply_count":0,"_bbp_voice_count":0,"_bbp_anonymous_reply_count":0,"_bbp_topic_count_hidden":0,"_bbp_reply_count_hidden":0,"_bbp_forum_subforum_count":0,"site-sidebar-layout":"default","site-content-layout":"","ast-site-content-layout":"","site-content-style":"default","site-sidebar-style":"default","ast-global-header-display":"","ast-banner-title-visibility":"","ast-main-header-display":"","ast-hfb-above-header-display":"","ast-hfb-below-header-display":"","ast-hfb-mobile-header-display":"","site-post-title":"","ast-breadcrumbs-content":"","ast-featured-img":"","footer-sml-layout":"","theme-transparent-header-meta":"","adv-header-id-meta":"","stick-header-meta":"","header-above-stick-meta":"","header-main-stick-meta":"","header-below-stick-meta":"","astra-migrate-meta-layouts":"default","ast-page-background-enabled":"default","ast-page-background-meta":{"desktop":{"background-color":"var(--ast-global-color-4)","background-image":"","background-repeat":"repeat","background-position":"center center","background-size":"auto","background-attachment":"scroll","background-type":"","background-media":"","overlay-type":"","overlay-color":"","overlay-opacity":"","overlay-gradient":""},"tablet":{"background-color":"","background-image":"","background-repeat":"repeat","background-position":"center center","background-size":"auto","background-attachment":"scroll","background-type":"","background-media":"","overlay-type":"","overlay-color":"","overlay-opacity":"","overlay-gradient":""},"mobile":{"background-color":"","background-image":"","background-repeat":"repeat","background-position":"center center","background-size":"auto","background-attachment":"scroll","background-type":"","background-media":"","overlay-type":"","overlay-color":"","overlay-opacity":"","overlay-gradient":""}},"ast-content-background-meta":{"desktop":{"background-color":"var(--ast-global-color-5)","background-image":"","background-repeat":"repeat","background-position":"center center","background-size":"auto","background-attachment":"scroll","background-type":"","background-media":"","overlay-type":"","overlay-color":"","overlay-opacity":"","overlay-gradient":""},"tablet":{"background-color":"var(--ast-global-color-5)","background-image":"","background-repeat":"repeat","background-position":"center center","background-size":"auto","background-attachment":"scroll","background-type":"","background-media":"","overlay-type":"","overlay-color":"","overlay-opacity":"","overlay-gradient":""},"mobile":{"background-color":"var(--ast-global-color-5)","background-image":"","background-repeat":"repeat","background-position":"center center","background-size":"auto","background-attachment":"scroll","background-type":"","background-media":"","overlay-type":"","overlay-color":"","overlay-opacity":"","overlay-gradient":""}},"footnotes":""},"categories":[8,1,29],"tags":[135,132,107,39],"class_list":["post-1784","post","type-post","status-publish","format-standard","has-post-thumbnail","hentry","category-batxillerat","category-general","category-portada","tag-barcelona","tag-llengua-castellana","tag-promocio-2011","tag-sortides"],"post_mailing_queue_ids":[],"_links":{"self":[{"href":"https:\/\/agora.xtec.cat\/iesjoanot\/wp-json\/wp\/v2\/posts\/1784","targetHints":{"allow":["GET"]}}],"collection":[{"href":"https:\/\/agora.xtec.cat\/iesjoanot\/wp-json\/wp\/v2\/posts"}],"about":[{"href":"https:\/\/agora.xtec.cat\/iesjoanot\/wp-json\/wp\/v2\/types\/post"}],"author":[{"embeddable":true,"href":"https:\/\/agora.xtec.cat\/iesjoanot\/wp-json\/wp\/v2\/users\/1"}],"replies":[{"embeddable":true,"href":"https:\/\/agora.xtec.cat\/iesjoanot\/wp-json\/wp\/v2\/comments?post=1784"}],"version-history":[{"count":1,"href":"https:\/\/agora.xtec.cat\/iesjoanot\/wp-json\/wp\/v2\/posts\/1784\/revisions"}],"predecessor-version":[{"id":1786,"href":"https:\/\/agora.xtec.cat\/iesjoanot\/wp-json\/wp\/v2\/posts\/1784\/revisions\/1786"}],"wp:featuredmedia":[{"embeddable":true,"href":"https:\/\/agora.xtec.cat\/iesjoanot\/wp-json\/wp\/v2\/media\/1785"}],"wp:attachment":[{"href":"https:\/\/agora.xtec.cat\/iesjoanot\/wp-json\/wp\/v2\/media?parent=1784"}],"wp:term":[{"taxonomy":"category","embeddable":true,"href":"https:\/\/agora.xtec.cat\/iesjoanot\/wp-json\/wp\/v2\/categories?post=1784"},{"taxonomy":"post_tag","embeddable":true,"href":"https:\/\/agora.xtec.cat\/iesjoanot\/wp-json\/wp\/v2\/tags?post=1784"}],"curies":[{"name":"wp","href":"https:\/\/api.w.org\/{rel}","templated":true}]}}