{"id":1609,"date":"2017-01-24T13:05:57","date_gmt":"2017-01-24T12:05:57","guid":{"rendered":"http:\/\/agora.xtec.cat\/iesjoanot\/?p=1609"},"modified":"2017-01-26T11:28:43","modified_gmt":"2017-01-26T10:28:43","slug":"xerrada-sobre-els-erasmus-i-la-fisioterapia","status":"publish","type":"post","link":"https:\/\/agora.xtec.cat\/iesjoanot\/general\/xerrada-sobre-els-erasmus-i-la-fisioterapia\/","title":{"rendered":"Xerrada sobre els Erasmus i la Fisioter\u00e0pia"},"content":{"rendered":"<p><img loading=\"lazy\" decoding=\"async\" class=\"aligncenter size-large wp-image-1610\" src=\"http:\/\/agora.xtec.cat\/iesjoanot\/wp-content\/uploads\/usu589\/2017\/01\/IMG-20170120-WA0002-1024x768.jpg\" alt=\"img-20170120-wa0002\" width=\"1024\" height=\"768\" srcset=\"https:\/\/agora.xtec.cat\/iesjoanot\/wp-content\/uploads\/usu589\/2017\/01\/IMG-20170120-WA0002.jpg 1024w, https:\/\/agora.xtec.cat\/iesjoanot\/wp-content\/uploads\/usu589\/2017\/01\/IMG-20170120-WA0002-300x225.jpg 300w, https:\/\/agora.xtec.cat\/iesjoanot\/wp-content\/uploads\/usu589\/2017\/01\/IMG-20170120-WA0002-768x576.jpg 768w, https:\/\/agora.xtec.cat\/iesjoanot\/wp-content\/uploads\/usu589\/2017\/01\/IMG-20170120-WA0002-200x150.jpg 200w\" sizes=\"auto, (max-width: 1024px) 100vw, 1024px\" \/><\/p>\n<p>La Sara S\u00e1nchez, ex alumna del Joanot, est\u00e0 a punt d\u2019acabar la carrera de fisioter\u00e0pia a Reus. Divendres 20 de gener, va venir a l\u2019institut per fer dues xerrades: \u201cL\u2019exp\u00e9rience de partir en Erasmus\u201d (\u00edntegrament en franc\u00e8s), aprofitant la seva participaci\u00f3 en una beca Erasmus a B\u00e8lgica el curs passat, i \u201cEls estudis de Fisioter\u00e0pia\u201d<!--more-->, aquesta adre\u00e7ada a l\u2019alumnat de 2n de Batxillerat A dintre de les activitats de tutoria.<\/p>\n<p>Amb un to molt dist\u00e8s, va resoldre tots els dubtes dels alumnes, per\u00f2 sobretot els va animar a lluitar pels seus somnis. La maduresa que li ha donat el fet d\u2019estudiar fora de casa i despr\u00e9s a un pa\u00eds estranger \u00e9s una lli\u00e7\u00f3 de vida que li ha servit, com ella mateixa diu, per, a hores d\u2019ara, poder fer front a tot all\u00f2 que se li posi per davant.<\/p>\n<p>Moltes gr\u00e0cies Sara pel teu temps i els teus consells! Ja saps que al Joanot sempre ser\u00e0 casa teva!<\/p>\n","protected":false},"excerpt":{"rendered":"<p>La Sara S\u00e1nchez, ex alumna del Joanot, est\u00e0 a punt d\u2019acabar la carrera de fisioter\u00e0pia a Reus. Divendres 20 de gener, va venir a l\u2019institut per fer dues xerrades: \u201cL\u2019exp\u00e9rience de partir en Erasmus\u201d (\u00edntegrament en franc\u00e8s), aprofitant la seva participaci\u00f3 en una beca Erasmus a B\u00e8lgica el curs passat, i \u201cEls estudis de Fisioter\u00e0pia\u201d<\/p>\n","protected":false},"author":1,"featured_media":1610,"comment_status":"open","ping_status":"open","sticky":false,"template":"","format":"standard","meta":{"_bbp_topic_count":0,"_bbp_reply_count":0,"_bbp_total_topic_count":0,"_bbp_total_reply_count":0,"_bbp_voice_count":0,"_bbp_anonymous_reply_count":0,"_bbp_topic_count_hidden":0,"_bbp_reply_count_hidden":0,"_bbp_forum_subforum_count":0,"site-sidebar-layout":"default","site-content-layout":"","ast-site-content-layout":"","site-content-style":"default","site-sidebar-style":"default","ast-global-header-display":"","ast-banner-title-visibility":"","ast-main-header-display":"","ast-hfb-above-header-display":"","ast-hfb-below-header-display":"","ast-hfb-mobile-header-display":"","site-post-title":"","ast-breadcrumbs-content":"","ast-featured-img":"","footer-sml-layout":"","theme-transparent-header-meta":"","adv-header-id-meta":"","stick-header-meta":"","header-above-stick-meta":"","header-main-stick-meta":"","header-below-stick-meta":"","astra-migrate-meta-layouts":"default","ast-page-background-enabled":"default","ast-page-background-meta":{"desktop":{"background-color":"var(--ast-global-color-4)","background-image":"","background-repeat":"repeat","background-position":"center center","background-size":"auto","background-attachment":"scroll","background-type":"","background-media":"","overlay-type":"","overlay-color":"","overlay-opacity":"","overlay-gradient":""},"tablet":{"background-color":"","background-image":"","background-repeat":"repeat","background-position":"center center","background-size":"auto","background-attachment":"scroll","background-type":"","background-media":"","overlay-type":"","overlay-color":"","overlay-opacity":"","overlay-gradient":""},"mobile":{"background-color":"","background-image":"","background-repeat":"repeat","background-position":"center center","background-size":"auto","background-attachment":"scroll","background-type":"","background-media":"","overlay-type":"","overlay-color":"","overlay-opacity":"","overlay-gradient":""}},"ast-content-background-meta":{"desktop":{"background-color":"var(--ast-global-color-5)","background-image":"","background-repeat":"repeat","background-position":"center center","background-size":"auto","background-attachment":"scroll","background-type":"","background-media":"","overlay-type":"","overlay-color":"","overlay-opacity":"","overlay-gradient":""},"tablet":{"background-color":"var(--ast-global-color-5)","background-image":"","background-repeat":"repeat","background-position":"center center","background-size":"auto","background-attachment":"scroll","background-type":"","background-media":"","overlay-type":"","overlay-color":"","overlay-opacity":"","overlay-gradient":""},"mobile":{"background-color":"var(--ast-global-color-5)","background-image":"","background-repeat":"repeat","background-position":"center center","background-size":"auto","background-attachment":"scroll","background-type":"","background-media":"","overlay-type":"","overlay-color":"","overlay-opacity":"","overlay-gradient":""}},"footnotes":""},"categories":[8,3,1,29],"tags":[168,67,143,107,77,44],"class_list":["post-1609","post","type-post","status-publish","format-standard","has-post-thumbnail","hentry","category-batxillerat","category-eso","category-general","category-portada","tag-antics-alumnes","tag-frances","tag-gep","tag-promocio-2011","tag-universitat","tag-xerrades"],"post_mailing_queue_ids":[],"_links":{"self":[{"href":"https:\/\/agora.xtec.cat\/iesjoanot\/wp-json\/wp\/v2\/posts\/1609","targetHints":{"allow":["GET"]}}],"collection":[{"href":"https:\/\/agora.xtec.cat\/iesjoanot\/wp-json\/wp\/v2\/posts"}],"about":[{"href":"https:\/\/agora.xtec.cat\/iesjoanot\/wp-json\/wp\/v2\/types\/post"}],"author":[{"embeddable":true,"href":"https:\/\/agora.xtec.cat\/iesjoanot\/wp-json\/wp\/v2\/users\/1"}],"replies":[{"embeddable":true,"href":"https:\/\/agora.xtec.cat\/iesjoanot\/wp-json\/wp\/v2\/comments?post=1609"}],"version-history":[{"count":1,"href":"https:\/\/agora.xtec.cat\/iesjoanot\/wp-json\/wp\/v2\/posts\/1609\/revisions"}],"predecessor-version":[{"id":1611,"href":"https:\/\/agora.xtec.cat\/iesjoanot\/wp-json\/wp\/v2\/posts\/1609\/revisions\/1611"}],"wp:featuredmedia":[{"embeddable":true,"href":"https:\/\/agora.xtec.cat\/iesjoanot\/wp-json\/wp\/v2\/media\/1610"}],"wp:attachment":[{"href":"https:\/\/agora.xtec.cat\/iesjoanot\/wp-json\/wp\/v2\/media?parent=1609"}],"wp:term":[{"taxonomy":"category","embeddable":true,"href":"https:\/\/agora.xtec.cat\/iesjoanot\/wp-json\/wp\/v2\/categories?post=1609"},{"taxonomy":"post_tag","embeddable":true,"href":"https:\/\/agora.xtec.cat\/iesjoanot\/wp-json\/wp\/v2\/tags?post=1609"}],"curies":[{"name":"wp","href":"https:\/\/api.w.org\/{rel}","templated":true}]}}