{"id":1433,"date":"2016-10-11T12:17:16","date_gmt":"2016-10-11T11:17:16","guid":{"rendered":"http:\/\/agora.xtec.cat\/iesjoanot\/?p=1433"},"modified":"2016-10-11T12:17:16","modified_gmt":"2016-10-11T11:17:16","slug":"valoracio-del-taller-de-robotica-del-curs-passat","status":"publish","type":"post","link":"https:\/\/agora.xtec.cat\/iesjoanot\/general\/valoracio-del-taller-de-robotica-del-curs-passat\/","title":{"rendered":"Valoraci\u00f3 del Taller de Rob\u00f2tica del curs passat"},"content":{"rendered":"<p align=\"justify\"><img loading=\"lazy\" decoding=\"async\" class=\"aligncenter size-large wp-image-1434\" src=\"http:\/\/agora.xtec.cat\/iesjoanot\/wp-content\/uploads\/usu589\/2016\/10\/Valoracio1-1024x768.jpg\" alt=\"valoracio1\" width=\"1024\" height=\"768\" srcset=\"https:\/\/agora.xtec.cat\/iesjoanot\/wp-content\/uploads\/usu589\/2016\/10\/Valoracio1.jpg 1024w, https:\/\/agora.xtec.cat\/iesjoanot\/wp-content\/uploads\/usu589\/2016\/10\/Valoracio1-300x225.jpg 300w, https:\/\/agora.xtec.cat\/iesjoanot\/wp-content\/uploads\/usu589\/2016\/10\/Valoracio1-768x576.jpg 768w, https:\/\/agora.xtec.cat\/iesjoanot\/wp-content\/uploads\/usu589\/2016\/10\/Valoracio1-200x150.jpg 200w\" sizes=\"auto, (max-width: 1024px) 100vw, 1024px\" \/> <img loading=\"lazy\" decoding=\"async\" class=\"aligncenter size-large wp-image-1435\" src=\"http:\/\/agora.xtec.cat\/iesjoanot\/wp-content\/uploads\/usu589\/2016\/10\/Valoracio2-1024x768.jpg\" alt=\"valoracio2\" width=\"1024\" height=\"768\" srcset=\"https:\/\/agora.xtec.cat\/iesjoanot\/wp-content\/uploads\/usu589\/2016\/10\/Valoracio2.jpg 1024w, https:\/\/agora.xtec.cat\/iesjoanot\/wp-content\/uploads\/usu589\/2016\/10\/Valoracio2-300x225.jpg 300w, https:\/\/agora.xtec.cat\/iesjoanot\/wp-content\/uploads\/usu589\/2016\/10\/Valoracio2-768x576.jpg 768w, https:\/\/agora.xtec.cat\/iesjoanot\/wp-content\/uploads\/usu589\/2016\/10\/Valoracio2-200x150.jpg 200w\" sizes=\"auto, (max-width: 1024px) 100vw, 1024px\" \/><\/p>\n<p align=\"justify\"><span style=\"font-family: Arial,serif;\"><span style=\"font-size: medium;\">Durant el curs 2015-16 el seminari de Tecnologia va iniciar, de forma experimental, una nova activitat extraescolar: el Taller de Rob\u00f2tica. Aquesta activitat anava dirigida als alumnes de primer i segon d\u2019ESO. Abans de comen\u00e7ar, els professors responsables ens vam plantejar els seg\u00fcents objectius inicials:<\/span><\/span><\/p>\n<ul>\n<li><span style=\"font-family: Arial,serif;\"><span style=\"font-size: medium;\">Adquirir habilitats en l\u2019\u00e0mbit de la programaci\u00f3 inform\u00e0tica.<\/span><\/span><\/li>\n<li><span style=\"font-family: Arial,serif;\"><span style=\"font-size: medium;\">Que els alumnes fossin capa\u00e7os de dissenyar i construir el seu propi robot.<\/span><\/span><\/li>\n<li><span style=\"font-family: Arial,serif;\"><span style=\"font-size: medium;\">Que els alumnes fossin capa\u00e7os de programar el seu robot, en funci\u00f3 de les accions que volien que aquest dugu\u00e9s a terme.<\/span><\/span><\/li>\n<li><span style=\"font-family: Arial,serif;\"><span style=\"font-size: medium;\">Que els alumnes aprenguessin \u201cjugant\u201d, tot passant una estona divertida.<\/span><\/span><\/li>\n<li><span style=\"font-family: Arial,serif;\"><span style=\"font-size: medium;\">Que els alumnes fossin capa\u00e7os de treballar de manera cooperativa per tal d\u2019assolir els objectius inicials que s\u2019han proposat.<\/span><\/span><\/li>\n<li>\n<p align=\"justify\"><span style=\"font-family: Arial,serif;\"><span style=\"font-size: medium;\">Refor\u00e7ar els continguts de la mat\u00e8ria de Tecnologia<\/span><\/span><\/p>\n<\/li>\n<\/ul>\n<p align=\"justify\"><span style=\"font-family: Arial,serif;\"><span style=\"font-size: medium;\">Els professors que es van oferir per organitzar aquesta activitat s\u00f3n el Miquel Gonz\u00e1lez i el Xavier Hern\u00e0ndez, del departament de Tecnologia. Durant tot el curs, l\u2019alumne Mateo Diest va assessorar als professors sobre diferents aspectes relacionats amb la programaci\u00f3 i la rob\u00f2tica i va participar com a recolzament durant totes les sessions.<\/span><\/span><\/p>\n<p align=\"justify\"><span style=\"font-family: Arial,serif;\"><span style=\"font-size: medium;\">En aquest taller es va treballar amb kits de <\/span><\/span><span style=\"font-family: Arial,serif;\"><span style=\"font-size: medium;\"><b>LEGO WEDO,<\/b><\/span><\/span><span style=\"font-family: Arial,serif;\"><span style=\"font-size: medium;\"> per muntar els diferents mecanismes i amb el programa <\/span><\/span><span style=\"font-family: Arial,serif;\"><span style=\"font-size: medium;\"><b>Scratch<\/b><\/span><\/span><span style=\"font-family: Arial,serif;\"><span style=\"font-size: medium;\"> per programar-los. <\/span><\/span><\/p>\n<p align=\"justify\"><span style=\"font-family: Arial,serif;\"><span style=\"font-size: medium;\">El n\u00famero d\u2019alumnes que van participar a l\u2019activitat va ser de 24. Donat el n\u00famero d\u2019alumnes interessats, es va decidir fer dos grups de manera que cada grup assist\u00eds al Taller cada 15 dies.<\/span><\/span><\/p>\n<p align=\"justify\"><span style=\"font-family: Arial,serif;\"><span style=\"font-size: medium;\">En finalitzar l\u2019activitat extraescolar, la valoraci\u00f3 va ser la seg\u00fcent:<\/span><\/span><\/p>\n<ul>\n<li>\n<p align=\"justify\"><span style=\"font-family: Arial,serif;\"><span style=\"font-size: medium;\">La participaci\u00f3 dels alumnes va ser molt bona.<\/span><\/span><\/p>\n<\/li>\n<li>\n<p align=\"justify\"><span style=\"font-family: Arial,serif;\"><span style=\"font-size: medium;\">Els alumnes van estar molt motivats alhora de fer els diferents projectes i van ser molt creatius inventant diferents mecanismes i robots.<\/span><\/span><\/p>\n<\/li>\n<li>\n<p align=\"justify\"><span style=\"font-family: Arial,serif;\"><span style=\"font-size: medium;\">Es van realitzar unes 10 pr\u00e0ctiques, valorades molt positivament per la majoria d\u2019alumnes participants. <\/span><\/span><\/p>\n<\/li>\n<\/ul>\n<p align=\"justify\"><span style=\"font-family: Arial,serif;\"><span style=\"font-size: medium;\">El professorat implicat valora l\u2019experi\u00e8ncia de forma molt positiva, i de cara al curs 2016-17 es torna a oferir aquesta activitat extraescolar per als alumnes nous de primer i segon d\u2019ESO. <\/span><\/span><\/p>\n","protected":false},"excerpt":{"rendered":"<p>Durant el curs 2015-16 el seminari de Tecnologia va iniciar, de forma experimental, una nova activitat extraescolar: el Taller de Rob\u00f2tica. Aquesta activitat anava dirigida als alumnes de primer i segon d\u2019ESO. Abans de comen\u00e7ar, els professors responsables ens vam plantejar els seg\u00fcents objectius inicials:<\/p>\n","protected":false},"author":1,"featured_media":1434,"comment_status":"open","ping_status":"open","sticky":false,"template":"","format":"standard","meta":{"_bbp_topic_count":0,"_bbp_reply_count":0,"_bbp_total_topic_count":0,"_bbp_total_reply_count":0,"_bbp_voice_count":0,"_bbp_anonymous_reply_count":0,"_bbp_topic_count_hidden":0,"_bbp_reply_count_hidden":0,"_bbp_forum_subforum_count":0,"site-sidebar-layout":"default","site-content-layout":"","ast-site-content-layout":"","site-content-style":"default","site-sidebar-style":"default","ast-global-header-display":"","ast-banner-title-visibility":"","ast-main-header-display":"","ast-hfb-above-header-display":"","ast-hfb-below-header-display":"","ast-hfb-mobile-header-display":"","site-post-title":"","ast-breadcrumbs-content":"","ast-featured-img":"","footer-sml-layout":"","theme-transparent-header-meta":"","adv-header-id-meta":"","stick-header-meta":"","header-above-stick-meta":"","header-main-stick-meta":"","header-below-stick-meta":"","astra-migrate-meta-layouts":"default","ast-page-background-enabled":"default","ast-page-background-meta":{"desktop":{"background-color":"var(--ast-global-color-4)","background-image":"","background-repeat":"repeat","background-position":"center center","background-size":"auto","background-attachment":"scroll","background-type":"","background-media":"","overlay-type":"","overlay-color":"","overlay-opacity":"","overlay-gradient":""},"tablet":{"background-color":"","background-image":"","background-repeat":"repeat","background-position":"center center","background-size":"auto","background-attachment":"scroll","background-type":"","background-media":"","overlay-type":"","overlay-color":"","overlay-opacity":"","overlay-gradient":""},"mobile":{"background-color":"","background-image":"","background-repeat":"repeat","background-position":"center center","background-size":"auto","background-attachment":"scroll","background-type":"","background-media":"","overlay-type":"","overlay-color":"","overlay-opacity":"","overlay-gradient":""}},"ast-content-background-meta":{"desktop":{"background-color":"var(--ast-global-color-5)","background-image":"","background-repeat":"repeat","background-position":"center center","background-size":"auto","background-attachment":"scroll","background-type":"","background-media":"","overlay-type":"","overlay-color":"","overlay-opacity":"","overlay-gradient":""},"tablet":{"background-color":"var(--ast-global-color-5)","background-image":"","background-repeat":"repeat","background-position":"center center","background-size":"auto","background-attachment":"scroll","background-type":"","background-media":"","overlay-type":"","overlay-color":"","overlay-opacity":"","overlay-gradient":""},"mobile":{"background-color":"var(--ast-global-color-5)","background-image":"","background-repeat":"repeat","background-position":"center center","background-size":"auto","background-attachment":"scroll","background-type":"","background-media":"","overlay-type":"","overlay-color":"","overlay-opacity":"","overlay-gradient":""}},"footnotes":""},"categories":[3,4,5,1,29],"tags":[74,104,105,73,64],"class_list":["post-1433","post","type-post","status-publish","format-standard","has-post-thumbnail","hentry","category-eso","category-eso-1","category-eso-2","category-general","category-portada","tag-extraescolars","tag-promocio-2014","tag-promocio-2015","tag-robotica","tag-tecnologia"],"post_mailing_queue_ids":[],"_links":{"self":[{"href":"https:\/\/agora.xtec.cat\/iesjoanot\/wp-json\/wp\/v2\/posts\/1433","targetHints":{"allow":["GET"]}}],"collection":[{"href":"https:\/\/agora.xtec.cat\/iesjoanot\/wp-json\/wp\/v2\/posts"}],"about":[{"href":"https:\/\/agora.xtec.cat\/iesjoanot\/wp-json\/wp\/v2\/types\/post"}],"author":[{"embeddable":true,"href":"https:\/\/agora.xtec.cat\/iesjoanot\/wp-json\/wp\/v2\/users\/1"}],"replies":[{"embeddable":true,"href":"https:\/\/agora.xtec.cat\/iesjoanot\/wp-json\/wp\/v2\/comments?post=1433"}],"version-history":[{"count":1,"href":"https:\/\/agora.xtec.cat\/iesjoanot\/wp-json\/wp\/v2\/posts\/1433\/revisions"}],"predecessor-version":[{"id":1436,"href":"https:\/\/agora.xtec.cat\/iesjoanot\/wp-json\/wp\/v2\/posts\/1433\/revisions\/1436"}],"wp:featuredmedia":[{"embeddable":true,"href":"https:\/\/agora.xtec.cat\/iesjoanot\/wp-json\/wp\/v2\/media\/1434"}],"wp:attachment":[{"href":"https:\/\/agora.xtec.cat\/iesjoanot\/wp-json\/wp\/v2\/media?parent=1433"}],"wp:term":[{"taxonomy":"category","embeddable":true,"href":"https:\/\/agora.xtec.cat\/iesjoanot\/wp-json\/wp\/v2\/categories?post=1433"},{"taxonomy":"post_tag","embeddable":true,"href":"https:\/\/agora.xtec.cat\/iesjoanot\/wp-json\/wp\/v2\/tags?post=1433"}],"curies":[{"name":"wp","href":"https:\/\/api.w.org\/{rel}","templated":true}]}}