{"id":9228,"date":"2024-03-15T18:52:01","date_gmt":"2024-03-15T17:52:01","guid":{"rendered":"https:\/\/agora.xtec.cat\/iesjoanbrudieu\/?p=9228"},"modified":"2024-03-15T18:55:37","modified_gmt":"2024-03-15T17:55:37","slug":"naia-alvarez-premi-extraordinari-fp-grau-mitja-2223","status":"publish","type":"post","link":"https:\/\/agora.xtec.cat\/iesjoanbrudieu\/general\/naia-alvarez-premi-extraordinari-fp-grau-mitja-2223\/","title":{"rendered":"Naia \u00c1lvarez, Premi Extraordinari de FP de grau mitj\u00e0 del curs 2022-2023"},"content":{"rendered":"<p>L&#8217;exalumna Naia \u00c1lvarez de Eulate Moln\u00e9 ha obtingut el <a href=\"https:\/\/educacio.gencat.cat\/ca\/departament\/premis-extraordinaris\/formacio-professional-grau-mitja\/\" target=\"_blank\" rel=\"noopener\">Premi Extraordinari de Formaci\u00f3 Professional de grau mitj\u00e0<\/a> del curs 2022-2023 de la fam\u00edlia de Serveis socioculturals i a la comunitat, amb la qualificaci\u00f3 de 9,43. Els Premis Extraordinaris de Formaci\u00f3 Professional de Grau Mitj\u00e0 s\u00f3n un est\u00edmul per als alumnes i constitueixen el reconeixement oficial dels m\u00e8rits dels alumnes que demostren una preparaci\u00f3 especial en aquests ensenyaments amb el desig d&#8217;oferir a aquest alumnat un est\u00edmul per a aconseguir els seus objectius i una recompensa per haver-los aconseguit. S&#8217;atorga un premi per a cada fam\u00edlia professional dels cicles de grau mitj\u00e0 que s&#8217;imparteixen a Catalunya. Aquest guard\u00f3 proporciona els avantatges seg\u00fcents a l&#8217;alumnat que l&#8217;obt\u00e9: un certificat acreditatiu d&#8217;aquesta distinci\u00f3 del Departament d&#8217;Educaci\u00f3 i el reconeixement expl\u00edcit en el seu expedient acad\u00e8mic. L&#8217;acte de lliurament dels Premis Extraordinaris d\u2019FP i ERE tindr\u00e0 lloc el dijous 4 d\u2019abril de 2024, a les 18.00 hores, a l&#8217;Auditori Conservatori del Liceu de Barcelona. Moltes felicitats, Naia!!!!<\/p>\n<p><a href=\"https:\/\/institutjoanbrudieu.cat\/public\/web_centre\/html\/documents\/institut\/curs\/240315_Premi_XORD_CFM_Alvarez_Naia.png\" target=\"_blank\" rel=\"noopener\"><img loading=\"lazy\" decoding=\"async\" class=\"aligncenter wp-image-5576\" src=\"https:\/\/institutjoanbrudieu.cat\/public\/web_centre\/html\/documents\/institut\/curs\/240315_Premi_XORD_CFM_Alvarez_Naia.png\" alt=\"240315_Premi_XORD_CFM_Alvarez_Naia\" width=\"867\" height=\"450\" \/><\/a><\/p>\n","protected":false},"excerpt":{"rendered":"<p>L&#8217;exalumna Naia \u00c1lvarez de Eulate Moln\u00e9 ha obtingut el Premi Extraordinari de Formaci\u00f3 Professional de grau mitj\u00e0 del curs 2022-2023 de la fam\u00edlia de Serveis socioculturals i a la comunitat, amb la qualificaci\u00f3 de 9,43. Els Premis Extraordinaris de Formaci\u00f3 Professional de Grau Mitj\u00e0 s\u00f3n un est\u00edmul per als alumnes i constitueixen el reconeixement oficial [&hellip;]<\/p>\n","protected":false},"author":1,"featured_media":9229,"comment_status":"closed","ping_status":"closed","sticky":false,"template":"","format":"standard","meta":{"_bbp_topic_count":0,"_bbp_reply_count":0,"_bbp_total_topic_count":0,"_bbp_total_reply_count":0,"_bbp_voice_count":0,"_bbp_anonymous_reply_count":0,"_bbp_topic_count_hidden":0,"_bbp_reply_count_hidden":0,"_bbp_forum_subforum_count":0,"site-sidebar-layout":"default","site-content-layout":"","ast-site-content-layout":"","site-content-style":"default","site-sidebar-style":"default","ast-global-header-display":"","ast-banner-title-visibility":"","ast-main-header-display":"","ast-hfb-above-header-display":"","ast-hfb-below-header-display":"","ast-hfb-mobile-header-display":"","site-post-title":"","ast-breadcrumbs-content":"","ast-featured-img":"","footer-sml-layout":"","theme-transparent-header-meta":"","adv-header-id-meta":"","stick-header-meta":"","header-above-stick-meta":"","header-main-stick-meta":"","header-below-stick-meta":"","astra-migrate-meta-layouts":"default","ast-page-background-enabled":"default","ast-page-background-meta":{"desktop":{"background-color":"var(--ast-global-color-4)","background-image":"","background-repeat":"repeat","background-position":"center center","background-size":"auto","background-attachment":"scroll","background-type":"","background-media":"","overlay-type":"","overlay-color":"","overlay-opacity":"","overlay-gradient":""},"tablet":{"background-color":"","background-image":"","background-repeat":"repeat","background-position":"center center","background-size":"auto","background-attachment":"scroll","background-type":"","background-media":"","overlay-type":"","overlay-color":"","overlay-opacity":"","overlay-gradient":""},"mobile":{"background-color":"","background-image":"","background-repeat":"repeat","background-position":"center center","background-size":"auto","background-attachment":"scroll","background-type":"","background-media":"","overlay-type":"","overlay-color":"","overlay-opacity":"","overlay-gradient":""}},"ast-content-background-meta":{"desktop":{"background-color":"var(--ast-global-color-5)","background-image":"","background-repeat":"repeat","background-position":"center center","background-size":"auto","background-attachment":"scroll","background-type":"","background-media":"","overlay-type":"","overlay-color":"","overlay-opacity":"","overlay-gradient":""},"tablet":{"background-color":"var(--ast-global-color-5)","background-image":"","background-repeat":"repeat","background-position":"center center","background-size":"auto","background-attachment":"scroll","background-type":"","background-media":"","overlay-type":"","overlay-color":"","overlay-opacity":"","overlay-gradient":""},"mobile":{"background-color":"var(--ast-global-color-5)","background-image":"","background-repeat":"repeat","background-position":"center center","background-size":"auto","background-attachment":"scroll","background-type":"","background-media":"","overlay-type":"","overlay-color":"","overlay-opacity":"","overlay-gradient":""}},"footnotes":""},"categories":[1,29],"tags":[],"class_list":["post-9228","post","type-post","status-publish","format-standard","has-post-thumbnail","hentry","category-general","category-portada"],"post_mailing_queue_ids":[],"_links":{"self":[{"href":"https:\/\/agora.xtec.cat\/iesjoanbrudieu\/wp-json\/wp\/v2\/posts\/9228","targetHints":{"allow":["GET"]}}],"collection":[{"href":"https:\/\/agora.xtec.cat\/iesjoanbrudieu\/wp-json\/wp\/v2\/posts"}],"about":[{"href":"https:\/\/agora.xtec.cat\/iesjoanbrudieu\/wp-json\/wp\/v2\/types\/post"}],"author":[{"embeddable":true,"href":"https:\/\/agora.xtec.cat\/iesjoanbrudieu\/wp-json\/wp\/v2\/users\/1"}],"replies":[{"embeddable":true,"href":"https:\/\/agora.xtec.cat\/iesjoanbrudieu\/wp-json\/wp\/v2\/comments?post=9228"}],"version-history":[{"count":2,"href":"https:\/\/agora.xtec.cat\/iesjoanbrudieu\/wp-json\/wp\/v2\/posts\/9228\/revisions"}],"predecessor-version":[{"id":9231,"href":"https:\/\/agora.xtec.cat\/iesjoanbrudieu\/wp-json\/wp\/v2\/posts\/9228\/revisions\/9231"}],"wp:featuredmedia":[{"embeddable":true,"href":"https:\/\/agora.xtec.cat\/iesjoanbrudieu\/wp-json\/wp\/v2\/media\/9229"}],"wp:attachment":[{"href":"https:\/\/agora.xtec.cat\/iesjoanbrudieu\/wp-json\/wp\/v2\/media?parent=9228"}],"wp:term":[{"taxonomy":"category","embeddable":true,"href":"https:\/\/agora.xtec.cat\/iesjoanbrudieu\/wp-json\/wp\/v2\/categories?post=9228"},{"taxonomy":"post_tag","embeddable":true,"href":"https:\/\/agora.xtec.cat\/iesjoanbrudieu\/wp-json\/wp\/v2\/tags?post=9228"}],"curies":[{"name":"wp","href":"https:\/\/api.w.org\/{rel}","templated":true}]}}