{"id":8882,"date":"2023-12-16T07:50:15","date_gmt":"2023-12-16T06:50:15","guid":{"rendered":"https:\/\/agora.xtec.cat\/iesjoanbrudieu\/?p=8882"},"modified":"2023-12-16T07:50:40","modified_gmt":"2023-12-16T06:50:40","slug":"xerrada-de-creu-roja-a-lalumnat-de-caiapd-de-2n","status":"publish","type":"post","link":"https:\/\/agora.xtec.cat\/iesjoanbrudieu\/general\/xerrada-de-creu-roja-a-lalumnat-de-caiapd-de-2n\/","title":{"rendered":"Xerrada de Creu Roja a l&#8217;alumnat de CAI+APD de 2n"},"content":{"rendered":"<div>\n<p><span id=\"m_-6511243019680833169gmail-docs-internal-guid-bb2661e4-7fff-44fd-eb20-2e0373810967\">Dimecres dia 13 de desembre, l\u2019alumnat de CAI-APD2 ha gaudit d\u2019una xerrada de la Susanna Fajula de la Creu Roja de La Seu d\u2019Urgell. La Susanna ens ha explicat com funciona el <a href=\"https:\/\/institutjoanbrudieu.cat\/public\/web_centre\/html\/documents\/institut\/curs\/231213_Diptic_Teleassistencia_Creu_Roja.pdf\" target=\"_blank\" rel=\"noopener\">servei de teleassist\u00e8ncia de la Creu Roja<\/a>, i tots els diferents tipus de teleassist\u00e8ncia que ofereixen. A m\u00e9s a m\u00e9s, ens ha ensenyat els aparells que instal\u00b7len als domicilis i el seu funcionament, i el procediment per donar d\u2019alta una persona usu\u00e0ria. Tamb\u00e9 ens ha compartit informaci\u00f3 sobre la Creu Roja, la possibilitat de fer-se voluntari a partir dels 16 anys i les formacions de primers auxilis que ofereixen. Gr\u00e0cies a la Creu Roja de La Seu d\u2019Urgell per la seva disponibilitat! (<a href=\"https:\/\/photos.app.goo.gl\/7buZphXsumETA2XA7\" target=\"_blank\" rel=\"noopener\">fotos<\/a>)<br \/>\n<\/span><\/p>\n<p><a href=\"https:\/\/agora.xtec.cat\/iesjoanbrudieu\/wp-content\/uploads\/usu1248\/2023\/12\/231213_Xerrada_Creu_Roja.jpg\"><img loading=\"lazy\" decoding=\"async\" class=\"aligncenter size-full wp-image-8883\" src=\"https:\/\/agora.xtec.cat\/iesjoanbrudieu\/wp-content\/uploads\/usu1248\/2023\/12\/231213_Xerrada_Creu_Roja.jpg\" alt=\"\" width=\"300\" height=\"225\" srcset=\"https:\/\/agora.xtec.cat\/iesjoanbrudieu\/wp-content\/uploads\/usu1248\/2023\/12\/231213_Xerrada_Creu_Roja.jpg 300w, https:\/\/agora.xtec.cat\/iesjoanbrudieu\/wp-content\/uploads\/usu1248\/2023\/12\/231213_Xerrada_Creu_Roja-200x150.jpg 200w\" sizes=\"auto, (max-width: 300px) 100vw, 300px\" \/><\/a><\/p>\n<p class=\"adL\">\n<\/div>\n","protected":false},"excerpt":{"rendered":"<p>Dimecres dia 13 de desembre, l\u2019alumnat de CAI-APD2 ha gaudit d\u2019una xerrada de la Susanna Fajula de la Creu Roja de La Seu d\u2019Urgell. La Susanna ens ha explicat com funciona el servei de teleassist\u00e8ncia de la Creu Roja, i tots els diferents tipus de teleassist\u00e8ncia que ofereixen. A m\u00e9s a m\u00e9s, ens ha ensenyat [&hellip;]<\/p>\n","protected":false},"author":1,"featured_media":8883,"comment_status":"closed","ping_status":"closed","sticky":false,"template":"","format":"standard","meta":{"_bbp_topic_count":0,"_bbp_reply_count":0,"_bbp_total_topic_count":0,"_bbp_total_reply_count":0,"_bbp_voice_count":0,"_bbp_anonymous_reply_count":0,"_bbp_topic_count_hidden":0,"_bbp_reply_count_hidden":0,"_bbp_forum_subforum_count":0,"site-sidebar-layout":"default","site-content-layout":"","ast-site-content-layout":"","site-content-style":"default","site-sidebar-style":"default","ast-global-header-display":"","ast-banner-title-visibility":"","ast-main-header-display":"","ast-hfb-above-header-display":"","ast-hfb-below-header-display":"","ast-hfb-mobile-header-display":"","site-post-title":"","ast-breadcrumbs-content":"","ast-featured-img":"","footer-sml-layout":"","theme-transparent-header-meta":"","adv-header-id-meta":"","stick-header-meta":"","header-above-stick-meta":"","header-main-stick-meta":"","header-below-stick-meta":"","astra-migrate-meta-layouts":"default","ast-page-background-enabled":"default","ast-page-background-meta":{"desktop":{"background-color":"var(--ast-global-color-4)","background-image":"","background-repeat":"repeat","background-position":"center center","background-size":"auto","background-attachment":"scroll","background-type":"","background-media":"","overlay-type":"","overlay-color":"","overlay-opacity":"","overlay-gradient":""},"tablet":{"background-color":"","background-image":"","background-repeat":"repeat","background-position":"center center","background-size":"auto","background-attachment":"scroll","background-type":"","background-media":"","overlay-type":"","overlay-color":"","overlay-opacity":"","overlay-gradient":""},"mobile":{"background-color":"","background-image":"","background-repeat":"repeat","background-position":"center center","background-size":"auto","background-attachment":"scroll","background-type":"","background-media":"","overlay-type":"","overlay-color":"","overlay-opacity":"","overlay-gradient":""}},"ast-content-background-meta":{"desktop":{"background-color":"var(--ast-global-color-5)","background-image":"","background-repeat":"repeat","background-position":"center center","background-size":"auto","background-attachment":"scroll","background-type":"","background-media":"","overlay-type":"","overlay-color":"","overlay-opacity":"","overlay-gradient":""},"tablet":{"background-color":"var(--ast-global-color-5)","background-image":"","background-repeat":"repeat","background-position":"center center","background-size":"auto","background-attachment":"scroll","background-type":"","background-media":"","overlay-type":"","overlay-color":"","overlay-opacity":"","overlay-gradient":""},"mobile":{"background-color":"var(--ast-global-color-5)","background-image":"","background-repeat":"repeat","background-position":"center center","background-size":"auto","background-attachment":"scroll","background-type":"","background-media":"","overlay-type":"","overlay-color":"","overlay-opacity":"","overlay-gradient":""}},"footnotes":""},"categories":[1,29],"tags":[],"class_list":["post-8882","post","type-post","status-publish","format-standard","has-post-thumbnail","hentry","category-general","category-portada"],"post_mailing_queue_ids":[],"_links":{"self":[{"href":"https:\/\/agora.xtec.cat\/iesjoanbrudieu\/wp-json\/wp\/v2\/posts\/8882","targetHints":{"allow":["GET"]}}],"collection":[{"href":"https:\/\/agora.xtec.cat\/iesjoanbrudieu\/wp-json\/wp\/v2\/posts"}],"about":[{"href":"https:\/\/agora.xtec.cat\/iesjoanbrudieu\/wp-json\/wp\/v2\/types\/post"}],"author":[{"embeddable":true,"href":"https:\/\/agora.xtec.cat\/iesjoanbrudieu\/wp-json\/wp\/v2\/users\/1"}],"replies":[{"embeddable":true,"href":"https:\/\/agora.xtec.cat\/iesjoanbrudieu\/wp-json\/wp\/v2\/comments?post=8882"}],"version-history":[{"count":2,"href":"https:\/\/agora.xtec.cat\/iesjoanbrudieu\/wp-json\/wp\/v2\/posts\/8882\/revisions"}],"predecessor-version":[{"id":8885,"href":"https:\/\/agora.xtec.cat\/iesjoanbrudieu\/wp-json\/wp\/v2\/posts\/8882\/revisions\/8885"}],"wp:featuredmedia":[{"embeddable":true,"href":"https:\/\/agora.xtec.cat\/iesjoanbrudieu\/wp-json\/wp\/v2\/media\/8883"}],"wp:attachment":[{"href":"https:\/\/agora.xtec.cat\/iesjoanbrudieu\/wp-json\/wp\/v2\/media?parent=8882"}],"wp:term":[{"taxonomy":"category","embeddable":true,"href":"https:\/\/agora.xtec.cat\/iesjoanbrudieu\/wp-json\/wp\/v2\/categories?post=8882"},{"taxonomy":"post_tag","embeddable":true,"href":"https:\/\/agora.xtec.cat\/iesjoanbrudieu\/wp-json\/wp\/v2\/tags?post=8882"}],"curies":[{"name":"wp","href":"https:\/\/api.w.org\/{rel}","templated":true}]}}