{"id":8805,"date":"2023-11-09T08:18:55","date_gmt":"2023-11-09T07:18:55","guid":{"rendered":"https:\/\/agora.xtec.cat\/iesjoanbrudieu\/?p=8805"},"modified":"2023-11-09T08:21:29","modified_gmt":"2023-11-09T07:21:29","slug":"candidatures-per-a-les-eleccions-del-consell-escolar-2023","status":"publish","type":"post","link":"https:\/\/agora.xtec.cat\/iesjoanbrudieu\/general\/candidatures-per-a-les-eleccions-del-consell-escolar-2023\/","title":{"rendered":"Candidatures per a les eleccions del Consell Escolar (2023)"},"content":{"rendered":"<p>S\u2019han validat totes les candidatures per a les eleccions per renovar els membres del Consell Escolar 2023 i han quedat configurades segons s\u2019explicita en <a href=\"https:\/\/institutjoanbrudieu.cat\/public\/web_centre\/html\/documents\/consell%20escolar\/Publicitat_candidatures_CESC_2023.pdf\" target=\"_blank\" rel=\"noopener\">aquest document<\/a>. M\u00e9s informaci\u00f3 a la nostra p\u00e0gina web, a l\u2019apartat dedicat a les <a href=\"https:\/\/agora.xtec.cat\/iesjoanbrudieu\/linstitut\/consell-escolar\/eleccions\/\" target=\"_blank\" rel=\"noopener\">Eleccions Consell Escolar 2023<\/a>. Us recordem les dates d\u2019eleccions: <strong>21 de novembre (alumnat i fam\u00edlies) i 22 de novembre (professorat)<\/strong>.<\/p>\n<ul>\n<li><a href=\"https:\/\/institutjoanbrudieu.cat\/public\/web_centre\/html\/documents\/consell%20escolar\/Candidatures_professorat_2023.pdf\" target=\"_blank\" rel=\"noopener\">Professorat: Llista <strong>candidatures<\/strong> amb fotografies<\/a>.<\/li>\n<li><a href=\"https:\/\/institutjoanbrudieu.cat\/public\/web_centre\/html\/documents\/consell%20escolar\/Candidatures_alumnat_2021.pdf\" target=\"_blank\" rel=\"noopener\">Alumnat: Llista <strong>candidatures<\/strong> amb fotografies<\/a>.<\/li>\n<li><a href=\"https:\/\/institutjoanbrudieu.cat\/public\/web_centre\/html\/documents\/consell%20escolar\/Candidatures_families_2023.pdf\" target=\"_blank\" rel=\"noopener\">Fam\u00edlies: Llista <strong>candidatures<\/strong> amb fotografies<\/a>.<\/li>\n<\/ul>\n<p style=\"text-align: center;\"><object style=\"width: 800px; height: 1200px;\" data=\"https:\/\/institutjoanbrudieu.cat\/public\/web_centre\/html\/documents\/consell%20escolar\/Publicitat_candidatures_CESC_2023.pdf\" width=\"300\" height=\"150\"><\/object><\/p>\n","protected":false},"excerpt":{"rendered":"<p>S\u2019han validat totes les candidatures per a les eleccions per renovar els membres del Consell Escolar 2023 i han quedat configurades segons s\u2019explicita en aquest document. M\u00e9s informaci\u00f3 a la nostra p\u00e0gina web, a l\u2019apartat dedicat a les Eleccions Consell Escolar 2023. Us recordem les dates d\u2019eleccions: 21 de novembre (alumnat i fam\u00edlies) i 22 [&hellip;]<\/p>\n","protected":false},"author":1,"featured_media":1968,"comment_status":"closed","ping_status":"closed","sticky":false,"template":"","format":"standard","meta":{"_bbp_topic_count":0,"_bbp_reply_count":0,"_bbp_total_topic_count":0,"_bbp_total_reply_count":0,"_bbp_voice_count":0,"_bbp_anonymous_reply_count":0,"_bbp_topic_count_hidden":0,"_bbp_reply_count_hidden":0,"_bbp_forum_subforum_count":0,"site-sidebar-layout":"default","site-content-layout":"","ast-site-content-layout":"","site-content-style":"default","site-sidebar-style":"default","ast-global-header-display":"","ast-banner-title-visibility":"","ast-main-header-display":"","ast-hfb-above-header-display":"","ast-hfb-below-header-display":"","ast-hfb-mobile-header-display":"","site-post-title":"","ast-breadcrumbs-content":"","ast-featured-img":"","footer-sml-layout":"","theme-transparent-header-meta":"","adv-header-id-meta":"","stick-header-meta":"","header-above-stick-meta":"","header-main-stick-meta":"","header-below-stick-meta":"","astra-migrate-meta-layouts":"default","ast-page-background-enabled":"default","ast-page-background-meta":{"desktop":{"background-color":"var(--ast-global-color-4)","background-image":"","background-repeat":"repeat","background-position":"center center","background-size":"auto","background-attachment":"scroll","background-type":"","background-media":"","overlay-type":"","overlay-color":"","overlay-opacity":"","overlay-gradient":""},"tablet":{"background-color":"","background-image":"","background-repeat":"repeat","background-position":"center center","background-size":"auto","background-attachment":"scroll","background-type":"","background-media":"","overlay-type":"","overlay-color":"","overlay-opacity":"","overlay-gradient":""},"mobile":{"background-color":"","background-image":"","background-repeat":"repeat","background-position":"center center","background-size":"auto","background-attachment":"scroll","background-type":"","background-media":"","overlay-type":"","overlay-color":"","overlay-opacity":"","overlay-gradient":""}},"ast-content-background-meta":{"desktop":{"background-color":"var(--ast-global-color-5)","background-image":"","background-repeat":"repeat","background-position":"center center","background-size":"auto","background-attachment":"scroll","background-type":"","background-media":"","overlay-type":"","overlay-color":"","overlay-opacity":"","overlay-gradient":""},"tablet":{"background-color":"var(--ast-global-color-5)","background-image":"","background-repeat":"repeat","background-position":"center center","background-size":"auto","background-attachment":"scroll","background-type":"","background-media":"","overlay-type":"","overlay-color":"","overlay-opacity":"","overlay-gradient":""},"mobile":{"background-color":"var(--ast-global-color-5)","background-image":"","background-repeat":"repeat","background-position":"center center","background-size":"auto","background-attachment":"scroll","background-type":"","background-media":"","overlay-type":"","overlay-color":"","overlay-opacity":"","overlay-gradient":""}},"footnotes":""},"categories":[1,29],"tags":[],"class_list":["post-8805","post","type-post","status-publish","format-standard","has-post-thumbnail","hentry","category-general","category-portada"],"post_mailing_queue_ids":[],"_links":{"self":[{"href":"https:\/\/agora.xtec.cat\/iesjoanbrudieu\/wp-json\/wp\/v2\/posts\/8805","targetHints":{"allow":["GET"]}}],"collection":[{"href":"https:\/\/agora.xtec.cat\/iesjoanbrudieu\/wp-json\/wp\/v2\/posts"}],"about":[{"href":"https:\/\/agora.xtec.cat\/iesjoanbrudieu\/wp-json\/wp\/v2\/types\/post"}],"author":[{"embeddable":true,"href":"https:\/\/agora.xtec.cat\/iesjoanbrudieu\/wp-json\/wp\/v2\/users\/1"}],"replies":[{"embeddable":true,"href":"https:\/\/agora.xtec.cat\/iesjoanbrudieu\/wp-json\/wp\/v2\/comments?post=8805"}],"version-history":[{"count":2,"href":"https:\/\/agora.xtec.cat\/iesjoanbrudieu\/wp-json\/wp\/v2\/posts\/8805\/revisions"}],"predecessor-version":[{"id":8807,"href":"https:\/\/agora.xtec.cat\/iesjoanbrudieu\/wp-json\/wp\/v2\/posts\/8805\/revisions\/8807"}],"wp:featuredmedia":[{"embeddable":true,"href":"https:\/\/agora.xtec.cat\/iesjoanbrudieu\/wp-json\/wp\/v2\/media\/1968"}],"wp:attachment":[{"href":"https:\/\/agora.xtec.cat\/iesjoanbrudieu\/wp-json\/wp\/v2\/media?parent=8805"}],"wp:term":[{"taxonomy":"category","embeddable":true,"href":"https:\/\/agora.xtec.cat\/iesjoanbrudieu\/wp-json\/wp\/v2\/categories?post=8805"},{"taxonomy":"post_tag","embeddable":true,"href":"https:\/\/agora.xtec.cat\/iesjoanbrudieu\/wp-json\/wp\/v2\/tags?post=8805"}],"curies":[{"name":"wp","href":"https:\/\/api.w.org\/{rel}","templated":true}]}}