{"id":8755,"date":"2023-10-03T08:45:58","date_gmt":"2023-10-03T06:45:58","guid":{"rendered":"https:\/\/agora.xtec.cat\/iesjoanbrudieu\/?p=8755"},"modified":"2023-11-09T08:14:11","modified_gmt":"2023-11-09T07:14:11","slug":"eleccions-per-renovar-els-membres-del-consell-escolar-2023","status":"publish","type":"post","link":"https:\/\/agora.xtec.cat\/iesjoanbrudieu\/general\/eleccions-per-renovar-els-membres-del-consell-escolar-2023\/","title":{"rendered":"Eleccions per renovar els membres del Consell Escolar (2023)"},"content":{"rendered":"<p>D\u2019acord amb la <a href=\"https:\/\/institutjoanbrudieu.cat\/public\/web_centre\/html\/documents\/consell%20escolar\/Norma_DOGC_Resolucio_2023.pdf\" target=\"_blank\" rel=\"noopener noreferrer\"><strong>Resoluci\u00f3 EDU\/3014\/2023<\/strong><\/a>, de 30 d&#8217;agost, es <a href=\"http:\/\/institutjoanbrudieu.cat\/public\/web_centre\/html\/documents\/consell%20escolar\/Eleccions_CE_2023_convocatoria.pdf\" target=\"_blank\" rel=\"noopener\">convoquen eleccions<\/a> per renovar els membres del consell escolar de l\u2019Institut, concretament del <a href=\"http:\/\/institutjoanbrudieu.cat\/public\/web_centre\/html\/documents\/consell%20escolar\/Carta_informacio_professorat_2023.pdf\" target=\"_blank\" rel=\"noopener\">professorat<\/a> (renovaci\u00f3 de 5 membres: 4 ordinaris per a 4 anys i 1 vacant extraordin\u00e0ria per a 2 anys), de l\u2019<a href=\"http:\/\/institutjoanbrudieu.cat\/public\/web_centre\/html\/documents\/consell%20escolar\/Carta_informacio_alumnat_2023.pdf\" target=\"_blank\" rel=\"noopener\">alumnat <\/a>(renovaci\u00f3 de 3 membres: 2 ordinaris per a 4 anys i 1 vacant extraordin\u00e0ria per a 2 anys) i dels <a href=\"http:\/\/institutjoanbrudieu.cat\/public\/web_centre\/html\/documents\/consell%20escolar\/Carta_informacio_families_2023.pdf\" target=\"_blank\" rel=\"noopener\">pares i mares o tutors i tutores de l\u2019alumnat<\/a> (renovaci\u00f3 de 2 membres). Tota la informaci\u00f3 del <a href=\"http:\/\/institutjoanbrudieu.cat\/public\/web_centre\/html\/documents\/consell%20escolar\/Calendari_Eleccions_CE_2023.pdf\" target=\"_blank\" rel=\"noopener\">calendari<\/a> i de tot el proc\u00e9s electoral (<a href=\"http:\/\/institutjoanbrudieu.cat\/public\/web_centre\/html\/documents\/secretaria\/documents\/1617_NOFC_INSJB_Consell_Escolar.pdf\" target=\"_blank\" rel=\"noopener\">normes a les NOFC<\/a>), es troba a l\u2019apartat Men\u00fa &gt; Consell Escolar &gt; <a href=\"https:\/\/agora.xtec.cat\/iesjoanbrudieu\/wp-admin\/post.php?post=6568&amp;action=edit\" target=\"_blank\" rel=\"noopener\">Eleccions<\/a> d\u2019aquesta mateixa web.<\/p>\n<p>El resum del calendari del proc\u00e9s electoral \u00e9s el seg\u00fcent:<\/p>\n<ul>\n<li>30 d&#8217;octubre: Inici proc\u00e9s electoral \u2013 Inici presentaci\u00f3 candidatures (full de presentaci\u00f3 de candidatures: <a href=\"http:\/\/institutjoanbrudieu.cat\/public\/web_centre\/html\/documents\/consell%20escolar\/Presentacio_candidatura_professorat_2023.pdf\" target=\"_blank\" rel=\"noopener\">professorat<\/a>, <a href=\"http:\/\/institutjoanbrudieu.cat\/public\/web_centre\/html\/documents\/consell%20escolar\/Presentacio_candidatura_alumnat_2023.pdf\" target=\"_blank\" rel=\"noopener\">alumnat<\/a>, <a href=\"http:\/\/institutjoanbrudieu.cat\/public\/web_centre\/html\/documents\/consell%20escolar\/Presentacio_candidatura_families_2023.pdf\" target=\"_blank\" rel=\"noopener\">pares i mares o tutors de l&#8217;alumnat<\/a>.<\/li>\n<li>06 de novembre: Constituci\u00f3 meses electorals.<\/li>\n<li>07 de novembre: Final presentaci\u00f3 candidatures.<\/li>\n<li>09 de novembre: Publicaci\u00f3 candidatures.<\/li>\n<li>21 de novembre: Eleccions Alumnat i Fam\u00edlies.<\/li>\n<li>22 de novembre: Eleccions Professorat.<\/li>\n<li>04 de desembre: Constituci\u00f3 nou Consell Escolar.<\/li>\n<\/ul>\n<p style=\"text-align: center;\"><object style=\"width: 800px; height: 600px;\" data=\"https:\/\/institutjoanbrudieu.cat\/public\/web_centre\/html\/documents\/consell%20escolar\/Eleccions_CE_2023_convocatoria.pdf\" width=\"300\" height=\"150\"><\/object><\/p>\n<p style=\"text-align: center;\"><object style=\"width: 800px; height: 600px;\" data=\"https:\/\/institutjoanbrudieu.cat\/public\/web_centre\/html\/documents\/consell%20escolar\/Calendari_Eleccions_CE_2023.pdf\" width=\"300\" height=\"150\"><span style=\"display: inline-block; width: 0px; overflow: hidden; line-height: 0;\" data-mce-type=\"bookmark\" class=\"mce_SELRES_start\">\ufeff<\/span><\/object><\/p>\n","protected":false},"excerpt":{"rendered":"<p>D\u2019acord amb la Resoluci\u00f3 EDU\/3014\/2023, de 30 d&#8217;agost, es convoquen eleccions per renovar els membres del consell escolar de l\u2019Institut, concretament del professorat (renovaci\u00f3 de 5 membres: 4 ordinaris per a 4 anys i 1 vacant extraordin\u00e0ria per a 2 anys), de l\u2019alumnat (renovaci\u00f3 de 3 membres: 2 ordinaris per a 4 anys i 1 [&hellip;]<\/p>\n","protected":false},"author":1,"featured_media":1968,"comment_status":"closed","ping_status":"closed","sticky":false,"template":"","format":"standard","meta":{"_bbp_topic_count":0,"_bbp_reply_count":0,"_bbp_total_topic_count":0,"_bbp_total_reply_count":0,"_bbp_voice_count":0,"_bbp_anonymous_reply_count":0,"_bbp_topic_count_hidden":0,"_bbp_reply_count_hidden":0,"_bbp_forum_subforum_count":0,"site-sidebar-layout":"default","site-content-layout":"","ast-site-content-layout":"","site-content-style":"default","site-sidebar-style":"default","ast-global-header-display":"","ast-banner-title-visibility":"","ast-main-header-display":"","ast-hfb-above-header-display":"","ast-hfb-below-header-display":"","ast-hfb-mobile-header-display":"","site-post-title":"","ast-breadcrumbs-content":"","ast-featured-img":"","footer-sml-layout":"","theme-transparent-header-meta":"","adv-header-id-meta":"","stick-header-meta":"","header-above-stick-meta":"","header-main-stick-meta":"","header-below-stick-meta":"","astra-migrate-meta-layouts":"default","ast-page-background-enabled":"default","ast-page-background-meta":{"desktop":{"background-color":"var(--ast-global-color-4)","background-image":"","background-repeat":"repeat","background-position":"center center","background-size":"auto","background-attachment":"scroll","background-type":"","background-media":"","overlay-type":"","overlay-color":"","overlay-opacity":"","overlay-gradient":""},"tablet":{"background-color":"","background-image":"","background-repeat":"repeat","background-position":"center center","background-size":"auto","background-attachment":"scroll","background-type":"","background-media":"","overlay-type":"","overlay-color":"","overlay-opacity":"","overlay-gradient":""},"mobile":{"background-color":"","background-image":"","background-repeat":"repeat","background-position":"center center","background-size":"auto","background-attachment":"scroll","background-type":"","background-media":"","overlay-type":"","overlay-color":"","overlay-opacity":"","overlay-gradient":""}},"ast-content-background-meta":{"desktop":{"background-color":"var(--ast-global-color-5)","background-image":"","background-repeat":"repeat","background-position":"center center","background-size":"auto","background-attachment":"scroll","background-type":"","background-media":"","overlay-type":"","overlay-color":"","overlay-opacity":"","overlay-gradient":""},"tablet":{"background-color":"var(--ast-global-color-5)","background-image":"","background-repeat":"repeat","background-position":"center center","background-size":"auto","background-attachment":"scroll","background-type":"","background-media":"","overlay-type":"","overlay-color":"","overlay-opacity":"","overlay-gradient":""},"mobile":{"background-color":"var(--ast-global-color-5)","background-image":"","background-repeat":"repeat","background-position":"center center","background-size":"auto","background-attachment":"scroll","background-type":"","background-media":"","overlay-type":"","overlay-color":"","overlay-opacity":"","overlay-gradient":""}},"footnotes":""},"categories":[1,29],"tags":[],"class_list":["post-8755","post","type-post","status-publish","format-standard","has-post-thumbnail","hentry","category-general","category-portada"],"post_mailing_queue_ids":[],"_links":{"self":[{"href":"https:\/\/agora.xtec.cat\/iesjoanbrudieu\/wp-json\/wp\/v2\/posts\/8755","targetHints":{"allow":["GET"]}}],"collection":[{"href":"https:\/\/agora.xtec.cat\/iesjoanbrudieu\/wp-json\/wp\/v2\/posts"}],"about":[{"href":"https:\/\/agora.xtec.cat\/iesjoanbrudieu\/wp-json\/wp\/v2\/types\/post"}],"author":[{"embeddable":true,"href":"https:\/\/agora.xtec.cat\/iesjoanbrudieu\/wp-json\/wp\/v2\/users\/1"}],"replies":[{"embeddable":true,"href":"https:\/\/agora.xtec.cat\/iesjoanbrudieu\/wp-json\/wp\/v2\/comments?post=8755"}],"version-history":[{"count":1,"href":"https:\/\/agora.xtec.cat\/iesjoanbrudieu\/wp-json\/wp\/v2\/posts\/8755\/revisions"}],"predecessor-version":[{"id":8756,"href":"https:\/\/agora.xtec.cat\/iesjoanbrudieu\/wp-json\/wp\/v2\/posts\/8755\/revisions\/8756"}],"wp:featuredmedia":[{"embeddable":true,"href":"https:\/\/agora.xtec.cat\/iesjoanbrudieu\/wp-json\/wp\/v2\/media\/1968"}],"wp:attachment":[{"href":"https:\/\/agora.xtec.cat\/iesjoanbrudieu\/wp-json\/wp\/v2\/media?parent=8755"}],"wp:term":[{"taxonomy":"category","embeddable":true,"href":"https:\/\/agora.xtec.cat\/iesjoanbrudieu\/wp-json\/wp\/v2\/categories?post=8755"},{"taxonomy":"post_tag","embeddable":true,"href":"https:\/\/agora.xtec.cat\/iesjoanbrudieu\/wp-json\/wp\/v2\/tags?post=8755"}],"curies":[{"name":"wp","href":"https:\/\/api.w.org\/{rel}","templated":true}]}}