{"id":8595,"date":"2023-06-17T10:18:11","date_gmt":"2023-06-17T08:18:11","guid":{"rendered":"https:\/\/agora.xtec.cat\/iesjoanbrudieu\/?p=8595"},"modified":"2023-06-17T10:18:11","modified_gmt":"2023-06-17T08:18:11","slug":"tds-a-3r-eso-visionat-documental-i-les-fonts-van-parlar","status":"publish","type":"post","link":"https:\/\/agora.xtec.cat\/iesjoanbrudieu\/general\/tds-a-3r-eso-visionat-documental-i-les-fonts-van-parlar\/","title":{"rendered":"TdS a 3r ESO. Visionat documental I les fonts van parlar"},"content":{"rendered":"<p>Els alumnes de 3r d&#8217;ESO de l&#8217;Institut Joan Brudieu han visualitzat el documental &#8220;I les fonts van parlar&#8221;, dedicat als aiguats de 1982 que van afectar especialment l&#8217;Alt Urgell, Andorra i la Cerdanya (<a href=\"https:\/\/photos.app.goo.gl\/1CCef6nQuy68eNo48\" target=\"_blank\" rel=\"noopener\">fotos<\/a>). La visualitzaci\u00f3 d&#8217;aquest projecte s&#8217;emmarca en el Treball de S\u00edntesi d&#8217;enguany dedicat a l&#8217;Aigua i on ja hi havia un apartat que comentava la trag\u00e8dia que es va viure el 1982. El film \u00e9s una recreaci\u00f3 de les 48 hores m\u00e9s tr\u00e0giques i inesperades de les inundacions i el seu impacte hum\u00e0 i material, explicat a trav\u00e9s de sis testimonis que van viure la trag\u00e8dia en carn pr\u00f2pia. El documental se centra en<strong> sis hist\u00f2ries que van tenir lloc a Martinet, el Pont de Bar, Montferrer, Oliana, la Seu d\u2019Urgell i Andorra.<\/strong> Els testimonis s\u2019han escollit per la seva singularitat i perqu\u00e8 permeten traslladar l&#8217;espectador als dies 7 i 8 de novembre del 1982. El projecte \u00e9s el resultat d\u2019un any de recerca de fonts orals i documentals, entrevistes, filmacions i muntatge. Pirineus Televisi\u00f3 va projectar el documental per primer cop el passat dimecres 7 de juny i aquest \u00e9s el resultat d&#8217;un any de recerca de fonts orals i documentals, entrevistes, filmacions i muntatge.<\/p>\n<p style=\"text-align: center;\"><iframe loading=\"lazy\" title=\"YouTube video player\" src=\"https:\/\/www.youtube.com\/embed\/vlHZIFrcJHo\" width=\"560\" height=\"315\" frameborder=\"0\" allowfullscreen=\"allowfullscreen\"><\/iframe><\/p>\n","protected":false},"excerpt":{"rendered":"<p>Els alumnes de 3r d&#8217;ESO de l&#8217;Institut Joan Brudieu han visualitzat el documental &#8220;I les fonts van parlar&#8221;, dedicat als aiguats de 1982 que van afectar especialment l&#8217;Alt Urgell, Andorra i la Cerdanya (fotos). La visualitzaci\u00f3 d&#8217;aquest projecte s&#8217;emmarca en el Treball de S\u00edntesi d&#8217;enguany dedicat a l&#8217;Aigua i on ja hi havia un apartat [&hellip;]<\/p>\n","protected":false},"author":1,"featured_media":8596,"comment_status":"closed","ping_status":"closed","sticky":false,"template":"","format":"standard","meta":{"_bbp_topic_count":0,"_bbp_reply_count":0,"_bbp_total_topic_count":0,"_bbp_total_reply_count":0,"_bbp_voice_count":0,"_bbp_anonymous_reply_count":0,"_bbp_topic_count_hidden":0,"_bbp_reply_count_hidden":0,"_bbp_forum_subforum_count":0,"site-sidebar-layout":"default","site-content-layout":"","ast-site-content-layout":"","site-content-style":"default","site-sidebar-style":"default","ast-global-header-display":"","ast-banner-title-visibility":"","ast-main-header-display":"","ast-hfb-above-header-display":"","ast-hfb-below-header-display":"","ast-hfb-mobile-header-display":"","site-post-title":"","ast-breadcrumbs-content":"","ast-featured-img":"","footer-sml-layout":"","theme-transparent-header-meta":"","adv-header-id-meta":"","stick-header-meta":"","header-above-stick-meta":"","header-main-stick-meta":"","header-below-stick-meta":"","astra-migrate-meta-layouts":"default","ast-page-background-enabled":"default","ast-page-background-meta":{"desktop":{"background-color":"var(--ast-global-color-4)","background-image":"","background-repeat":"repeat","background-position":"center center","background-size":"auto","background-attachment":"scroll","background-type":"","background-media":"","overlay-type":"","overlay-color":"","overlay-opacity":"","overlay-gradient":""},"tablet":{"background-color":"","background-image":"","background-repeat":"repeat","background-position":"center center","background-size":"auto","background-attachment":"scroll","background-type":"","background-media":"","overlay-type":"","overlay-color":"","overlay-opacity":"","overlay-gradient":""},"mobile":{"background-color":"","background-image":"","background-repeat":"repeat","background-position":"center center","background-size":"auto","background-attachment":"scroll","background-type":"","background-media":"","overlay-type":"","overlay-color":"","overlay-opacity":"","overlay-gradient":""}},"ast-content-background-meta":{"desktop":{"background-color":"var(--ast-global-color-5)","background-image":"","background-repeat":"repeat","background-position":"center center","background-size":"auto","background-attachment":"scroll","background-type":"","background-media":"","overlay-type":"","overlay-color":"","overlay-opacity":"","overlay-gradient":""},"tablet":{"background-color":"var(--ast-global-color-5)","background-image":"","background-repeat":"repeat","background-position":"center center","background-size":"auto","background-attachment":"scroll","background-type":"","background-media":"","overlay-type":"","overlay-color":"","overlay-opacity":"","overlay-gradient":""},"mobile":{"background-color":"var(--ast-global-color-5)","background-image":"","background-repeat":"repeat","background-position":"center center","background-size":"auto","background-attachment":"scroll","background-type":"","background-media":"","overlay-type":"","overlay-color":"","overlay-opacity":"","overlay-gradient":""}},"footnotes":""},"categories":[1,29],"tags":[],"class_list":["post-8595","post","type-post","status-publish","format-standard","has-post-thumbnail","hentry","category-general","category-portada"],"post_mailing_queue_ids":[],"_links":{"self":[{"href":"https:\/\/agora.xtec.cat\/iesjoanbrudieu\/wp-json\/wp\/v2\/posts\/8595","targetHints":{"allow":["GET"]}}],"collection":[{"href":"https:\/\/agora.xtec.cat\/iesjoanbrudieu\/wp-json\/wp\/v2\/posts"}],"about":[{"href":"https:\/\/agora.xtec.cat\/iesjoanbrudieu\/wp-json\/wp\/v2\/types\/post"}],"author":[{"embeddable":true,"href":"https:\/\/agora.xtec.cat\/iesjoanbrudieu\/wp-json\/wp\/v2\/users\/1"}],"replies":[{"embeddable":true,"href":"https:\/\/agora.xtec.cat\/iesjoanbrudieu\/wp-json\/wp\/v2\/comments?post=8595"}],"version-history":[{"count":1,"href":"https:\/\/agora.xtec.cat\/iesjoanbrudieu\/wp-json\/wp\/v2\/posts\/8595\/revisions"}],"predecessor-version":[{"id":8597,"href":"https:\/\/agora.xtec.cat\/iesjoanbrudieu\/wp-json\/wp\/v2\/posts\/8595\/revisions\/8597"}],"wp:featuredmedia":[{"embeddable":true,"href":"https:\/\/agora.xtec.cat\/iesjoanbrudieu\/wp-json\/wp\/v2\/media\/8596"}],"wp:attachment":[{"href":"https:\/\/agora.xtec.cat\/iesjoanbrudieu\/wp-json\/wp\/v2\/media?parent=8595"}],"wp:term":[{"taxonomy":"category","embeddable":true,"href":"https:\/\/agora.xtec.cat\/iesjoanbrudieu\/wp-json\/wp\/v2\/categories?post=8595"},{"taxonomy":"post_tag","embeddable":true,"href":"https:\/\/agora.xtec.cat\/iesjoanbrudieu\/wp-json\/wp\/v2\/tags?post=8595"}],"curies":[{"name":"wp","href":"https:\/\/api.w.org\/{rel}","templated":true}]}}