{"id":8363,"date":"2023-04-21T17:42:09","date_gmt":"2023-04-21T15:42:09","guid":{"rendered":"https:\/\/agora.xtec.cat\/iesjoanbrudieu\/?p=8363"},"modified":"2023-04-21T17:42:09","modified_gmt":"2023-04-21T15:42:09","slug":"exposicio-dalumnat-darts-al-museu-de-les-trementinaires","status":"publish","type":"post","link":"https:\/\/agora.xtec.cat\/iesjoanbrudieu\/general\/exposicio-dalumnat-darts-al-museu-de-les-trementinaires\/","title":{"rendered":"Exposici\u00f3 d&#8217;alumnat d&#8217;Arts al Museu de les Trementinaires"},"content":{"rendered":"<p>Des del 15 d&#8217;abril i fins el 14 de maig, podeu gaudir de les obres dels alumnes de 1r de Batxillerat Art\u00edstic de l&#8217;Institut Joan Brudieu, exposades en el Museu de les Trementinaires de Tuixent. Aquesta exposici\u00f3 s&#8217;emmarca dins del programa de la Festa de les Trementinaires i en motiu del Concurs Art, Dones i Boscos proposat per Reviure les Valls. El Concurs pret\u00e9n donar a con\u00e8ixer les valls de Tuixent i Lavansa al jovent que estudia a La Seu, motivant-los a la creaci\u00f3 art\u00edstica i liter\u00e0ria, inspirant-se en el nostre entorn. El premi del Concurs consisteix en una estada creativa a Cal Pallerola de Sorribes de Lavansa, amb l&#8217;assessorament d&#8217;artistes i escriptors de la comarca. Les obres s&#8217;han realitzat durant la materia de Projecte Art\u00edstic, amb la professora responsable, i pertany a l&#8217;especialitat d&#8217;Arts que es fa al centre. L&#8217;entrega dels premis es realitzar\u00e0 la tarda del dissabte 20 de maig a l&#8217;Espai La Vansa. (<a href=\"https:\/\/photos.app.goo.gl\/U2BZ7QEN24zX5zJ66\" target=\"_blank\" rel=\"noopener\">fotos<\/a>)<\/p>\n<p>Not\u00edcia a <a href=\"https:\/\/www.radioseu.cat\/noticies\/el-museu-de-les-trementinaires-de-tuixent-ofereix-una-exposicio-dobres-dalumnes-de-linstitut-joan-brudieu\" target=\"_blank\" rel=\"noopener\">R\u00e0dio Seu<\/a>.<\/p>\n<p><a href=\"https:\/\/agora.xtec.cat\/iesjoanbrudieu\/wp-content\/uploads\/usu1248\/2023\/04\/230415_Exposicio_Trementinaires_Tuixent.jpg\"><img loading=\"lazy\" decoding=\"async\" class=\"aligncenter size-full wp-image-8364\" src=\"https:\/\/agora.xtec.cat\/iesjoanbrudieu\/wp-content\/uploads\/usu1248\/2023\/04\/230415_Exposicio_Trementinaires_Tuixent.jpg\" alt=\"\" width=\"300\" height=\"160\" \/><\/a><\/p>\n","protected":false},"excerpt":{"rendered":"<p>Des del 15 d&#8217;abril i fins el 14 de maig, podeu gaudir de les obres dels alumnes de 1r de Batxillerat Art\u00edstic de l&#8217;Institut Joan Brudieu, exposades en el Museu de les Trementinaires de Tuixent. Aquesta exposici\u00f3 s&#8217;emmarca dins del programa de la Festa de les Trementinaires i en motiu del Concurs Art, Dones i [&hellip;]<\/p>\n","protected":false},"author":1,"featured_media":8364,"comment_status":"closed","ping_status":"closed","sticky":false,"template":"","format":"standard","meta":{"_bbp_topic_count":0,"_bbp_reply_count":0,"_bbp_total_topic_count":0,"_bbp_total_reply_count":0,"_bbp_voice_count":0,"_bbp_anonymous_reply_count":0,"_bbp_topic_count_hidden":0,"_bbp_reply_count_hidden":0,"_bbp_forum_subforum_count":0,"site-sidebar-layout":"default","site-content-layout":"","ast-site-content-layout":"","site-content-style":"default","site-sidebar-style":"default","ast-global-header-display":"","ast-banner-title-visibility":"","ast-main-header-display":"","ast-hfb-above-header-display":"","ast-hfb-below-header-display":"","ast-hfb-mobile-header-display":"","site-post-title":"","ast-breadcrumbs-content":"","ast-featured-img":"","footer-sml-layout":"","theme-transparent-header-meta":"","adv-header-id-meta":"","stick-header-meta":"","header-above-stick-meta":"","header-main-stick-meta":"","header-below-stick-meta":"","astra-migrate-meta-layouts":"default","ast-page-background-enabled":"default","ast-page-background-meta":{"desktop":{"background-color":"var(--ast-global-color-4)","background-image":"","background-repeat":"repeat","background-position":"center center","background-size":"auto","background-attachment":"scroll","background-type":"","background-media":"","overlay-type":"","overlay-color":"","overlay-opacity":"","overlay-gradient":""},"tablet":{"background-color":"","background-image":"","background-repeat":"repeat","background-position":"center center","background-size":"auto","background-attachment":"scroll","background-type":"","background-media":"","overlay-type":"","overlay-color":"","overlay-opacity":"","overlay-gradient":""},"mobile":{"background-color":"","background-image":"","background-repeat":"repeat","background-position":"center center","background-size":"auto","background-attachment":"scroll","background-type":"","background-media":"","overlay-type":"","overlay-color":"","overlay-opacity":"","overlay-gradient":""}},"ast-content-background-meta":{"desktop":{"background-color":"var(--ast-global-color-5)","background-image":"","background-repeat":"repeat","background-position":"center center","background-size":"auto","background-attachment":"scroll","background-type":"","background-media":"","overlay-type":"","overlay-color":"","overlay-opacity":"","overlay-gradient":""},"tablet":{"background-color":"var(--ast-global-color-5)","background-image":"","background-repeat":"repeat","background-position":"center center","background-size":"auto","background-attachment":"scroll","background-type":"","background-media":"","overlay-type":"","overlay-color":"","overlay-opacity":"","overlay-gradient":""},"mobile":{"background-color":"var(--ast-global-color-5)","background-image":"","background-repeat":"repeat","background-position":"center center","background-size":"auto","background-attachment":"scroll","background-type":"","background-media":"","overlay-type":"","overlay-color":"","overlay-opacity":"","overlay-gradient":""}},"footnotes":""},"categories":[1,29],"tags":[],"class_list":["post-8363","post","type-post","status-publish","format-standard","has-post-thumbnail","hentry","category-general","category-portada"],"post_mailing_queue_ids":[],"_links":{"self":[{"href":"https:\/\/agora.xtec.cat\/iesjoanbrudieu\/wp-json\/wp\/v2\/posts\/8363","targetHints":{"allow":["GET"]}}],"collection":[{"href":"https:\/\/agora.xtec.cat\/iesjoanbrudieu\/wp-json\/wp\/v2\/posts"}],"about":[{"href":"https:\/\/agora.xtec.cat\/iesjoanbrudieu\/wp-json\/wp\/v2\/types\/post"}],"author":[{"embeddable":true,"href":"https:\/\/agora.xtec.cat\/iesjoanbrudieu\/wp-json\/wp\/v2\/users\/1"}],"replies":[{"embeddable":true,"href":"https:\/\/agora.xtec.cat\/iesjoanbrudieu\/wp-json\/wp\/v2\/comments?post=8363"}],"version-history":[{"count":1,"href":"https:\/\/agora.xtec.cat\/iesjoanbrudieu\/wp-json\/wp\/v2\/posts\/8363\/revisions"}],"predecessor-version":[{"id":8365,"href":"https:\/\/agora.xtec.cat\/iesjoanbrudieu\/wp-json\/wp\/v2\/posts\/8363\/revisions\/8365"}],"wp:featuredmedia":[{"embeddable":true,"href":"https:\/\/agora.xtec.cat\/iesjoanbrudieu\/wp-json\/wp\/v2\/media\/8364"}],"wp:attachment":[{"href":"https:\/\/agora.xtec.cat\/iesjoanbrudieu\/wp-json\/wp\/v2\/media?parent=8363"}],"wp:term":[{"taxonomy":"category","embeddable":true,"href":"https:\/\/agora.xtec.cat\/iesjoanbrudieu\/wp-json\/wp\/v2\/categories?post=8363"},{"taxonomy":"post_tag","embeddable":true,"href":"https:\/\/agora.xtec.cat\/iesjoanbrudieu\/wp-json\/wp\/v2\/tags?post=8363"}],"curies":[{"name":"wp","href":"https:\/\/api.w.org\/{rel}","templated":true}]}}