{"id":8271,"date":"2023-04-03T12:51:08","date_gmt":"2023-04-03T10:51:08","guid":{"rendered":"https:\/\/agora.xtec.cat\/iesjoanbrudieu\/?p=8271"},"modified":"2023-04-03T12:52:07","modified_gmt":"2023-04-03T10:52:07","slug":"tallers-dexpressio-oral-a-1r-de-batxillerat","status":"publish","type":"post","link":"https:\/\/agora.xtec.cat\/iesjoanbrudieu\/general\/tallers-dexpressio-oral-a-1r-de-batxillerat\/","title":{"rendered":"Tallers d\u2019Expressi\u00f3 Oral a 1r de Batxillerat"},"content":{"rendered":"<p>La setmana del 27 al 31 de mar\u00e7 de 2023, l\u2019alumnat de 1r de Batxillerat ha participat en un taller d\u2019expressi\u00f3 oral, impartit per l\u2019empresa Herocup, emmarcat dins la Fase de formaci\u00f3 del Treball de Recerca 2024. Aquesta activitat t\u00e9 com a doble objectiu donar les eines i estrat\u00e8gies per assolir una bona compet\u00e8ncia en expressi\u00f3 oral en finalitzar l\u2019etapa d\u2019estudis postobligatoris del Batxillerat, a m\u00e9s de facilitar a l\u2019alumnat un espai espec\u00edfic de pr\u00e0ctica i preparaci\u00f3 de pautes de com ha de ser l\u2019estructuraci\u00f3 d\u2019un text oral per al treball de recerca, aix\u00ed com per qualsevol \u00e0mbit de la vida on s\u2019hagi de valer d\u2019aquesta compet\u00e8ncia.<\/p>\n<p>El taller s\u2019ha realitzat en dues parts: el dilluns 27 de mar\u00e7 l\u2019alumnat va rebre una atenci\u00f3 m\u00e9s personalitzada a l\u2019aula treballant per grups, i el dia 31 de mar\u00e7, coincidint amb el dia de l\u2019eleg\u00e0ncia a l\u2019Institut, es van realitzar les classificat\u00f2ries dels diferents grups a les aules amb els respectius tribunals formats per professorat del centre, acabant amb una gran final a la sala d\u2019actes amb tot l\u2019alumnat de primer com a p\u00fablic, on els quatre grups que havien arribat a la gran final, exposaven el seu tema davant de la resta.<\/p>\n<p>La valoraci\u00f3 del taller \u00e9s molt bona tant per part de l\u2019alumnat com del professorat que hi ha pogut participar, i les exposicions orals que van arribar a la final en s\u00f3n una prova: com en unes hores de pr\u00e0ctica i acompanyament, els nostres alumnes s\u00f3n capa\u00e7os de mostrar tot el seu potencial en expressi\u00f3 oral.<\/p>\n<p>Moltes gr\u00e0cies a les fam\u00edlies, alumnes i professorat que, amb la seva implicaci\u00f3 i participaci\u00f3, fan possible aquesta activitat. (<a href=\"https:\/\/photos.app.goo.gl\/cPwb8adGR8tTZR1x8\" target=\"_blank\" rel=\"noopener\">fotos<\/a>)<\/p>\n<p><a href=\"https:\/\/agora.xtec.cat\/iesjoanbrudieu\/wp-content\/uploads\/usu1248\/2023\/04\/230331_Taller_expressio_oral_B1.jpg\"><img loading=\"lazy\" decoding=\"async\" class=\"aligncenter size-full wp-image-8272\" src=\"https:\/\/agora.xtec.cat\/iesjoanbrudieu\/wp-content\/uploads\/usu1248\/2023\/04\/230331_Taller_expressio_oral_B1.jpg\" alt=\"\" width=\"300\" height=\"224\" srcset=\"https:\/\/agora.xtec.cat\/iesjoanbrudieu\/wp-content\/uploads\/usu1248\/2023\/04\/230331_Taller_expressio_oral_B1.jpg 300w, https:\/\/agora.xtec.cat\/iesjoanbrudieu\/wp-content\/uploads\/usu1248\/2023\/04\/230331_Taller_expressio_oral_B1-200x150.jpg 200w\" sizes=\"auto, (max-width: 300px) 100vw, 300px\" \/><\/a><\/p>\n<p style=\"text-align: center;\"><iframe loading=\"lazy\" title=\"YouTube video player\" src=\"https:\/\/www.youtube.com\/embed\/s_phWp5Lguo\" width=\"560\" height=\"315\" frameborder=\"0\" allowfullscreen=\"allowfullscreen\"><\/iframe><\/p>\n","protected":false},"excerpt":{"rendered":"<p>La setmana del 27 al 31 de mar\u00e7 de 2023, l\u2019alumnat de 1r de Batxillerat ha participat en un taller d\u2019expressi\u00f3 oral, impartit per l\u2019empresa Herocup, emmarcat dins la Fase de formaci\u00f3 del Treball de Recerca 2024. Aquesta activitat t\u00e9 com a doble objectiu donar les eines i estrat\u00e8gies per assolir una bona compet\u00e8ncia en [&hellip;]<\/p>\n","protected":false},"author":1,"featured_media":8272,"comment_status":"closed","ping_status":"closed","sticky":false,"template":"","format":"standard","meta":{"_bbp_topic_count":0,"_bbp_reply_count":0,"_bbp_total_topic_count":0,"_bbp_total_reply_count":0,"_bbp_voice_count":0,"_bbp_anonymous_reply_count":0,"_bbp_topic_count_hidden":0,"_bbp_reply_count_hidden":0,"_bbp_forum_subforum_count":0,"site-sidebar-layout":"default","site-content-layout":"","ast-site-content-layout":"","site-content-style":"default","site-sidebar-style":"default","ast-global-header-display":"","ast-banner-title-visibility":"","ast-main-header-display":"","ast-hfb-above-header-display":"","ast-hfb-below-header-display":"","ast-hfb-mobile-header-display":"","site-post-title":"","ast-breadcrumbs-content":"","ast-featured-img":"","footer-sml-layout":"","theme-transparent-header-meta":"","adv-header-id-meta":"","stick-header-meta":"","header-above-stick-meta":"","header-main-stick-meta":"","header-below-stick-meta":"","astra-migrate-meta-layouts":"default","ast-page-background-enabled":"default","ast-page-background-meta":{"desktop":{"background-color":"var(--ast-global-color-4)","background-image":"","background-repeat":"repeat","background-position":"center center","background-size":"auto","background-attachment":"scroll","background-type":"","background-media":"","overlay-type":"","overlay-color":"","overlay-opacity":"","overlay-gradient":""},"tablet":{"background-color":"","background-image":"","background-repeat":"repeat","background-position":"center center","background-size":"auto","background-attachment":"scroll","background-type":"","background-media":"","overlay-type":"","overlay-color":"","overlay-opacity":"","overlay-gradient":""},"mobile":{"background-color":"","background-image":"","background-repeat":"repeat","background-position":"center center","background-size":"auto","background-attachment":"scroll","background-type":"","background-media":"","overlay-type":"","overlay-color":"","overlay-opacity":"","overlay-gradient":""}},"ast-content-background-meta":{"desktop":{"background-color":"var(--ast-global-color-5)","background-image":"","background-repeat":"repeat","background-position":"center center","background-size":"auto","background-attachment":"scroll","background-type":"","background-media":"","overlay-type":"","overlay-color":"","overlay-opacity":"","overlay-gradient":""},"tablet":{"background-color":"var(--ast-global-color-5)","background-image":"","background-repeat":"repeat","background-position":"center center","background-size":"auto","background-attachment":"scroll","background-type":"","background-media":"","overlay-type":"","overlay-color":"","overlay-opacity":"","overlay-gradient":""},"mobile":{"background-color":"var(--ast-global-color-5)","background-image":"","background-repeat":"repeat","background-position":"center center","background-size":"auto","background-attachment":"scroll","background-type":"","background-media":"","overlay-type":"","overlay-color":"","overlay-opacity":"","overlay-gradient":""}},"footnotes":""},"categories":[1,29],"tags":[],"class_list":["post-8271","post","type-post","status-publish","format-standard","has-post-thumbnail","hentry","category-general","category-portada"],"post_mailing_queue_ids":[],"_links":{"self":[{"href":"https:\/\/agora.xtec.cat\/iesjoanbrudieu\/wp-json\/wp\/v2\/posts\/8271","targetHints":{"allow":["GET"]}}],"collection":[{"href":"https:\/\/agora.xtec.cat\/iesjoanbrudieu\/wp-json\/wp\/v2\/posts"}],"about":[{"href":"https:\/\/agora.xtec.cat\/iesjoanbrudieu\/wp-json\/wp\/v2\/types\/post"}],"author":[{"embeddable":true,"href":"https:\/\/agora.xtec.cat\/iesjoanbrudieu\/wp-json\/wp\/v2\/users\/1"}],"replies":[{"embeddable":true,"href":"https:\/\/agora.xtec.cat\/iesjoanbrudieu\/wp-json\/wp\/v2\/comments?post=8271"}],"version-history":[{"count":2,"href":"https:\/\/agora.xtec.cat\/iesjoanbrudieu\/wp-json\/wp\/v2\/posts\/8271\/revisions"}],"predecessor-version":[{"id":8274,"href":"https:\/\/agora.xtec.cat\/iesjoanbrudieu\/wp-json\/wp\/v2\/posts\/8271\/revisions\/8274"}],"wp:featuredmedia":[{"embeddable":true,"href":"https:\/\/agora.xtec.cat\/iesjoanbrudieu\/wp-json\/wp\/v2\/media\/8272"}],"wp:attachment":[{"href":"https:\/\/agora.xtec.cat\/iesjoanbrudieu\/wp-json\/wp\/v2\/media?parent=8271"}],"wp:term":[{"taxonomy":"category","embeddable":true,"href":"https:\/\/agora.xtec.cat\/iesjoanbrudieu\/wp-json\/wp\/v2\/categories?post=8271"},{"taxonomy":"post_tag","embeddable":true,"href":"https:\/\/agora.xtec.cat\/iesjoanbrudieu\/wp-json\/wp\/v2\/tags?post=8271"}],"curies":[{"name":"wp","href":"https:\/\/api.w.org\/{rel}","templated":true}]}}