{"id":8083,"date":"2023-02-25T11:52:45","date_gmt":"2023-02-25T10:52:45","guid":{"rendered":"https:\/\/agora.xtec.cat\/iesjoanbrudieu\/?p=8083"},"modified":"2023-02-25T11:55:08","modified_gmt":"2023-02-25T10:55:08","slug":"jana-cortes-presenta-el-seu-tdr-a-lhospital","status":"publish","type":"post","link":"https:\/\/agora.xtec.cat\/iesjoanbrudieu\/general\/jana-cortes-presenta-el-seu-tdr-a-lhospital\/","title":{"rendered":"Jana Cort\u00e9s presenta el seu TdR a l&#8217;Hospital"},"content":{"rendered":"<p>El passat 21 de febrer l\u2019alumna Jana Cort\u00e9s de l\u2019Institut Joan Brudieu va presentar el seu treball de recerca a la sala d\u2019actes de la fundaci\u00f3 Sant hospital de la Seu d\u2019Urgell. El treball, que tractava la malaltia de l\u2019endometriosi, va resultar ser tot un \u00e8xit per la investigaci\u00f3 de part de l\u2019alumna tal i com els mateixos professionals del m\u00f3n sanitari, que van omplir la sala, van recon\u00e8ixer. La Jana estava molt agra\u00efda per l\u2019ajuda i la informaci\u00f3 que el personal sanitari especialitzat en ginecologia li van facilitar. Gr\u00e0cies a tots ells s\u2019est\u00e0 comen\u00e7ant a visualitzar aquesta malaltia. (<a href=\"https:\/\/photos.app.goo.gl\/4bvCz7bcP2DbWvy16\" target=\"_blank\" rel=\"noopener\">fotos<\/a>)<\/p>\n<p><a href=\"https:\/\/agora.xtec.cat\/iesjoanbrudieu\/wp-content\/uploads\/usu1248\/2023\/02\/230221_Presentacio_TdR_JC_Hospital.jpg\"><img loading=\"lazy\" decoding=\"async\" class=\"aligncenter size-full wp-image-8084\" src=\"https:\/\/agora.xtec.cat\/iesjoanbrudieu\/wp-content\/uploads\/usu1248\/2023\/02\/230221_Presentacio_TdR_JC_Hospital.jpg\" alt=\"\" width=\"300\" height=\"225\" srcset=\"https:\/\/agora.xtec.cat\/iesjoanbrudieu\/wp-content\/uploads\/usu1248\/2023\/02\/230221_Presentacio_TdR_JC_Hospital.jpg 300w, https:\/\/agora.xtec.cat\/iesjoanbrudieu\/wp-content\/uploads\/usu1248\/2023\/02\/230221_Presentacio_TdR_JC_Hospital-200x150.jpg 200w\" sizes=\"auto, (max-width: 300px) 100vw, 300px\" \/><\/a><\/p>\n","protected":false},"excerpt":{"rendered":"<p>El passat 21 de febrer l\u2019alumna Jana Cort\u00e9s de l\u2019Institut Joan Brudieu va presentar el seu treball de recerca a la sala d\u2019actes de la fundaci\u00f3 Sant hospital de la Seu d\u2019Urgell. El treball, que tractava la malaltia de l\u2019endometriosi, va resultar ser tot un \u00e8xit per la investigaci\u00f3 de part de l\u2019alumna tal i [&hellip;]<\/p>\n","protected":false},"author":1,"featured_media":8084,"comment_status":"closed","ping_status":"closed","sticky":false,"template":"","format":"standard","meta":{"_bbp_topic_count":0,"_bbp_reply_count":0,"_bbp_total_topic_count":0,"_bbp_total_reply_count":0,"_bbp_voice_count":0,"_bbp_anonymous_reply_count":0,"_bbp_topic_count_hidden":0,"_bbp_reply_count_hidden":0,"_bbp_forum_subforum_count":0,"site-sidebar-layout":"default","site-content-layout":"","ast-site-content-layout":"","site-content-style":"default","site-sidebar-style":"default","ast-global-header-display":"","ast-banner-title-visibility":"","ast-main-header-display":"","ast-hfb-above-header-display":"","ast-hfb-below-header-display":"","ast-hfb-mobile-header-display":"","site-post-title":"","ast-breadcrumbs-content":"","ast-featured-img":"","footer-sml-layout":"","theme-transparent-header-meta":"","adv-header-id-meta":"","stick-header-meta":"","header-above-stick-meta":"","header-main-stick-meta":"","header-below-stick-meta":"","astra-migrate-meta-layouts":"default","ast-page-background-enabled":"default","ast-page-background-meta":{"desktop":{"background-color":"var(--ast-global-color-4)","background-image":"","background-repeat":"repeat","background-position":"center center","background-size":"auto","background-attachment":"scroll","background-type":"","background-media":"","overlay-type":"","overlay-color":"","overlay-opacity":"","overlay-gradient":""},"tablet":{"background-color":"","background-image":"","background-repeat":"repeat","background-position":"center center","background-size":"auto","background-attachment":"scroll","background-type":"","background-media":"","overlay-type":"","overlay-color":"","overlay-opacity":"","overlay-gradient":""},"mobile":{"background-color":"","background-image":"","background-repeat":"repeat","background-position":"center center","background-size":"auto","background-attachment":"scroll","background-type":"","background-media":"","overlay-type":"","overlay-color":"","overlay-opacity":"","overlay-gradient":""}},"ast-content-background-meta":{"desktop":{"background-color":"var(--ast-global-color-5)","background-image":"","background-repeat":"repeat","background-position":"center center","background-size":"auto","background-attachment":"scroll","background-type":"","background-media":"","overlay-type":"","overlay-color":"","overlay-opacity":"","overlay-gradient":""},"tablet":{"background-color":"var(--ast-global-color-5)","background-image":"","background-repeat":"repeat","background-position":"center center","background-size":"auto","background-attachment":"scroll","background-type":"","background-media":"","overlay-type":"","overlay-color":"","overlay-opacity":"","overlay-gradient":""},"mobile":{"background-color":"var(--ast-global-color-5)","background-image":"","background-repeat":"repeat","background-position":"center center","background-size":"auto","background-attachment":"scroll","background-type":"","background-media":"","overlay-type":"","overlay-color":"","overlay-opacity":"","overlay-gradient":""}},"footnotes":""},"categories":[1,29],"tags":[],"class_list":["post-8083","post","type-post","status-publish","format-standard","has-post-thumbnail","hentry","category-general","category-portada"],"post_mailing_queue_ids":[],"_links":{"self":[{"href":"https:\/\/agora.xtec.cat\/iesjoanbrudieu\/wp-json\/wp\/v2\/posts\/8083","targetHints":{"allow":["GET"]}}],"collection":[{"href":"https:\/\/agora.xtec.cat\/iesjoanbrudieu\/wp-json\/wp\/v2\/posts"}],"about":[{"href":"https:\/\/agora.xtec.cat\/iesjoanbrudieu\/wp-json\/wp\/v2\/types\/post"}],"author":[{"embeddable":true,"href":"https:\/\/agora.xtec.cat\/iesjoanbrudieu\/wp-json\/wp\/v2\/users\/1"}],"replies":[{"embeddable":true,"href":"https:\/\/agora.xtec.cat\/iesjoanbrudieu\/wp-json\/wp\/v2\/comments?post=8083"}],"version-history":[{"count":3,"href":"https:\/\/agora.xtec.cat\/iesjoanbrudieu\/wp-json\/wp\/v2\/posts\/8083\/revisions"}],"predecessor-version":[{"id":8087,"href":"https:\/\/agora.xtec.cat\/iesjoanbrudieu\/wp-json\/wp\/v2\/posts\/8083\/revisions\/8087"}],"wp:featuredmedia":[{"embeddable":true,"href":"https:\/\/agora.xtec.cat\/iesjoanbrudieu\/wp-json\/wp\/v2\/media\/8084"}],"wp:attachment":[{"href":"https:\/\/agora.xtec.cat\/iesjoanbrudieu\/wp-json\/wp\/v2\/media?parent=8083"}],"wp:term":[{"taxonomy":"category","embeddable":true,"href":"https:\/\/agora.xtec.cat\/iesjoanbrudieu\/wp-json\/wp\/v2\/categories?post=8083"},{"taxonomy":"post_tag","embeddable":true,"href":"https:\/\/agora.xtec.cat\/iesjoanbrudieu\/wp-json\/wp\/v2\/tags?post=8083"}],"curies":[{"name":"wp","href":"https:\/\/api.w.org\/{rel}","templated":true}]}}