{"id":7900,"date":"2022-11-22T14:05:41","date_gmt":"2022-11-22T13:05:41","guid":{"rendered":"https:\/\/agora.xtec.cat\/iesjoanbrudieu\/?p=7900"},"modified":"2022-11-22T14:17:38","modified_gmt":"2022-11-22T13:17:38","slug":"alumnat-de-s4-servei-comunitari-al-gran-recapte-daliments-2022","status":"publish","type":"post","link":"https:\/\/agora.xtec.cat\/iesjoanbrudieu\/general\/alumnat-de-s4-servei-comunitari-al-gran-recapte-daliments-2022\/","title":{"rendered":"Alumnat de S4: Servei Comunitari al Gran Recapte d&#8217;aliments (2022)"},"content":{"rendered":"<p>L&#8217;alumnat de 4t d&#8217;ESO de l&#8217;Institut Joan Brudieu participa, dins el projecte educatiu del Servei Comunitari, en la 14a edici\u00f3 del <a href=\"https:\/\/www.granrecapte.com\/\" target=\"_blank\" rel=\"noopener\"><strong>Gran Recapte d&#8217;Aliments<\/strong><\/a>, el 25 i 26 de novembre, promoguda pel Bancs dels Aliments. Amb 13 edicions celebrades, des de l\u2019any 2009, el Gran Recapte s\u2019ha consolidat com una de les grans fites solid\u00e0ries de Catalunya, guanyant-se l\u2019estima i el suport de la ciutadania. Els gaireb\u00e9 5 milions d\u2019aliments que s\u2019aconsegueixen, permeten proveir a les entitats d\u2019aliments b\u00e0sics com la llet, l\u2019oli o les conserves per un per\u00edode aproximat de 3 mesos.<\/p>\n<p>Enguany, l&#8217;alumnat de 4t d&#8217;ESO, portant una armilla identificativa del banc dels Aliments, participar\u00e0 activament en la recollida f\u00edsica d&#8217;aliments del Gran Recapte a diferents supermecats de la Seu d&#8217;Urgell (Plus, Disseu la Salle, Disseu Passeig, Disseu carrer Major, \u00c0rea Guissona i Caprabo Eroski), des de les 15:00 h fins a les 21:00h del divendres 25 i des de les 09:00 h fins a les 21:00h del dissabte 26, en diferents grups i en diferents franges hor\u00e0ries, cobrint gaireb\u00e9 el 80% dels punts de recollida d&#8217;aliments proposats.<\/p>\n<p>Les seves funcions seran engrescar la clientela a fer donacions f\u00edsiques d&#8217;aliments als punts de recollida remarcant als donants quins son els aliments m\u00e9s idonis (oli, llet, conserves de peix i verdures), evitant al m\u00e0xim l&#8217;aliment fresc i refrigerat, donar informaci\u00f3 sobre la funci\u00f3 del Banc dels Aliments i sobre la situaci\u00f3 de precarietat aliment\u00e0ria al nostre entorn. No es podran acceptar donacions en diners o xecs. En el sup\u00f2sit que les persones insisteixin se les haur\u00e0 d&#8217;adre\u00e7ar a les l\u00ednies de caixa o b\u00e9 fer una donaci\u00f3 al web <a href=\"https:\/\/www.granrecapte.com\" target=\"_blank\" rel=\"noopener\">https:\/\/www.granrecapte.com<\/a>. Una vegada s&#8217;acceptin les aportacions f\u00edsiques s&#8217;hauran de dipositar a les banyeres i tamb\u00e9 recuperar les bosses de tela per poder reutilitzar-les.<\/p>\n<p>L\u2019objectiu de la campanya \u00e9s informar\u00a0i\u00a0sensibilitzar\u00a0a\u00a0la\u00a0ciutadania de Catalunya sobre la realitat de la pobresa aliment\u00e0ria en el nostre entorn, per afavorir la donaci\u00f3 d\u2019aliments i, alhora, promoure una col\u00b7laboraci\u00f3 continuada amb els Bancs dels Aliments al llarg de l\u2019any. Una campanya com el Gran Recapte \u00e9s essencial perqu\u00e8 els Bancs dels Aliments puguin omplir el rebost i tenir assegurada la distribuci\u00f3, els propers mesos, de productes tan necessaris com la llet, l\u2019oli o les conserves de peix i verdures.<\/p>\n<p>Col\u00b7laboreu-hi!!<\/p>\n<p style=\"text-align: center;\"><iframe loading=\"lazy\" title=\"YouTube video player\" src=\"https:\/\/www.youtube.com\/embed\/Rh3zgCt8SvA\" width=\"560\" height=\"315\" frameborder=\"0\" allowfullscreen=\"allowfullscreen\"><\/iframe><\/p>\n","protected":false},"excerpt":{"rendered":"<p>L&#8217;alumnat de 4t d&#8217;ESO de l&#8217;Institut Joan Brudieu participa, dins el projecte educatiu del Servei Comunitari, en la 14a edici\u00f3 del Gran Recapte d&#8217;Aliments, el 25 i 26 de novembre, promoguda pel Bancs dels Aliments. Amb 13 edicions celebrades, des de l\u2019any 2009, el Gran Recapte s\u2019ha consolidat com una de les grans fites solid\u00e0ries [&hellip;]<\/p>\n","protected":false},"author":1,"featured_media":2192,"comment_status":"closed","ping_status":"closed","sticky":false,"template":"","format":"standard","meta":{"_bbp_topic_count":0,"_bbp_reply_count":0,"_bbp_total_topic_count":0,"_bbp_total_reply_count":0,"_bbp_voice_count":0,"_bbp_anonymous_reply_count":0,"_bbp_topic_count_hidden":0,"_bbp_reply_count_hidden":0,"_bbp_forum_subforum_count":0,"site-sidebar-layout":"default","site-content-layout":"","ast-site-content-layout":"","site-content-style":"default","site-sidebar-style":"default","ast-global-header-display":"","ast-banner-title-visibility":"","ast-main-header-display":"","ast-hfb-above-header-display":"","ast-hfb-below-header-display":"","ast-hfb-mobile-header-display":"","site-post-title":"","ast-breadcrumbs-content":"","ast-featured-img":"","footer-sml-layout":"","theme-transparent-header-meta":"","adv-header-id-meta":"","stick-header-meta":"","header-above-stick-meta":"","header-main-stick-meta":"","header-below-stick-meta":"","astra-migrate-meta-layouts":"default","ast-page-background-enabled":"default","ast-page-background-meta":{"desktop":{"background-color":"var(--ast-global-color-4)","background-image":"","background-repeat":"repeat","background-position":"center center","background-size":"auto","background-attachment":"scroll","background-type":"","background-media":"","overlay-type":"","overlay-color":"","overlay-opacity":"","overlay-gradient":""},"tablet":{"background-color":"","background-image":"","background-repeat":"repeat","background-position":"center center","background-size":"auto","background-attachment":"scroll","background-type":"","background-media":"","overlay-type":"","overlay-color":"","overlay-opacity":"","overlay-gradient":""},"mobile":{"background-color":"","background-image":"","background-repeat":"repeat","background-position":"center center","background-size":"auto","background-attachment":"scroll","background-type":"","background-media":"","overlay-type":"","overlay-color":"","overlay-opacity":"","overlay-gradient":""}},"ast-content-background-meta":{"desktop":{"background-color":"var(--ast-global-color-5)","background-image":"","background-repeat":"repeat","background-position":"center center","background-size":"auto","background-attachment":"scroll","background-type":"","background-media":"","overlay-type":"","overlay-color":"","overlay-opacity":"","overlay-gradient":""},"tablet":{"background-color":"var(--ast-global-color-5)","background-image":"","background-repeat":"repeat","background-position":"center center","background-size":"auto","background-attachment":"scroll","background-type":"","background-media":"","overlay-type":"","overlay-color":"","overlay-opacity":"","overlay-gradient":""},"mobile":{"background-color":"var(--ast-global-color-5)","background-image":"","background-repeat":"repeat","background-position":"center center","background-size":"auto","background-attachment":"scroll","background-type":"","background-media":"","overlay-type":"","overlay-color":"","overlay-opacity":"","overlay-gradient":""}},"footnotes":""},"categories":[1,29],"tags":[],"class_list":["post-7900","post","type-post","status-publish","format-standard","has-post-thumbnail","hentry","category-general","category-portada"],"post_mailing_queue_ids":[],"_links":{"self":[{"href":"https:\/\/agora.xtec.cat\/iesjoanbrudieu\/wp-json\/wp\/v2\/posts\/7900","targetHints":{"allow":["GET"]}}],"collection":[{"href":"https:\/\/agora.xtec.cat\/iesjoanbrudieu\/wp-json\/wp\/v2\/posts"}],"about":[{"href":"https:\/\/agora.xtec.cat\/iesjoanbrudieu\/wp-json\/wp\/v2\/types\/post"}],"author":[{"embeddable":true,"href":"https:\/\/agora.xtec.cat\/iesjoanbrudieu\/wp-json\/wp\/v2\/users\/1"}],"replies":[{"embeddable":true,"href":"https:\/\/agora.xtec.cat\/iesjoanbrudieu\/wp-json\/wp\/v2\/comments?post=7900"}],"version-history":[{"count":3,"href":"https:\/\/agora.xtec.cat\/iesjoanbrudieu\/wp-json\/wp\/v2\/posts\/7900\/revisions"}],"predecessor-version":[{"id":7903,"href":"https:\/\/agora.xtec.cat\/iesjoanbrudieu\/wp-json\/wp\/v2\/posts\/7900\/revisions\/7903"}],"wp:featuredmedia":[{"embeddable":true,"href":"https:\/\/agora.xtec.cat\/iesjoanbrudieu\/wp-json\/wp\/v2\/media\/2192"}],"wp:attachment":[{"href":"https:\/\/agora.xtec.cat\/iesjoanbrudieu\/wp-json\/wp\/v2\/media?parent=7900"}],"wp:term":[{"taxonomy":"category","embeddable":true,"href":"https:\/\/agora.xtec.cat\/iesjoanbrudieu\/wp-json\/wp\/v2\/categories?post=7900"},{"taxonomy":"post_tag","embeddable":true,"href":"https:\/\/agora.xtec.cat\/iesjoanbrudieu\/wp-json\/wp\/v2\/tags?post=7900"}],"curies":[{"name":"wp","href":"https:\/\/api.w.org\/{rel}","templated":true}]}}