{"id":7882,"date":"2022-11-22T09:03:24","date_gmt":"2022-11-22T08:03:24","guid":{"rendered":"https:\/\/agora.xtec.cat\/iesjoanbrudieu\/?p=7882"},"modified":"2022-11-22T09:03:24","modified_gmt":"2022-11-22T08:03:24","slug":"erasmus-mobilitats-professorat-novembre-2022","status":"publish","type":"post","link":"https:\/\/agora.xtec.cat\/iesjoanbrudieu\/general\/erasmus-mobilitats-professorat-novembre-2022\/","title":{"rendered":"Erasmus+, mobilitats professorat (novembre 2022)"},"content":{"rendered":"<p>Comencem les mobilitats ERASMUS+ d\u2019aquest nou curs amb l\u2019acollida de dues mestres d\u2019Eslov\u00e8nia de l\u2019escola Vrtec-Ledina (<a href=\"http:\/\/www.vrtec-ledina.si\/\" target=\"_blank\" rel=\"noopener\">http:\/\/www.vrtec-ledina.si\/<\/a> ). La Urska Rotar i la Dominik Turk han vingut a passar uns dies amb nosaltres i visitar escoles i llars d\u2019infants del nostre territori sota el projecte ERASMUS+ KA1-SE-22\/20 amb l&#8217;objectiu d\u2019establir vincles amb la nostra regi\u00f3 i practicar les compet\u00e8ncies comunicatives en angl\u00e8s. Esperem que aquesta estada hagi estat una experi\u00e8ncia profitosa per aquestes dues mestres. Aqu\u00ed teniu el programa d\u2019activitats que s\u2019han dut a terme i esperem poder-nos retrobar ben aviat i enviar alumnat del cicle formatiu d\u2019Educaci\u00f3 Infantil a fer pr\u00e0ctiques a la seva escola. (<a href=\"https:\/\/photos.app.goo.gl\/eY4zgqFyLPGohft18\" target=\"_blank\" rel=\"noopener\">fotos<\/a>)<\/p>\n<p><a href=\"https:\/\/agora.xtec.cat\/iesjoanbrudieu\/wp-content\/uploads\/usu1248\/2022\/04\/Logo-Cofinancat-Erasmus-UE-1.jpg\"><img loading=\"lazy\" decoding=\"async\" class=\"aligncenter  wp-image-7339\" src=\"https:\/\/agora.xtec.cat\/iesjoanbrudieu\/wp-content\/uploads\/usu1248\/2022\/04\/Logo-Cofinancat-Erasmus-UE-1.jpg\" alt=\"\" width=\"394\" height=\"109\" \/><\/a><\/p>\n","protected":false},"excerpt":{"rendered":"<p>Comencem les mobilitats ERASMUS+ d\u2019aquest nou curs amb l\u2019acollida de dues mestres d\u2019Eslov\u00e8nia de l\u2019escola Vrtec-Ledina (http:\/\/www.vrtec-ledina.si\/ ). La Urska Rotar i la Dominik Turk han vingut a passar uns dies amb nosaltres i visitar escoles i llars d\u2019infants del nostre territori sota el projecte ERASMUS+ KA1-SE-22\/20 amb l&#8217;objectiu d\u2019establir vincles amb la nostra regi\u00f3 [&hellip;]<\/p>\n","protected":false},"author":1,"featured_media":3183,"comment_status":"closed","ping_status":"closed","sticky":false,"template":"","format":"standard","meta":{"_bbp_topic_count":0,"_bbp_reply_count":0,"_bbp_total_topic_count":0,"_bbp_total_reply_count":0,"_bbp_voice_count":0,"_bbp_anonymous_reply_count":0,"_bbp_topic_count_hidden":0,"_bbp_reply_count_hidden":0,"_bbp_forum_subforum_count":0,"site-sidebar-layout":"default","site-content-layout":"","ast-site-content-layout":"","site-content-style":"default","site-sidebar-style":"default","ast-global-header-display":"","ast-banner-title-visibility":"","ast-main-header-display":"","ast-hfb-above-header-display":"","ast-hfb-below-header-display":"","ast-hfb-mobile-header-display":"","site-post-title":"","ast-breadcrumbs-content":"","ast-featured-img":"","footer-sml-layout":"","theme-transparent-header-meta":"","adv-header-id-meta":"","stick-header-meta":"","header-above-stick-meta":"","header-main-stick-meta":"","header-below-stick-meta":"","astra-migrate-meta-layouts":"default","ast-page-background-enabled":"default","ast-page-background-meta":{"desktop":{"background-color":"var(--ast-global-color-4)","background-image":"","background-repeat":"repeat","background-position":"center center","background-size":"auto","background-attachment":"scroll","background-type":"","background-media":"","overlay-type":"","overlay-color":"","overlay-opacity":"","overlay-gradient":""},"tablet":{"background-color":"","background-image":"","background-repeat":"repeat","background-position":"center center","background-size":"auto","background-attachment":"scroll","background-type":"","background-media":"","overlay-type":"","overlay-color":"","overlay-opacity":"","overlay-gradient":""},"mobile":{"background-color":"","background-image":"","background-repeat":"repeat","background-position":"center center","background-size":"auto","background-attachment":"scroll","background-type":"","background-media":"","overlay-type":"","overlay-color":"","overlay-opacity":"","overlay-gradient":""}},"ast-content-background-meta":{"desktop":{"background-color":"var(--ast-global-color-5)","background-image":"","background-repeat":"repeat","background-position":"center center","background-size":"auto","background-attachment":"scroll","background-type":"","background-media":"","overlay-type":"","overlay-color":"","overlay-opacity":"","overlay-gradient":""},"tablet":{"background-color":"var(--ast-global-color-5)","background-image":"","background-repeat":"repeat","background-position":"center center","background-size":"auto","background-attachment":"scroll","background-type":"","background-media":"","overlay-type":"","overlay-color":"","overlay-opacity":"","overlay-gradient":""},"mobile":{"background-color":"var(--ast-global-color-5)","background-image":"","background-repeat":"repeat","background-position":"center center","background-size":"auto","background-attachment":"scroll","background-type":"","background-media":"","overlay-type":"","overlay-color":"","overlay-opacity":"","overlay-gradient":""}},"footnotes":""},"categories":[116,1,29],"tags":[],"class_list":["post-7882","post","type-post","status-publish","format-standard","has-post-thumbnail","hentry","category-erasmus","category-general","category-portada"],"post_mailing_queue_ids":[],"_links":{"self":[{"href":"https:\/\/agora.xtec.cat\/iesjoanbrudieu\/wp-json\/wp\/v2\/posts\/7882","targetHints":{"allow":["GET"]}}],"collection":[{"href":"https:\/\/agora.xtec.cat\/iesjoanbrudieu\/wp-json\/wp\/v2\/posts"}],"about":[{"href":"https:\/\/agora.xtec.cat\/iesjoanbrudieu\/wp-json\/wp\/v2\/types\/post"}],"author":[{"embeddable":true,"href":"https:\/\/agora.xtec.cat\/iesjoanbrudieu\/wp-json\/wp\/v2\/users\/1"}],"replies":[{"embeddable":true,"href":"https:\/\/agora.xtec.cat\/iesjoanbrudieu\/wp-json\/wp\/v2\/comments?post=7882"}],"version-history":[{"count":1,"href":"https:\/\/agora.xtec.cat\/iesjoanbrudieu\/wp-json\/wp\/v2\/posts\/7882\/revisions"}],"predecessor-version":[{"id":7883,"href":"https:\/\/agora.xtec.cat\/iesjoanbrudieu\/wp-json\/wp\/v2\/posts\/7882\/revisions\/7883"}],"wp:featuredmedia":[{"embeddable":true,"href":"https:\/\/agora.xtec.cat\/iesjoanbrudieu\/wp-json\/wp\/v2\/media\/3183"}],"wp:attachment":[{"href":"https:\/\/agora.xtec.cat\/iesjoanbrudieu\/wp-json\/wp\/v2\/media?parent=7882"}],"wp:term":[{"taxonomy":"category","embeddable":true,"href":"https:\/\/agora.xtec.cat\/iesjoanbrudieu\/wp-json\/wp\/v2\/categories?post=7882"},{"taxonomy":"post_tag","embeddable":true,"href":"https:\/\/agora.xtec.cat\/iesjoanbrudieu\/wp-json\/wp\/v2\/tags?post=7882"}],"curies":[{"name":"wp","href":"https:\/\/api.w.org\/{rel}","templated":true}]}}