{"id":7732,"date":"2022-09-10T13:21:13","date_gmt":"2022-09-10T11:21:13","guid":{"rendered":"https:\/\/agora.xtec.cat\/iesjoanbrudieu\/?p=7732"},"modified":"2022-09-10T13:21:13","modified_gmt":"2022-09-10T11:21:13","slug":"inicis-de-curs-activitats-de-tutoria-a-fp-i-a-ife","status":"publish","type":"post","link":"https:\/\/agora.xtec.cat\/iesjoanbrudieu\/general\/inicis-de-curs-activitats-de-tutoria-a-fp-i-a-ife\/","title":{"rendered":"Inicis de curs: activitats de tutoria a FP i a IFE"},"content":{"rendered":"<p>Enguany obrim el curs amb molta energia i algunes novetats! L\u2019alumnat de cicles ha participat en din\u00e0miques de cohesi\u00f3, amb l\u2019objectiu de poder-nos con\u00e8ixer, cohesionar els grups, crear relacions positives i les condicions necess\u00e0ries per a una bona comunicaci\u00f3. Per\u00f2 no nom\u00e9s hi han participat els nois i noies de cicles formatius i de l\u2019IFE, sin\u00f3 que tamb\u00e9 ho van fer els i les docents de cicles el passat divendres 2 de setembre, com una forma de cohesionar els equips de treball, entre d\u2019altres.\u00a0Aix\u00ed hem esquiat amb taules d\u2019aglomerat, hem fet curses de sacs (mida XL), hem definit estrat\u00e8gies i ens hem ajudat per assolir reptes, hem confiat en els altres, hem condu\u00eft i guiat als companys i companyes, i especialment hem gaudit tot avan\u00e7ant en el desenvolupament de capacitats clau.<\/p>\n<p>Per altra banda tamb\u00e9 hem facilitat les condicions per a una bona acollida i inici de curs amb tots els nois i noies, reprenent la tasca d\u2019acompanyar al nostre alumnat en el seu proc\u00e9s de creixement. Aix\u00ed no nom\u00e9s hem iniciat el curs des d\u2019un punt de vista funcional i organitzatiu, sin\u00f3 que tamb\u00e9, i no menys important, hem generat els espais per crear relacions positives i de confian\u00e7a basades en el respecte. D\u2019una forma l\u00fadica ens hem \u201corientat\u201d, no nom\u00e9s en un sentit literal i per a l\u2019alumnat nou al centre, sin\u00f3 que tamb\u00e9 a nivell formatiu, acad\u00e8mic i professional, per als nois i noies de 3r i 4t de l\u2019ESO. Ens hem presentat, ens hem conegut una mica m\u00e9s, hem jugat i ens hem divertit tot intentant que el pas d\u2019una etapa a una altra sigui adequada i equilibrada posant especial \u00e8mfasi en aspectes com la confian\u00e7a i el bon clima a l\u2019aula, en un moment clau de la traject\u00f2ria educativa dels nois i noies del nostre institut.<\/p>\n<p>Felicitats a tots i totes per l\u2019esfor\u00e7, implicaci\u00f3 i lideratge que ha suposat. Endavant!\u00a0 Us enllacem amb algunes imatges! I aix\u00f2 no s\u2019acaba aqu\u00ed, donem m\u00e9s espai a l\u2019acollida amb una s\u00e8rie de sortides programades pels propers dies. Ja us n\u2019informarem!<\/p>\n<ul>\n<li>Fotografies de les activitats: <a href=\"https:\/\/photos.app.goo.gl\/8Tfrmd4jBj55WcT18\" target=\"_blank\" rel=\"noopener\">IFE<\/a>, <a href=\"https:\/\/photos.app.goo.gl\/U7t9YvVSjNvr7V8b8\" target=\"_blank\" rel=\"noopener\">SMX1<\/a>, <a href=\"https:\/\/photos.app.goo.gl\/mHHouMxkUyJjgGZL8\" target=\"_blank\" rel=\"noopener\">SMX2 i ASIX-DAM<\/a>, <a href=\"https:\/\/photos.app.goo.gl\/wXsdeKRreNN9BPSh9\" target=\"_blank\" rel=\"noopener\">GAD1<\/a>, <a href=\"https:\/\/photos.app.goo.gl\/9bAXMyNoE93H9HbE8\" target=\"_blank\" rel=\"noopener\">GAD2<\/a>, i <a href=\"https:\/\/photos.app.goo.gl\/fRWGHprxpHfdgQBw8\" target=\"_blank\" rel=\"noopener\">CAI+APD<\/a>. Tamb\u00e9 les que han fet els <a href=\"https:\/\/photos.app.goo.gl\/XLcFrtiCsaDCRTeq6\" target=\"_blank\" rel=\"noopener\">professors d&#8217;FP<\/a>.<\/li>\n<li>V\u00eddeo de les les activitats: <a href=\"https:\/\/youtu.be\/t3VSK5uIvRM\" target=\"_blank\" rel=\"noopener\">GAD1<\/a>, <a href=\"https:\/\/youtu.be\/i09eKpTsT3Y\" target=\"_blank\" rel=\"noopener\">GAD2<\/a>, <a href=\"https:\/\/youtu.be\/g0jR47wNZVE\" target=\"_blank\" rel=\"noopener\">SMX1<\/a>, <a href=\"https:\/\/youtu.be\/uSU2cNBWosY\" target=\"_blank\" rel=\"noopener\">SMX2 i ASIX-DAM<\/a>.<\/li>\n<\/ul>\n","protected":false},"excerpt":{"rendered":"<p>Enguany obrim el curs amb molta energia i algunes novetats! L\u2019alumnat de cicles ha participat en din\u00e0miques de cohesi\u00f3, amb l\u2019objectiu de poder-nos con\u00e8ixer, cohesionar els grups, crear relacions positives i les condicions necess\u00e0ries per a una bona comunicaci\u00f3. Per\u00f2 no nom\u00e9s hi han participat els nois i noies de cicles formatius i de l\u2019IFE, [&hellip;]<\/p>\n","protected":false},"author":1,"featured_media":7733,"comment_status":"closed","ping_status":"closed","sticky":false,"template":"","format":"standard","meta":{"_bbp_topic_count":0,"_bbp_reply_count":0,"_bbp_total_topic_count":0,"_bbp_total_reply_count":0,"_bbp_voice_count":0,"_bbp_anonymous_reply_count":0,"_bbp_topic_count_hidden":0,"_bbp_reply_count_hidden":0,"_bbp_forum_subforum_count":0,"site-sidebar-layout":"default","site-content-layout":"","ast-site-content-layout":"","site-content-style":"default","site-sidebar-style":"default","ast-global-header-display":"","ast-banner-title-visibility":"","ast-main-header-display":"","ast-hfb-above-header-display":"","ast-hfb-below-header-display":"","ast-hfb-mobile-header-display":"","site-post-title":"","ast-breadcrumbs-content":"","ast-featured-img":"","footer-sml-layout":"","theme-transparent-header-meta":"","adv-header-id-meta":"","stick-header-meta":"","header-above-stick-meta":"","header-main-stick-meta":"","header-below-stick-meta":"","astra-migrate-meta-layouts":"default","ast-page-background-enabled":"default","ast-page-background-meta":{"desktop":{"background-color":"var(--ast-global-color-4)","background-image":"","background-repeat":"repeat","background-position":"center center","background-size":"auto","background-attachment":"scroll","background-type":"","background-media":"","overlay-type":"","overlay-color":"","overlay-opacity":"","overlay-gradient":""},"tablet":{"background-color":"","background-image":"","background-repeat":"repeat","background-position":"center center","background-size":"auto","background-attachment":"scroll","background-type":"","background-media":"","overlay-type":"","overlay-color":"","overlay-opacity":"","overlay-gradient":""},"mobile":{"background-color":"","background-image":"","background-repeat":"repeat","background-position":"center center","background-size":"auto","background-attachment":"scroll","background-type":"","background-media":"","overlay-type":"","overlay-color":"","overlay-opacity":"","overlay-gradient":""}},"ast-content-background-meta":{"desktop":{"background-color":"var(--ast-global-color-5)","background-image":"","background-repeat":"repeat","background-position":"center center","background-size":"auto","background-attachment":"scroll","background-type":"","background-media":"","overlay-type":"","overlay-color":"","overlay-opacity":"","overlay-gradient":""},"tablet":{"background-color":"var(--ast-global-color-5)","background-image":"","background-repeat":"repeat","background-position":"center center","background-size":"auto","background-attachment":"scroll","background-type":"","background-media":"","overlay-type":"","overlay-color":"","overlay-opacity":"","overlay-gradient":""},"mobile":{"background-color":"var(--ast-global-color-5)","background-image":"","background-repeat":"repeat","background-position":"center center","background-size":"auto","background-attachment":"scroll","background-type":"","background-media":"","overlay-type":"","overlay-color":"","overlay-opacity":"","overlay-gradient":""}},"footnotes":""},"categories":[1,29],"tags":[],"class_list":["post-7732","post","type-post","status-publish","format-standard","has-post-thumbnail","hentry","category-general","category-portada"],"post_mailing_queue_ids":[],"_links":{"self":[{"href":"https:\/\/agora.xtec.cat\/iesjoanbrudieu\/wp-json\/wp\/v2\/posts\/7732","targetHints":{"allow":["GET"]}}],"collection":[{"href":"https:\/\/agora.xtec.cat\/iesjoanbrudieu\/wp-json\/wp\/v2\/posts"}],"about":[{"href":"https:\/\/agora.xtec.cat\/iesjoanbrudieu\/wp-json\/wp\/v2\/types\/post"}],"author":[{"embeddable":true,"href":"https:\/\/agora.xtec.cat\/iesjoanbrudieu\/wp-json\/wp\/v2\/users\/1"}],"replies":[{"embeddable":true,"href":"https:\/\/agora.xtec.cat\/iesjoanbrudieu\/wp-json\/wp\/v2\/comments?post=7732"}],"version-history":[{"count":1,"href":"https:\/\/agora.xtec.cat\/iesjoanbrudieu\/wp-json\/wp\/v2\/posts\/7732\/revisions"}],"predecessor-version":[{"id":7734,"href":"https:\/\/agora.xtec.cat\/iesjoanbrudieu\/wp-json\/wp\/v2\/posts\/7732\/revisions\/7734"}],"wp:featuredmedia":[{"embeddable":true,"href":"https:\/\/agora.xtec.cat\/iesjoanbrudieu\/wp-json\/wp\/v2\/media\/7733"}],"wp:attachment":[{"href":"https:\/\/agora.xtec.cat\/iesjoanbrudieu\/wp-json\/wp\/v2\/media?parent=7732"}],"wp:term":[{"taxonomy":"category","embeddable":true,"href":"https:\/\/agora.xtec.cat\/iesjoanbrudieu\/wp-json\/wp\/v2\/categories?post=7732"},{"taxonomy":"post_tag","embeddable":true,"href":"https:\/\/agora.xtec.cat\/iesjoanbrudieu\/wp-json\/wp\/v2\/tags?post=7732"}],"curies":[{"name":"wp","href":"https:\/\/api.w.org\/{rel}","templated":true}]}}