{"id":7578,"date":"2022-06-18T15:56:13","date_gmt":"2022-06-18T13:56:13","guid":{"rendered":"https:\/\/agora.xtec.cat\/iesjoanbrudieu\/?p=7578"},"modified":"2022-06-18T16:00:48","modified_gmt":"2022-06-18T14:00:48","slug":"jubilacio-de-montse-ayala-i-orlando-fernandez","status":"publish","type":"post","link":"https:\/\/agora.xtec.cat\/iesjoanbrudieu\/general\/jubilacio-de-montse-ayala-i-orlando-fernandez\/","title":{"rendered":"Jubilaci\u00f3 de Montse Ayala i Orlando Fern\u00e1ndez"},"content":{"rendered":"<p>El pr\u00f2xim 31 d\u2019agost de 2022 ser\u00e0 el darrer dia de treball per jubilaci\u00f3 de <strong>Montse Ayala<\/strong>, professora de F\u00edsica i Qu\u00edmica; i d&#8217;<strong>Orlando Fern\u00e1ndez<\/strong>, professor de la fam\u00edlia de Serveis a la Comunitat. Esperem que gaudiu d\u2019aquesta nova etapa que inicieu i us desitgem molta felicitat.<\/p>\n<p>A m\u00e9s, el passat 16 de juny de 2022, l\u2019Ajuntament de la Seu d\u2019Urgell ha homenatjat el professorat que s\u2019ha jubilat en aquest curs 2021-2022, en un acte celebrat a la sala de plens de l\u2019edifici consistorial. El reconeixement p\u00fablic s&#8217;ha fet a <strong>Eug\u00e8nia Canillo, Merc\u00e8 Aguas, Dolors Ficapal, Pepita Jordana, Ricard Calvo, Margarita Espinosa, Orlando Fern\u00e1ndez, Montserrat Ayala, \u00c0ngela C\u00e1mara, Alfredo de la Rosa i Joana Navarro<\/strong>. (<a href=\"https:\/\/photos.app.goo.gl\/kjjCzAVPefyjEJYe7\" target=\"_blank\" rel=\"noopener\">fotos<\/a>)<\/p>\n<p>Not\u00edcia a <a href=\"https:\/\/pirineustv.cat\/la-seu-durgell-homenatja-docents-que-tanquen-letapa-professional\" target=\"_blank\" rel=\"noopener\">Pirineus TV<\/a> &#8211; <a href=\"https:\/\/www.radioseu.cat\/noticies\/l2019ajuntament-de-la-seu-d2019urgell-homenatja-els-docents-jubilats-el-curs-2021-2022\" target=\"_blank\" rel=\"noopener\">R\u00e0dio Seu<\/a>.<\/p>\n<p><a href=\"https:\/\/agora.xtec.cat\/iesjoanbrudieu\/wp-content\/uploads\/usu1248\/2022\/06\/220616_Homenatge_docents_jubilats_1.jpg\"><img loading=\"lazy\" decoding=\"async\" class=\"aligncenter size-full wp-image-7580\" src=\"https:\/\/agora.xtec.cat\/iesjoanbrudieu\/wp-content\/uploads\/usu1248\/2022\/06\/220616_Homenatge_docents_jubilats_1.jpg\" alt=\"\" width=\"1200\" height=\"800\" srcset=\"https:\/\/agora.xtec.cat\/iesjoanbrudieu\/wp-content\/uploads\/usu1248\/2022\/06\/220616_Homenatge_docents_jubilats_1.jpg 1200w, https:\/\/agora.xtec.cat\/iesjoanbrudieu\/wp-content\/uploads\/usu1248\/2022\/06\/220616_Homenatge_docents_jubilats_1-300x200.jpg 300w, https:\/\/agora.xtec.cat\/iesjoanbrudieu\/wp-content\/uploads\/usu1248\/2022\/06\/220616_Homenatge_docents_jubilats_1-1024x683.jpg 1024w, https:\/\/agora.xtec.cat\/iesjoanbrudieu\/wp-content\/uploads\/usu1248\/2022\/06\/220616_Homenatge_docents_jubilats_1-768x512.jpg 768w\" sizes=\"auto, (max-width: 1200px) 100vw, 1200px\" \/><\/a><\/p>\n","protected":false},"excerpt":{"rendered":"<p>El pr\u00f2xim 31 d\u2019agost de 2022 ser\u00e0 el darrer dia de treball per jubilaci\u00f3 de Montse Ayala, professora de F\u00edsica i Qu\u00edmica; i d&#8217;Orlando Fern\u00e1ndez, professor de la fam\u00edlia de Serveis a la Comunitat. Esperem que gaudiu d\u2019aquesta nova etapa que inicieu i us desitgem molta felicitat. A m\u00e9s, el passat 16 de juny de [&hellip;]<\/p>\n","protected":false},"author":1,"featured_media":3355,"comment_status":"closed","ping_status":"closed","sticky":false,"template":"","format":"standard","meta":{"_bbp_topic_count":0,"_bbp_reply_count":0,"_bbp_total_topic_count":0,"_bbp_total_reply_count":0,"_bbp_voice_count":0,"_bbp_anonymous_reply_count":0,"_bbp_topic_count_hidden":0,"_bbp_reply_count_hidden":0,"_bbp_forum_subforum_count":0,"site-sidebar-layout":"default","site-content-layout":"","ast-site-content-layout":"","site-content-style":"default","site-sidebar-style":"default","ast-global-header-display":"","ast-banner-title-visibility":"","ast-main-header-display":"","ast-hfb-above-header-display":"","ast-hfb-below-header-display":"","ast-hfb-mobile-header-display":"","site-post-title":"","ast-breadcrumbs-content":"","ast-featured-img":"","footer-sml-layout":"","theme-transparent-header-meta":"","adv-header-id-meta":"","stick-header-meta":"","header-above-stick-meta":"","header-main-stick-meta":"","header-below-stick-meta":"","astra-migrate-meta-layouts":"default","ast-page-background-enabled":"default","ast-page-background-meta":{"desktop":{"background-color":"var(--ast-global-color-4)","background-image":"","background-repeat":"repeat","background-position":"center center","background-size":"auto","background-attachment":"scroll","background-type":"","background-media":"","overlay-type":"","overlay-color":"","overlay-opacity":"","overlay-gradient":""},"tablet":{"background-color":"","background-image":"","background-repeat":"repeat","background-position":"center center","background-size":"auto","background-attachment":"scroll","background-type":"","background-media":"","overlay-type":"","overlay-color":"","overlay-opacity":"","overlay-gradient":""},"mobile":{"background-color":"","background-image":"","background-repeat":"repeat","background-position":"center center","background-size":"auto","background-attachment":"scroll","background-type":"","background-media":"","overlay-type":"","overlay-color":"","overlay-opacity":"","overlay-gradient":""}},"ast-content-background-meta":{"desktop":{"background-color":"var(--ast-global-color-5)","background-image":"","background-repeat":"repeat","background-position":"center center","background-size":"auto","background-attachment":"scroll","background-type":"","background-media":"","overlay-type":"","overlay-color":"","overlay-opacity":"","overlay-gradient":""},"tablet":{"background-color":"var(--ast-global-color-5)","background-image":"","background-repeat":"repeat","background-position":"center center","background-size":"auto","background-attachment":"scroll","background-type":"","background-media":"","overlay-type":"","overlay-color":"","overlay-opacity":"","overlay-gradient":""},"mobile":{"background-color":"var(--ast-global-color-5)","background-image":"","background-repeat":"repeat","background-position":"center center","background-size":"auto","background-attachment":"scroll","background-type":"","background-media":"","overlay-type":"","overlay-color":"","overlay-opacity":"","overlay-gradient":""}},"footnotes":""},"categories":[1,111,29],"tags":[],"class_list":["post-7578","post","type-post","status-publish","format-standard","has-post-thumbnail","hentry","category-general","category-jubilacions","category-portada"],"post_mailing_queue_ids":[],"_links":{"self":[{"href":"https:\/\/agora.xtec.cat\/iesjoanbrudieu\/wp-json\/wp\/v2\/posts\/7578","targetHints":{"allow":["GET"]}}],"collection":[{"href":"https:\/\/agora.xtec.cat\/iesjoanbrudieu\/wp-json\/wp\/v2\/posts"}],"about":[{"href":"https:\/\/agora.xtec.cat\/iesjoanbrudieu\/wp-json\/wp\/v2\/types\/post"}],"author":[{"embeddable":true,"href":"https:\/\/agora.xtec.cat\/iesjoanbrudieu\/wp-json\/wp\/v2\/users\/1"}],"replies":[{"embeddable":true,"href":"https:\/\/agora.xtec.cat\/iesjoanbrudieu\/wp-json\/wp\/v2\/comments?post=7578"}],"version-history":[{"count":2,"href":"https:\/\/agora.xtec.cat\/iesjoanbrudieu\/wp-json\/wp\/v2\/posts\/7578\/revisions"}],"predecessor-version":[{"id":7582,"href":"https:\/\/agora.xtec.cat\/iesjoanbrudieu\/wp-json\/wp\/v2\/posts\/7578\/revisions\/7582"}],"wp:featuredmedia":[{"embeddable":true,"href":"https:\/\/agora.xtec.cat\/iesjoanbrudieu\/wp-json\/wp\/v2\/media\/3355"}],"wp:attachment":[{"href":"https:\/\/agora.xtec.cat\/iesjoanbrudieu\/wp-json\/wp\/v2\/media?parent=7578"}],"wp:term":[{"taxonomy":"category","embeddable":true,"href":"https:\/\/agora.xtec.cat\/iesjoanbrudieu\/wp-json\/wp\/v2\/categories?post=7578"},{"taxonomy":"post_tag","embeddable":true,"href":"https:\/\/agora.xtec.cat\/iesjoanbrudieu\/wp-json\/wp\/v2\/tags?post=7578"}],"curies":[{"name":"wp","href":"https:\/\/api.w.org\/{rel}","templated":true}]}}