{"id":7282,"date":"2022-03-21T17:30:39","date_gmt":"2022-03-21T16:30:39","guid":{"rendered":"https:\/\/agora.xtec.cat\/iesjoanbrudieu\/?p=7282"},"modified":"2022-03-21T17:30:39","modified_gmt":"2022-03-21T16:30:39","slug":"avis-a-les-families-vaga-el-23-de-marc","status":"publish","type":"post","link":"https:\/\/agora.xtec.cat\/iesjoanbrudieu\/general\/avis-a-les-families-vaga-el-23-de-marc\/","title":{"rendered":"Av\u00eds a les fam\u00edlies: vaga el 23 de mar\u00e7"},"content":{"rendered":"<p>Us comuniquem que el dimecres 23 de mar\u00e7 de 2022 hi ha convocada jornada de vaga general. A hores d\u2019ara es desconeix el nombre real de professorat que exercir\u00e0 el seu dret individual a la vaga. Tanmateix, l\u2019Institut garantir\u00e0, amb els serveis essencials que es proposen, el dret de l\u2019alumnat a romandre al centre. Els serveis essencials dels instituts es concreten en la pres\u00e8ncia d\u20191 membre de l\u2019equip directiu i, de manera excepcional, per motius de les mesures sanit\u00e0ries per fer front a la pand\u00e8mia de la COVID-19, en el cas de l\u2019ensenyament secundari (de 12 a 16 anys), en la pres\u00e8ncia d\u20191 docent per a cada 3 unitats..<\/p>\n<p>Alhora tamb\u00e9 us comuniquem que l\u2019alumnat de 3r i 4t d\u2019ESO, de Batxillerat i de Formaci\u00f3 Professional de l\u2019Institut ha decidit majorit\u00e0riament adherir-se a la convocat\u00f2ria de vaga. Us recordem que el dret d\u2019inassist\u00e8ncia a classe de l\u2019alumnat (vaga) est\u00e0 regulat per la normativa i les normes de funcionament de l\u2019Institut (NOFC). L\u2019alumnat de 1r i 2n d\u2019ESO queda excl\u00f2s de qualsevol convocat\u00f2ria. Per la resta, si l\u2019alumne \u00e9s menor d\u2019edat, la fam\u00edlia ha de tenir el coneixement de les decisions preses pels seus fills i filles i autoritzar-ne la participaci\u00f3. L\u2019abs\u00e8ncia de l\u2019alumnat a classe haur\u00e0 de ser justificada mitjan\u00e7ant ALEXIA.<\/p>\n<p>En definitiva, els serveis essencials, conjuntament amb tot el professorat que no hagi donat suport a la proposta de vaga, garantiran la seguretat i l\u2019atenci\u00f3 de l\u2019alumnat present al centre, que romandr\u00e0 obert en el seu horari habitual, malgrat que no es podr\u00e0 garantir l\u2019atenci\u00f3 lectiva normal.<\/p>\n<p>Us avancem que tamb\u00e9 s\u2019han convocat jornades de vaga per als dies 29 i 30 de mar\u00e7 de 2022.<\/p>\n","protected":false},"excerpt":{"rendered":"<p>Us comuniquem que el dimecres 23 de mar\u00e7 de 2022 hi ha convocada jornada de vaga general. A hores d\u2019ara es desconeix el nombre real de professorat que exercir\u00e0 el seu dret individual a la vaga. Tanmateix, l\u2019Institut garantir\u00e0, amb els serveis essencials que es proposen, el dret de l\u2019alumnat a romandre al centre. Els [&hellip;]<\/p>\n","protected":false},"author":1,"featured_media":3040,"comment_status":"closed","ping_status":"closed","sticky":false,"template":"","format":"standard","meta":{"_bbp_topic_count":0,"_bbp_reply_count":0,"_bbp_total_topic_count":0,"_bbp_total_reply_count":0,"_bbp_voice_count":0,"_bbp_anonymous_reply_count":0,"_bbp_topic_count_hidden":0,"_bbp_reply_count_hidden":0,"_bbp_forum_subforum_count":0,"site-sidebar-layout":"default","site-content-layout":"","ast-site-content-layout":"","site-content-style":"default","site-sidebar-style":"default","ast-global-header-display":"","ast-banner-title-visibility":"","ast-main-header-display":"","ast-hfb-above-header-display":"","ast-hfb-below-header-display":"","ast-hfb-mobile-header-display":"","site-post-title":"","ast-breadcrumbs-content":"","ast-featured-img":"","footer-sml-layout":"","theme-transparent-header-meta":"","adv-header-id-meta":"","stick-header-meta":"","header-above-stick-meta":"","header-main-stick-meta":"","header-below-stick-meta":"","astra-migrate-meta-layouts":"default","ast-page-background-enabled":"default","ast-page-background-meta":{"desktop":{"background-color":"var(--ast-global-color-4)","background-image":"","background-repeat":"repeat","background-position":"center center","background-size":"auto","background-attachment":"scroll","background-type":"","background-media":"","overlay-type":"","overlay-color":"","overlay-opacity":"","overlay-gradient":""},"tablet":{"background-color":"","background-image":"","background-repeat":"repeat","background-position":"center center","background-size":"auto","background-attachment":"scroll","background-type":"","background-media":"","overlay-type":"","overlay-color":"","overlay-opacity":"","overlay-gradient":""},"mobile":{"background-color":"","background-image":"","background-repeat":"repeat","background-position":"center center","background-size":"auto","background-attachment":"scroll","background-type":"","background-media":"","overlay-type":"","overlay-color":"","overlay-opacity":"","overlay-gradient":""}},"ast-content-background-meta":{"desktop":{"background-color":"var(--ast-global-color-5)","background-image":"","background-repeat":"repeat","background-position":"center center","background-size":"auto","background-attachment":"scroll","background-type":"","background-media":"","overlay-type":"","overlay-color":"","overlay-opacity":"","overlay-gradient":""},"tablet":{"background-color":"var(--ast-global-color-5)","background-image":"","background-repeat":"repeat","background-position":"center center","background-size":"auto","background-attachment":"scroll","background-type":"","background-media":"","overlay-type":"","overlay-color":"","overlay-opacity":"","overlay-gradient":""},"mobile":{"background-color":"var(--ast-global-color-5)","background-image":"","background-repeat":"repeat","background-position":"center center","background-size":"auto","background-attachment":"scroll","background-type":"","background-media":"","overlay-type":"","overlay-color":"","overlay-opacity":"","overlay-gradient":""}},"footnotes":""},"categories":[1,29],"tags":[],"class_list":["post-7282","post","type-post","status-publish","format-standard","has-post-thumbnail","hentry","category-general","category-portada"],"post_mailing_queue_ids":[],"_links":{"self":[{"href":"https:\/\/agora.xtec.cat\/iesjoanbrudieu\/wp-json\/wp\/v2\/posts\/7282","targetHints":{"allow":["GET"]}}],"collection":[{"href":"https:\/\/agora.xtec.cat\/iesjoanbrudieu\/wp-json\/wp\/v2\/posts"}],"about":[{"href":"https:\/\/agora.xtec.cat\/iesjoanbrudieu\/wp-json\/wp\/v2\/types\/post"}],"author":[{"embeddable":true,"href":"https:\/\/agora.xtec.cat\/iesjoanbrudieu\/wp-json\/wp\/v2\/users\/1"}],"replies":[{"embeddable":true,"href":"https:\/\/agora.xtec.cat\/iesjoanbrudieu\/wp-json\/wp\/v2\/comments?post=7282"}],"version-history":[{"count":1,"href":"https:\/\/agora.xtec.cat\/iesjoanbrudieu\/wp-json\/wp\/v2\/posts\/7282\/revisions"}],"predecessor-version":[{"id":7283,"href":"https:\/\/agora.xtec.cat\/iesjoanbrudieu\/wp-json\/wp\/v2\/posts\/7282\/revisions\/7283"}],"wp:featuredmedia":[{"embeddable":true,"href":"https:\/\/agora.xtec.cat\/iesjoanbrudieu\/wp-json\/wp\/v2\/media\/3040"}],"wp:attachment":[{"href":"https:\/\/agora.xtec.cat\/iesjoanbrudieu\/wp-json\/wp\/v2\/media?parent=7282"}],"wp:term":[{"taxonomy":"category","embeddable":true,"href":"https:\/\/agora.xtec.cat\/iesjoanbrudieu\/wp-json\/wp\/v2\/categories?post=7282"},{"taxonomy":"post_tag","embeddable":true,"href":"https:\/\/agora.xtec.cat\/iesjoanbrudieu\/wp-json\/wp\/v2\/tags?post=7282"}],"curies":[{"name":"wp","href":"https:\/\/api.w.org\/{rel}","templated":true}]}}