{"id":7242,"date":"2022-03-16T12:59:03","date_gmt":"2022-03-16T11:59:03","guid":{"rendered":"https:\/\/agora.xtec.cat\/iesjoanbrudieu\/?p=7242"},"modified":"2022-03-17T09:17:32","modified_gmt":"2022-03-17T08:17:32","slug":"beques-per-a-ensenyaments-postobligatoris-no-universitaris-2022-2023","status":"publish","type":"post","link":"https:\/\/agora.xtec.cat\/iesjoanbrudieu\/general\/beques-per-a-ensenyaments-postobligatoris-no-universitaris-2022-2023\/","title":{"rendered":"Beques per a ensenyaments postobligatoris no universitaris (2022-2023)"},"content":{"rendered":"<p>Us informem que el passat 12 de mar\u00e7 es va publicar en el BOE la convocat\u00f2ria de beques d\u2019estudis postobligatoris pel proper curs 2022-2023 (<a href=\"https:\/\/www.boe.es\/boe\/dias\/2022\/03\/12\/pdfs\/BOE-B-2022-7804.pdf\" target=\"_blank\" rel=\"noopener\">extracte de la convocat\u00f2ria al BOE<\/a>, el text complet de la qual el podeu trobar en el seg\u00fcent <a href=\"http:\/\/institutjoanbrudieu.cat\/public\/web_centre\/html\/documents\/institut\/curs\/Convocatoria_beques_estudis_postobligatoris_2022_2023.pdf\" target=\"_blank\" rel=\"noopener\">enlla\u00e7<\/a>). Teniu tota la informaci\u00f3 <a href=\"https:\/\/educacio.gencat.cat\/ca\/tramits\/tramits-temes\/247-beques-ministerio-postobligatoris?category=7449fd1c-a82c-11e3-a972-000c29052e2c\" target=\"_blank\" rel=\"noopener\">a la web del Departament d\u2019Educaci\u00f3 des d\u2019on es pot fer la sol\u00b7licitud de l\u2019ajut<\/a>. El termini de presentaci\u00f3 de les sol\u00b7licituds ser\u00e0 des del dia 30 de mar\u00e7 fins el 12 de maig de 2022, a les 24:00 hores. La sol\u00b7licitud s\u2019haur\u00e0 de fer per mitj\u00e0 del formulari que ser\u00e0 accessible per via telem\u00e0tica, quan s\u2019obri el termini, des del web del Departament d\u2019Educaci\u00f3 i \u00a0no es podran tenir en compte les sol\u00b7licituds que no finalitzin el proc\u00e9s de presentaci\u00f3 dins el termini i que, per tant, no disposin del resguard que permet acreditar aquesta presentaci\u00f3 en termini i forma.<\/p>\n","protected":false},"excerpt":{"rendered":"<p>Us informem que el passat 12 de mar\u00e7 es va publicar en el BOE la convocat\u00f2ria de beques d\u2019estudis postobligatoris pel proper curs 2022-2023 (extracte de la convocat\u00f2ria al BOE, el text complet de la qual el podeu trobar en el seg\u00fcent enlla\u00e7). Teniu tota la informaci\u00f3 a la web del Departament d\u2019Educaci\u00f3 des d\u2019on [&hellip;]<\/p>\n","protected":false},"author":1,"featured_media":3903,"comment_status":"closed","ping_status":"closed","sticky":false,"template":"","format":"standard","meta":{"_bbp_topic_count":0,"_bbp_reply_count":0,"_bbp_total_topic_count":0,"_bbp_total_reply_count":0,"_bbp_voice_count":0,"_bbp_anonymous_reply_count":0,"_bbp_topic_count_hidden":0,"_bbp_reply_count_hidden":0,"_bbp_forum_subforum_count":0,"site-sidebar-layout":"default","site-content-layout":"","ast-site-content-layout":"","site-content-style":"default","site-sidebar-style":"default","ast-global-header-display":"","ast-banner-title-visibility":"","ast-main-header-display":"","ast-hfb-above-header-display":"","ast-hfb-below-header-display":"","ast-hfb-mobile-header-display":"","site-post-title":"","ast-breadcrumbs-content":"","ast-featured-img":"","footer-sml-layout":"","theme-transparent-header-meta":"","adv-header-id-meta":"","stick-header-meta":"","header-above-stick-meta":"","header-main-stick-meta":"","header-below-stick-meta":"","astra-migrate-meta-layouts":"default","ast-page-background-enabled":"default","ast-page-background-meta":{"desktop":{"background-color":"var(--ast-global-color-4)","background-image":"","background-repeat":"repeat","background-position":"center center","background-size":"auto","background-attachment":"scroll","background-type":"","background-media":"","overlay-type":"","overlay-color":"","overlay-opacity":"","overlay-gradient":""},"tablet":{"background-color":"","background-image":"","background-repeat":"repeat","background-position":"center center","background-size":"auto","background-attachment":"scroll","background-type":"","background-media":"","overlay-type":"","overlay-color":"","overlay-opacity":"","overlay-gradient":""},"mobile":{"background-color":"","background-image":"","background-repeat":"repeat","background-position":"center center","background-size":"auto","background-attachment":"scroll","background-type":"","background-media":"","overlay-type":"","overlay-color":"","overlay-opacity":"","overlay-gradient":""}},"ast-content-background-meta":{"desktop":{"background-color":"var(--ast-global-color-5)","background-image":"","background-repeat":"repeat","background-position":"center center","background-size":"auto","background-attachment":"scroll","background-type":"","background-media":"","overlay-type":"","overlay-color":"","overlay-opacity":"","overlay-gradient":""},"tablet":{"background-color":"var(--ast-global-color-5)","background-image":"","background-repeat":"repeat","background-position":"center center","background-size":"auto","background-attachment":"scroll","background-type":"","background-media":"","overlay-type":"","overlay-color":"","overlay-opacity":"","overlay-gradient":""},"mobile":{"background-color":"var(--ast-global-color-5)","background-image":"","background-repeat":"repeat","background-position":"center center","background-size":"auto","background-attachment":"scroll","background-type":"","background-media":"","overlay-type":"","overlay-color":"","overlay-opacity":"","overlay-gradient":""}},"footnotes":""},"categories":[115,1,29],"tags":[],"class_list":["post-7242","post","type-post","status-publish","format-standard","has-post-thumbnail","hentry","category-beques-i-ajuts","category-general","category-portada"],"post_mailing_queue_ids":[],"_links":{"self":[{"href":"https:\/\/agora.xtec.cat\/iesjoanbrudieu\/wp-json\/wp\/v2\/posts\/7242","targetHints":{"allow":["GET"]}}],"collection":[{"href":"https:\/\/agora.xtec.cat\/iesjoanbrudieu\/wp-json\/wp\/v2\/posts"}],"about":[{"href":"https:\/\/agora.xtec.cat\/iesjoanbrudieu\/wp-json\/wp\/v2\/types\/post"}],"author":[{"embeddable":true,"href":"https:\/\/agora.xtec.cat\/iesjoanbrudieu\/wp-json\/wp\/v2\/users\/1"}],"replies":[{"embeddable":true,"href":"https:\/\/agora.xtec.cat\/iesjoanbrudieu\/wp-json\/wp\/v2\/comments?post=7242"}],"version-history":[{"count":2,"href":"https:\/\/agora.xtec.cat\/iesjoanbrudieu\/wp-json\/wp\/v2\/posts\/7242\/revisions"}],"predecessor-version":[{"id":7263,"href":"https:\/\/agora.xtec.cat\/iesjoanbrudieu\/wp-json\/wp\/v2\/posts\/7242\/revisions\/7263"}],"wp:featuredmedia":[{"embeddable":true,"href":"https:\/\/agora.xtec.cat\/iesjoanbrudieu\/wp-json\/wp\/v2\/media\/3903"}],"wp:attachment":[{"href":"https:\/\/agora.xtec.cat\/iesjoanbrudieu\/wp-json\/wp\/v2\/media?parent=7242"}],"wp:term":[{"taxonomy":"category","embeddable":true,"href":"https:\/\/agora.xtec.cat\/iesjoanbrudieu\/wp-json\/wp\/v2\/categories?post=7242"},{"taxonomy":"post_tag","embeddable":true,"href":"https:\/\/agora.xtec.cat\/iesjoanbrudieu\/wp-json\/wp\/v2\/tags?post=7242"}],"curies":[{"name":"wp","href":"https:\/\/api.w.org\/{rel}","templated":true}]}}