{"id":6893,"date":"2022-02-10T10:17:25","date_gmt":"2022-02-10T09:17:25","guid":{"rendered":"https:\/\/agora.xtec.cat\/iesjoanbrudieu\/?p=6893"},"modified":"2022-03-17T14:18:36","modified_gmt":"2022-03-17T13:18:36","slug":"reprenem-les-mobilitats-internacionalsl-erasmus-a-noruega","status":"publish","type":"post","link":"https:\/\/agora.xtec.cat\/iesjoanbrudieu\/general\/reprenem-les-mobilitats-internacionalsl-erasmus-a-noruega\/","title":{"rendered":"Reprenem les mobilitats internacionals!!! Erasmus+ a Noruega"},"content":{"rendered":"<p>Despr\u00e9s d\u2019una aturada de dos anys deguda a la pand\u00e8mia, el <strong>Seminari d\u2019Angl\u00e8s<\/strong> de l\u2019Institut Joan Brudieu repr\u00e8n el projecte <strong>Erasmus+<\/strong> que havia iniciat l\u2019any 2019. Comencem amb una mobilitat a <a href=\"https:\/\/ca.wikipedia.org\/wiki\/Skiptvet\" target=\"_blank\" rel=\"noopener\"><strong>Skiptvet (Noruega)<\/strong> <\/a>emmarcada dins el projecte <strong>\u201cCitius, Altius, Fortius\u201d<\/strong>, que t\u00e9 com a eix central l\u2019estudi i la pr\u00e0ctica de diversos esports, el coneixement d\u2019altres pa\u00efsos i cultures i la pr\u00e0ctica de l\u2019angl\u00e8s com a llengua vehicular del projecte.\u00a0 Aquesta mobilitat es dur\u00e0 a terme la semana del <strong>13 al 18 de febrer<\/strong> per part d\u2019un grup de sis alumnes de 3r i 4t d\u2019ESO i dos professors acompanyants dels Departaments d\u2019Angl\u00e8s i d\u2019Educaci\u00f3 F\u00edsica. Aquest curs es preveuen quatre trobades europees m\u00e9s: a Bulg\u00e0ria, Turquia, Cro\u00e0cia i una altra a principis de maig a la Seu, on l\u2019alumnat de l\u2019institut acollir\u00e0 els diferents participants de tots els pa\u00efsos. Esperem que la situaci\u00f3 sanit\u00e0ria ens permeti seguir tot el programa previst i que aquesta primera mobilitat esdevingui una experi\u00e8ncia inoblidable tant a nivell acad\u00e8mic com personal per a tots els participants.<\/p>\n","protected":false},"excerpt":{"rendered":"<p>Despr\u00e9s d\u2019una aturada de dos anys deguda a la pand\u00e8mia, el Seminari d\u2019Angl\u00e8s de l\u2019Institut Joan Brudieu repr\u00e8n el projecte Erasmus+ que havia iniciat l\u2019any 2019. Comencem amb una mobilitat a Skiptvet (Noruega) emmarcada dins el projecte \u201cCitius, Altius, Fortius\u201d, que t\u00e9 com a eix central l\u2019estudi i la pr\u00e0ctica de diversos esports, el coneixement [&hellip;]<\/p>\n","protected":false},"author":1,"featured_media":3183,"comment_status":"closed","ping_status":"closed","sticky":false,"template":"","format":"standard","meta":{"_bbp_topic_count":0,"_bbp_reply_count":0,"_bbp_total_topic_count":0,"_bbp_total_reply_count":0,"_bbp_voice_count":0,"_bbp_anonymous_reply_count":0,"_bbp_topic_count_hidden":0,"_bbp_reply_count_hidden":0,"_bbp_forum_subforum_count":0,"site-sidebar-layout":"default","site-content-layout":"","ast-site-content-layout":"","site-content-style":"default","site-sidebar-style":"default","ast-global-header-display":"","ast-banner-title-visibility":"","ast-main-header-display":"","ast-hfb-above-header-display":"","ast-hfb-below-header-display":"","ast-hfb-mobile-header-display":"","site-post-title":"","ast-breadcrumbs-content":"","ast-featured-img":"","footer-sml-layout":"","theme-transparent-header-meta":"","adv-header-id-meta":"","stick-header-meta":"","header-above-stick-meta":"","header-main-stick-meta":"","header-below-stick-meta":"","astra-migrate-meta-layouts":"default","ast-page-background-enabled":"default","ast-page-background-meta":{"desktop":{"background-color":"var(--ast-global-color-4)","background-image":"","background-repeat":"repeat","background-position":"center center","background-size":"auto","background-attachment":"scroll","background-type":"","background-media":"","overlay-type":"","overlay-color":"","overlay-opacity":"","overlay-gradient":""},"tablet":{"background-color":"","background-image":"","background-repeat":"repeat","background-position":"center center","background-size":"auto","background-attachment":"scroll","background-type":"","background-media":"","overlay-type":"","overlay-color":"","overlay-opacity":"","overlay-gradient":""},"mobile":{"background-color":"","background-image":"","background-repeat":"repeat","background-position":"center center","background-size":"auto","background-attachment":"scroll","background-type":"","background-media":"","overlay-type":"","overlay-color":"","overlay-opacity":"","overlay-gradient":""}},"ast-content-background-meta":{"desktop":{"background-color":"var(--ast-global-color-5)","background-image":"","background-repeat":"repeat","background-position":"center center","background-size":"auto","background-attachment":"scroll","background-type":"","background-media":"","overlay-type":"","overlay-color":"","overlay-opacity":"","overlay-gradient":""},"tablet":{"background-color":"var(--ast-global-color-5)","background-image":"","background-repeat":"repeat","background-position":"center center","background-size":"auto","background-attachment":"scroll","background-type":"","background-media":"","overlay-type":"","overlay-color":"","overlay-opacity":"","overlay-gradient":""},"mobile":{"background-color":"var(--ast-global-color-5)","background-image":"","background-repeat":"repeat","background-position":"center center","background-size":"auto","background-attachment":"scroll","background-type":"","background-media":"","overlay-type":"","overlay-color":"","overlay-opacity":"","overlay-gradient":""}},"footnotes":""},"categories":[116,1,29],"tags":[],"class_list":["post-6893","post","type-post","status-publish","format-standard","has-post-thumbnail","hentry","category-erasmus","category-general","category-portada"],"post_mailing_queue_ids":[],"_links":{"self":[{"href":"https:\/\/agora.xtec.cat\/iesjoanbrudieu\/wp-json\/wp\/v2\/posts\/6893","targetHints":{"allow":["GET"]}}],"collection":[{"href":"https:\/\/agora.xtec.cat\/iesjoanbrudieu\/wp-json\/wp\/v2\/posts"}],"about":[{"href":"https:\/\/agora.xtec.cat\/iesjoanbrudieu\/wp-json\/wp\/v2\/types\/post"}],"author":[{"embeddable":true,"href":"https:\/\/agora.xtec.cat\/iesjoanbrudieu\/wp-json\/wp\/v2\/users\/1"}],"replies":[{"embeddable":true,"href":"https:\/\/agora.xtec.cat\/iesjoanbrudieu\/wp-json\/wp\/v2\/comments?post=6893"}],"version-history":[{"count":2,"href":"https:\/\/agora.xtec.cat\/iesjoanbrudieu\/wp-json\/wp\/v2\/posts\/6893\/revisions"}],"predecessor-version":[{"id":6898,"href":"https:\/\/agora.xtec.cat\/iesjoanbrudieu\/wp-json\/wp\/v2\/posts\/6893\/revisions\/6898"}],"wp:featuredmedia":[{"embeddable":true,"href":"https:\/\/agora.xtec.cat\/iesjoanbrudieu\/wp-json\/wp\/v2\/media\/3183"}],"wp:attachment":[{"href":"https:\/\/agora.xtec.cat\/iesjoanbrudieu\/wp-json\/wp\/v2\/media?parent=6893"}],"wp:term":[{"taxonomy":"category","embeddable":true,"href":"https:\/\/agora.xtec.cat\/iesjoanbrudieu\/wp-json\/wp\/v2\/categories?post=6893"},{"taxonomy":"post_tag","embeddable":true,"href":"https:\/\/agora.xtec.cat\/iesjoanbrudieu\/wp-json\/wp\/v2\/tags?post=6893"}],"curies":[{"name":"wp","href":"https:\/\/api.w.org\/{rel}","templated":true}]}}