{"id":6886,"date":"2022-02-07T16:20:35","date_gmt":"2022-02-07T15:20:35","guid":{"rendered":"https:\/\/agora.xtec.cat\/iesjoanbrudieu\/?p=6886"},"modified":"2023-02-25T12:10:36","modified_gmt":"2023-02-25T11:10:36","slug":"presentacio-i-document-informatiu-de-la-reunio-dorientacio-per-a-les-pau-2022","status":"publish","type":"post","link":"https:\/\/agora.xtec.cat\/iesjoanbrudieu\/general\/presentacio-i-document-informatiu-de-la-reunio-dorientacio-per-a-les-pau-2022\/","title":{"rendered":"Presentaci\u00f3 i document informatiu de la reuni\u00f3 d\u2019orientaci\u00f3 per a les PAU 2022"},"content":{"rendered":"<p>Us facilitem l\u2019<a href=\"https:\/\/institutjoanbrudieu.cat\/public\/web_centre\/html\/documents\/institut\/curs\/22_BTX-CF_Reunio_Orientacio_PAU_admissio_univ.pdf\" target=\"_blank\" rel=\"noopener noreferrer\">enlla\u00e7 de la presentaci\u00f3<\/a> que es passa a la reuni\u00f3 d\u2019Orientaci\u00f3 de les PAU del dilluns 7 de febrer per a les fam\u00edlies, aix\u00ed com l\u2019<a href=\"https:\/\/institutjoanbrudieu.cat\/public\/web_centre\/html\/documents\/institut\/curs\/22_BTX-CF_Universitat_Llibret.pdf\" target=\"_blank\" rel=\"noopener noreferrer\">enlla\u00e7 del llibret informatiu <strong>PAU i dels estudis universitaris i professionals<\/strong><\/a>, elaborats des de l&#8217;Institut Joan Brudieu.<\/p>\n<h4><span style=\"color: #ff0000;\">Presentaci\u00f3 Reuni\u00f3 Orientaci\u00f3 <strong>PAU 2022<\/strong>. (Institut Joan Brudieu)<\/span><\/h4>\n<p style=\"text-align: center;\"><object style=\"width: 800px; height: 600px;\" data=\"https:\/\/institutjoanbrudieu.cat\/public\/web_centre\/html\/documents\/institut\/curs\/22_BTX-CF_Reunio_Orientacio_PAU_admissio_univ.pdf\" width=\"300\" height=\"150\"><span style=\"display: inline-block; width: 0px; overflow: hidden; line-height: 0;\" data-mce-type=\"bookmark\" class=\"mce_SELRES_start\">\ufeff<\/span><\/object><\/p>\n<h4><span style=\"color: #ff0000;\">Llibret informatiu <strong>PAU i dels<\/strong> <strong>estudis universitaris i professionals<\/strong> (Institut Joan Brudieu)<\/span><\/h4>\n<p style=\"text-align: center;\"><object style=\"width: 800px; height: 600px;\" data=\"https:\/\/institutjoanbrudieu.cat\/public\/web_centre\/html\/documents\/institut\/curs\/22_BTX-CF_Universitat_Llibret.pdf\" width=\"300\" height=\"150\"><span style=\"display: inline-block; width: 0px; overflow: hidden; line-height: 0;\" data-mce-type=\"bookmark\" class=\"mce_SELRES_start\">\ufeff<\/span><\/object><\/p>\n","protected":false},"excerpt":{"rendered":"<p>Us facilitem l\u2019enlla\u00e7 de la presentaci\u00f3 que es passa a la reuni\u00f3 d\u2019Orientaci\u00f3 de les PAU del dilluns 7 de febrer per a les fam\u00edlies, aix\u00ed com l\u2019enlla\u00e7 del llibret informatiu PAU i dels estudis universitaris i professionals, elaborats des de l&#8217;Institut Joan Brudieu. Presentaci\u00f3 Reuni\u00f3 Orientaci\u00f3 PAU 2022. (Institut Joan Brudieu) \ufeff Llibret informatiu [&hellip;]<\/p>\n","protected":false},"author":1,"featured_media":2480,"comment_status":"closed","ping_status":"closed","sticky":false,"template":"","format":"standard","meta":{"_bbp_topic_count":0,"_bbp_reply_count":0,"_bbp_total_topic_count":0,"_bbp_total_reply_count":0,"_bbp_voice_count":0,"_bbp_anonymous_reply_count":0,"_bbp_topic_count_hidden":0,"_bbp_reply_count_hidden":0,"_bbp_forum_subforum_count":0,"site-sidebar-layout":"default","site-content-layout":"","ast-site-content-layout":"","site-content-style":"default","site-sidebar-style":"default","ast-global-header-display":"","ast-banner-title-visibility":"","ast-main-header-display":"","ast-hfb-above-header-display":"","ast-hfb-below-header-display":"","ast-hfb-mobile-header-display":"","site-post-title":"","ast-breadcrumbs-content":"","ast-featured-img":"","footer-sml-layout":"","theme-transparent-header-meta":"","adv-header-id-meta":"","stick-header-meta":"","header-above-stick-meta":"","header-main-stick-meta":"","header-below-stick-meta":"","astra-migrate-meta-layouts":"default","ast-page-background-enabled":"default","ast-page-background-meta":{"desktop":{"background-color":"var(--ast-global-color-4)","background-image":"","background-repeat":"repeat","background-position":"center center","background-size":"auto","background-attachment":"scroll","background-type":"","background-media":"","overlay-type":"","overlay-color":"","overlay-opacity":"","overlay-gradient":""},"tablet":{"background-color":"","background-image":"","background-repeat":"repeat","background-position":"center center","background-size":"auto","background-attachment":"scroll","background-type":"","background-media":"","overlay-type":"","overlay-color":"","overlay-opacity":"","overlay-gradient":""},"mobile":{"background-color":"","background-image":"","background-repeat":"repeat","background-position":"center center","background-size":"auto","background-attachment":"scroll","background-type":"","background-media":"","overlay-type":"","overlay-color":"","overlay-opacity":"","overlay-gradient":""}},"ast-content-background-meta":{"desktop":{"background-color":"var(--ast-global-color-5)","background-image":"","background-repeat":"repeat","background-position":"center center","background-size":"auto","background-attachment":"scroll","background-type":"","background-media":"","overlay-type":"","overlay-color":"","overlay-opacity":"","overlay-gradient":""},"tablet":{"background-color":"var(--ast-global-color-5)","background-image":"","background-repeat":"repeat","background-position":"center center","background-size":"auto","background-attachment":"scroll","background-type":"","background-media":"","overlay-type":"","overlay-color":"","overlay-opacity":"","overlay-gradient":""},"mobile":{"background-color":"var(--ast-global-color-5)","background-image":"","background-repeat":"repeat","background-position":"center center","background-size":"auto","background-attachment":"scroll","background-type":"","background-media":"","overlay-type":"","overlay-color":"","overlay-opacity":"","overlay-gradient":""}},"footnotes":""},"categories":[1,107,29],"tags":[],"class_list":["post-6886","post","type-post","status-publish","format-standard","has-post-thumbnail","hentry","category-general","category-pau-pap","category-portada"],"post_mailing_queue_ids":[],"_links":{"self":[{"href":"https:\/\/agora.xtec.cat\/iesjoanbrudieu\/wp-json\/wp\/v2\/posts\/6886","targetHints":{"allow":["GET"]}}],"collection":[{"href":"https:\/\/agora.xtec.cat\/iesjoanbrudieu\/wp-json\/wp\/v2\/posts"}],"about":[{"href":"https:\/\/agora.xtec.cat\/iesjoanbrudieu\/wp-json\/wp\/v2\/types\/post"}],"author":[{"embeddable":true,"href":"https:\/\/agora.xtec.cat\/iesjoanbrudieu\/wp-json\/wp\/v2\/users\/1"}],"replies":[{"embeddable":true,"href":"https:\/\/agora.xtec.cat\/iesjoanbrudieu\/wp-json\/wp\/v2\/comments?post=6886"}],"version-history":[{"count":3,"href":"https:\/\/agora.xtec.cat\/iesjoanbrudieu\/wp-json\/wp\/v2\/posts\/6886\/revisions"}],"predecessor-version":[{"id":8093,"href":"https:\/\/agora.xtec.cat\/iesjoanbrudieu\/wp-json\/wp\/v2\/posts\/6886\/revisions\/8093"}],"wp:featuredmedia":[{"embeddable":true,"href":"https:\/\/agora.xtec.cat\/iesjoanbrudieu\/wp-json\/wp\/v2\/media\/2480"}],"wp:attachment":[{"href":"https:\/\/agora.xtec.cat\/iesjoanbrudieu\/wp-json\/wp\/v2\/media?parent=6886"}],"wp:term":[{"taxonomy":"category","embeddable":true,"href":"https:\/\/agora.xtec.cat\/iesjoanbrudieu\/wp-json\/wp\/v2\/categories?post=6886"},{"taxonomy":"post_tag","embeddable":true,"href":"https:\/\/agora.xtec.cat\/iesjoanbrudieu\/wp-json\/wp\/v2\/tags?post=6886"}],"curies":[{"name":"wp","href":"https:\/\/api.w.org\/{rel}","templated":true}]}}