{"id":6883,"date":"2022-02-07T14:43:01","date_gmt":"2022-02-07T13:43:01","guid":{"rendered":"https:\/\/agora.xtec.cat\/iesjoanbrudieu\/?p=6883"},"modified":"2022-03-07T15:00:38","modified_gmt":"2022-03-07T14:00:38","slug":"8-de-marc-de-2022-jornada-de-portes-obertes-eso-a-linstitut","status":"publish","type":"post","link":"https:\/\/agora.xtec.cat\/iesjoanbrudieu\/general\/8-de-marc-de-2022-jornada-de-portes-obertes-eso-a-linstitut\/","title":{"rendered":"8 de mar\u00e7 de 2022: Jornada de Portes Obertes ESO a l\u2019Institut"},"content":{"rendered":"<p>L\u2019Institut Joan Brudieu organitza la <strong>JORNADA DE PORTES OBERTES ESO<\/strong> el <strong>dimarts 8 de mar\u00e7<\/strong> per tal de presentar l\u2019Institut i donar a con\u00e8ixer les caracter\u00edstiques pr\u00f2pies dels estudis de Secund\u00e0ria Obligat\u00f2ria tant en l\u2019aspecte curricular com en l\u2019organitzatiu a tots els pares i mares que estiguin interessats a matricular-hi els seus fills i filles. Enguany, la <strong>Jornada de portes obertes<\/strong> constar\u00e0 d\u2019una <strong>reuni\u00f3 informativa<\/strong> que es realitzar\u00e0 de manera <strong>telem\u00e0tica<\/strong> el <strong>dimarts 8 de mar\u00e7 de 2022<\/strong> a les <strong>19:00 h<\/strong>. Per accedir-hi cal que us registreu omplint el <strong>formulari d\u2019inscripci\u00f3 (<a href=\"https:\/\/forms.gle\/dsbNnrbjHTzeoe6M9\" target=\"_blank\" rel=\"noopener noreferrer\">enlla\u00e7<\/a>)<\/strong><strong>, <\/strong> abans de les 23:59 h del dilluns 7 de mar\u00e7. Al llarg del mateix dia 8 de mar\u00e7 us enviarem un correu electr\u00f2nic amb l\u2019enlla\u00e7 a la reuni\u00f3 informativa.<\/p>\n<p style=\"text-align: center;\"><a class=\"button large\" style=\"padding: 1em; font-weight: 400; margin: 0.1em; color: white !important; background-color: #ff3257;\" href=\"https:\/\/forms.gle\/dsbNnrbjHTzeoe6M9\" target=\"_blank\" rel=\"noopener noreferrer\">Inscripci\u00f3 Reuni\u00f3 telem\u00e0tica Portes Obertes ESO<\/a><\/p>\n<ul>\n<li><a href=\"https:\/\/institutjoanbrudieu.cat\/public\/web_centre\/html\/documents\/institut\/curs\/22_Primaria_convocatoria_reunio_pares.pdf\" target=\"_blank\" rel=\"noopener noreferrer\">Convocat\u00f2ria de la reuni\u00f3 de fam\u00edlies<\/a>.<\/li>\n<li>Recorregut virtual per l\u2019Institut Joan Brudieu (<a href=\"https:\/\/www.google.com\/maps\/place\/Institut+Joan+Brudieu\/@42.3531579,1.4578998,3a,75y,82.97h,90t\/data=!3m8!1e1!3m6!1sAF1QipNGj9QEYkFbqRTtmfKtUQ1YQF_7I4ToFeiB_zXE!2e10!3e11!6shttps:%2F%2Flh5.googleusercontent.com%2Fp%2FAF1QipNGj9QEYkFbqRTtmfKtUQ1YQF_7I4ToFeiB_zXE%3Dw203-h100-k-no-pi-0-ya355.35452-ro-0-fo100!7i13312!8i6656!4m13!1m7!3m6!1s0x12a5edcf3ab9da27:0x9293f689ecf8ccaf!2sCarrer+Bisbe+Iglesias+Navarri,+27,+25700+La+Seu+d'Urgell,+Lleida,+Espa%C3%B1a!3b1!8m2!3d42.353256!4d1.4573363!3m4!1s0x12a5edc8ccb84a05:0xf83796855204acee!8m2!3d42.3531576!4d1.4573434?hl=es-ES\" target=\"_blank\" rel=\"noopener noreferrer\">Street view<\/a>).<\/li>\n<li>A l\u2019apartat <a href=\"https:\/\/agora.xtec.cat\/iesjoanbrudieu\/linstitut\/portes-obertes\/\" target=\"_blank\" rel=\"noopener noreferrer\"><strong>L\u2019Institut &gt; Portes Obertes<\/strong><\/a> d\u2019aquesta mateixa web hi trobareu tota la informaci\u00f3 necess\u00e0ria sobre l\u2019Institut Joan Brudieu.<\/li>\n<\/ul>\n<ul>\n<li style=\"list-style-type: none;\"><\/li>\n<\/ul>\n","protected":false},"excerpt":{"rendered":"<p>L\u2019Institut Joan Brudieu organitza la JORNADA DE PORTES OBERTES ESO el dimarts 8 de mar\u00e7 per tal de presentar l\u2019Institut i donar a con\u00e8ixer les caracter\u00edstiques pr\u00f2pies dels estudis de Secund\u00e0ria Obligat\u00f2ria tant en l\u2019aspecte curricular com en l\u2019organitzatiu a tots els pares i mares que estiguin interessats a matricular-hi els seus fills i filles. [&hellip;]<\/p>\n","protected":false},"author":1,"featured_media":2326,"comment_status":"closed","ping_status":"closed","sticky":false,"template":"","format":"standard","meta":{"_bbp_topic_count":0,"_bbp_reply_count":0,"_bbp_total_topic_count":0,"_bbp_total_reply_count":0,"_bbp_voice_count":0,"_bbp_anonymous_reply_count":0,"_bbp_topic_count_hidden":0,"_bbp_reply_count_hidden":0,"_bbp_forum_subforum_count":0,"site-sidebar-layout":"default","site-content-layout":"","ast-site-content-layout":"","site-content-style":"default","site-sidebar-style":"default","ast-global-header-display":"","ast-banner-title-visibility":"","ast-main-header-display":"","ast-hfb-above-header-display":"","ast-hfb-below-header-display":"","ast-hfb-mobile-header-display":"","site-post-title":"","ast-breadcrumbs-content":"","ast-featured-img":"","footer-sml-layout":"","theme-transparent-header-meta":"","adv-header-id-meta":"","stick-header-meta":"","header-above-stick-meta":"","header-main-stick-meta":"","header-below-stick-meta":"","astra-migrate-meta-layouts":"default","ast-page-background-enabled":"default","ast-page-background-meta":{"desktop":{"background-color":"var(--ast-global-color-4)","background-image":"","background-repeat":"repeat","background-position":"center center","background-size":"auto","background-attachment":"scroll","background-type":"","background-media":"","overlay-type":"","overlay-color":"","overlay-opacity":"","overlay-gradient":""},"tablet":{"background-color":"","background-image":"","background-repeat":"repeat","background-position":"center center","background-size":"auto","background-attachment":"scroll","background-type":"","background-media":"","overlay-type":"","overlay-color":"","overlay-opacity":"","overlay-gradient":""},"mobile":{"background-color":"","background-image":"","background-repeat":"repeat","background-position":"center center","background-size":"auto","background-attachment":"scroll","background-type":"","background-media":"","overlay-type":"","overlay-color":"","overlay-opacity":"","overlay-gradient":""}},"ast-content-background-meta":{"desktop":{"background-color":"var(--ast-global-color-5)","background-image":"","background-repeat":"repeat","background-position":"center center","background-size":"auto","background-attachment":"scroll","background-type":"","background-media":"","overlay-type":"","overlay-color":"","overlay-opacity":"","overlay-gradient":""},"tablet":{"background-color":"var(--ast-global-color-5)","background-image":"","background-repeat":"repeat","background-position":"center center","background-size":"auto","background-attachment":"scroll","background-type":"","background-media":"","overlay-type":"","overlay-color":"","overlay-opacity":"","overlay-gradient":""},"mobile":{"background-color":"var(--ast-global-color-5)","background-image":"","background-repeat":"repeat","background-position":"center center","background-size":"auto","background-attachment":"scroll","background-type":"","background-media":"","overlay-type":"","overlay-color":"","overlay-opacity":"","overlay-gradient":""}},"footnotes":""},"categories":[1,29],"tags":[],"class_list":["post-6883","post","type-post","status-publish","format-standard","has-post-thumbnail","hentry","category-general","category-portada"],"post_mailing_queue_ids":[],"_links":{"self":[{"href":"https:\/\/agora.xtec.cat\/iesjoanbrudieu\/wp-json\/wp\/v2\/posts\/6883","targetHints":{"allow":["GET"]}}],"collection":[{"href":"https:\/\/agora.xtec.cat\/iesjoanbrudieu\/wp-json\/wp\/v2\/posts"}],"about":[{"href":"https:\/\/agora.xtec.cat\/iesjoanbrudieu\/wp-json\/wp\/v2\/types\/post"}],"author":[{"embeddable":true,"href":"https:\/\/agora.xtec.cat\/iesjoanbrudieu\/wp-json\/wp\/v2\/users\/1"}],"replies":[{"embeddable":true,"href":"https:\/\/agora.xtec.cat\/iesjoanbrudieu\/wp-json\/wp\/v2\/comments?post=6883"}],"version-history":[{"count":1,"href":"https:\/\/agora.xtec.cat\/iesjoanbrudieu\/wp-json\/wp\/v2\/posts\/6883\/revisions"}],"predecessor-version":[{"id":6885,"href":"https:\/\/agora.xtec.cat\/iesjoanbrudieu\/wp-json\/wp\/v2\/posts\/6883\/revisions\/6885"}],"wp:featuredmedia":[{"embeddable":true,"href":"https:\/\/agora.xtec.cat\/iesjoanbrudieu\/wp-json\/wp\/v2\/media\/2326"}],"wp:attachment":[{"href":"https:\/\/agora.xtec.cat\/iesjoanbrudieu\/wp-json\/wp\/v2\/media?parent=6883"}],"wp:term":[{"taxonomy":"category","embeddable":true,"href":"https:\/\/agora.xtec.cat\/iesjoanbrudieu\/wp-json\/wp\/v2\/categories?post=6883"},{"taxonomy":"post_tag","embeddable":true,"href":"https:\/\/agora.xtec.cat\/iesjoanbrudieu\/wp-json\/wp\/v2\/tags?post=6883"}],"curies":[{"name":"wp","href":"https:\/\/api.w.org\/{rel}","templated":true}]}}