{"id":6733,"date":"2021-12-11T11:13:56","date_gmt":"2021-12-11T10:13:56","guid":{"rendered":"https:\/\/agora.xtec.cat\/iesjoanbrudieu\/?p=6733"},"modified":"2022-12-03T15:40:16","modified_gmt":"2022-12-03T14:40:16","slug":"convocat-el-vi-concurs-de-whatsapp-relats","status":"publish","type":"post","link":"https:\/\/agora.xtec.cat\/iesjoanbrudieu\/general\/convocat-el-vi-concurs-de-whatsapp-relats\/","title":{"rendered":"Convocat el VI Concurs de WhatsApp-Relats"},"content":{"rendered":"<p>El pr\u00f2xim <strong>13 de gener de 2022<\/strong> l&#8217;alumnat de 4t d&#8217;ESO de l&#8217;Alt Pirineu i Aran i el de 4t de Segona Ensenyan\u00e7a d&#8217;Andorra participar\u00e0 en la <strong>sisena edici\u00f3 del concurs literari WhatsApp-Relats<\/strong>. Es tracta d\u2019una activitat cultural transfronterera que t\u00e9 com a objectiu incentivar la creaci\u00f3 liter\u00e0ria dels joves estudiants a trav\u00e9s d\u2019eines tan habituals com el tel\u00e8fon m\u00f2bil o la popular aplicaci\u00f3 de missatgeria instant\u00e0nia. El concurs l\u2019impulsa i organitza l\u2019Associaci\u00f3 Llibre del Pirineu, el Ministeri d\u2019Educaci\u00f3 i Ensenyament Superior del Govern d\u2019Andorra, el Servei Educatiu Alt Urgell \u2013 Cerdanya, l\u2019Ajuntament de la Seu d\u2019Urgell i el Consell Comarcal de l\u2019Alt Urgell i compta amb el suport de l\u2019Institut per al Desenvolupament i la Promoci\u00f3 de l\u2019Alt Pirineu i Aran (IDAPA).<\/p>\n<p>El dia <strong>13 de gener de 2022<\/strong>, els\/les responsables del concurs a cada centre escolar rebran un missatge de WhatsApp de l\u2019organitzaci\u00f3 amb el tema sobre el qual haur\u00e0 d&#8217;escriure l&#8217;alumnat. Es disposar\u00e0 d&#8217;una hora de temps per crear un relat d&#8217;un m\u00e0xim de 100 paraules i despr\u00e9s l&#8217;haur\u00e0 d&#8217;enviar, tamb\u00e9 per Whatsapp, a un tel\u00e8fon de l&#8217;organitzaci\u00f3. Un cop rebuts tots els relats, es codificaran i s\u2019anonimitzaran abans de transferir-los al jurat.<\/p>\n<p>D\u2019entre tots, se seleccionaran deu relats finalistes, entre els quals se n\u2019elegiran tres com a premiats. Aix\u00ed, s\u2019ha establert un primer premi consistent en una tauleta t\u00e0ctil; un segon premi d\u2019un smartwatch i una motxilla per a ordinador de tercer premi. Els altres set finalistes rebran un jocs d\u2019auriculars sense fils. Els relats finalistes es publicaran en format digital.<\/p>\n<p>En la seg\u00fcent infografia, en podeu consultar les <strong>bases<\/strong>:<\/p>\n<p style=\"text-align: center;\"><object style=\"width: 800px; height: 600px;\" data=\"https:\/\/institutjoanbrudieu.cat\/public\/web_centre\/html\/documents\/institut\/curs\/Concurs_WhatsApp_Relats_2022_Bases.pdf\" width=\"300\" height=\"150\"><\/object><\/p>\n<p>Per tal d\u2019incentivar la participaci\u00f3 dels estudiants en el concurs, l\u2019organitzaci\u00f3 ha realitzat un<strong> v\u00eddeo de presentaci\u00f3 del certamen<\/strong> amb l\u2019actor i m\u00fasic pirinenc Ivan Caro, exalumne de l&#8217;Institut Joan Brudieu.<\/p>\n<p style=\"text-align: center;\"><iframe loading=\"lazy\" title=\"YouTube video player\" src=\"https:\/\/www.youtube.com\/embed\/4Aaz2JXqBH8\" width=\"560\" height=\"315\" frameborder=\"0\" allowfullscreen=\"allowfullscreen\"><\/iframe><\/p>\n<p>Us passem, a m\u00e9s, el veredicte de l&#8217;edici\u00f3 2021, en qu\u00e8 <strong>Adam G\u00f3mez Segovia<\/strong>, alumne de l&#8217;Institut Joan Brudieu, va obtenir el tercer premi del concurs, i <strong>Iasmina Elena Popa<\/strong>, tamb\u00e9 de l&#8217;Institut Joan Brudieu, va quedar-ne finalista.<\/p>\n<p style=\"text-align: center;\"><object style=\"width: 800px; height: 600px;\" data=\"https:\/\/institutjoanbrudieu.cat\/public\/web_centre\/html\/documents\/institut\/curs\/Concurs_WhatsApp_Relats_2021_Veredicte.pdf.pdf\" width=\"300\" height=\"150\"><\/object><\/p>\n<p>I el <strong>recull dels microrelats premiats<\/strong> del V Concurs WhatsApp relats 2021, amb el tema &#8220;Per fi vam poder sortir&#8221;.<\/p>\n<p style=\"text-align: center;\"><object style=\"width: 800px; height: 600px;\" data=\"https:\/\/institutjoanbrudieu.cat\/public\/web_centre\/html\/documents\/institut\/curs\/Concurs_WhatsApp_Relats_2021_Premiats.pdf\" width=\"300\" height=\"150\"><\/object><\/p>\n","protected":false},"excerpt":{"rendered":"<p>El pr\u00f2xim 13 de gener de 2022 l&#8217;alumnat de 4t d&#8217;ESO de l&#8217;Alt Pirineu i Aran i el de 4t de Segona Ensenyan\u00e7a d&#8217;Andorra participar\u00e0 en la sisena edici\u00f3 del concurs literari WhatsApp-Relats. Es tracta d\u2019una activitat cultural transfronterera que t\u00e9 com a objectiu incentivar la creaci\u00f3 liter\u00e0ria dels joves estudiants a trav\u00e9s d\u2019eines tan [&hellip;]<\/p>\n","protected":false},"author":1,"featured_media":6734,"comment_status":"closed","ping_status":"closed","sticky":false,"template":"","format":"standard","meta":{"_bbp_topic_count":0,"_bbp_reply_count":0,"_bbp_total_topic_count":0,"_bbp_total_reply_count":0,"_bbp_voice_count":0,"_bbp_anonymous_reply_count":0,"_bbp_topic_count_hidden":0,"_bbp_reply_count_hidden":0,"_bbp_forum_subforum_count":0,"site-sidebar-layout":"default","site-content-layout":"","ast-site-content-layout":"","site-content-style":"default","site-sidebar-style":"default","ast-global-header-display":"","ast-banner-title-visibility":"","ast-main-header-display":"","ast-hfb-above-header-display":"","ast-hfb-below-header-display":"","ast-hfb-mobile-header-display":"","site-post-title":"","ast-breadcrumbs-content":"","ast-featured-img":"","footer-sml-layout":"","theme-transparent-header-meta":"","adv-header-id-meta":"","stick-header-meta":"","header-above-stick-meta":"","header-main-stick-meta":"","header-below-stick-meta":"","astra-migrate-meta-layouts":"default","ast-page-background-enabled":"default","ast-page-background-meta":{"desktop":{"background-color":"var(--ast-global-color-4)","background-image":"","background-repeat":"repeat","background-position":"center center","background-size":"auto","background-attachment":"scroll","background-type":"","background-media":"","overlay-type":"","overlay-color":"","overlay-opacity":"","overlay-gradient":""},"tablet":{"background-color":"","background-image":"","background-repeat":"repeat","background-position":"center center","background-size":"auto","background-attachment":"scroll","background-type":"","background-media":"","overlay-type":"","overlay-color":"","overlay-opacity":"","overlay-gradient":""},"mobile":{"background-color":"","background-image":"","background-repeat":"repeat","background-position":"center center","background-size":"auto","background-attachment":"scroll","background-type":"","background-media":"","overlay-type":"","overlay-color":"","overlay-opacity":"","overlay-gradient":""}},"ast-content-background-meta":{"desktop":{"background-color":"var(--ast-global-color-5)","background-image":"","background-repeat":"repeat","background-position":"center center","background-size":"auto","background-attachment":"scroll","background-type":"","background-media":"","overlay-type":"","overlay-color":"","overlay-opacity":"","overlay-gradient":""},"tablet":{"background-color":"var(--ast-global-color-5)","background-image":"","background-repeat":"repeat","background-position":"center center","background-size":"auto","background-attachment":"scroll","background-type":"","background-media":"","overlay-type":"","overlay-color":"","overlay-opacity":"","overlay-gradient":""},"mobile":{"background-color":"var(--ast-global-color-5)","background-image":"","background-repeat":"repeat","background-position":"center center","background-size":"auto","background-attachment":"scroll","background-type":"","background-media":"","overlay-type":"","overlay-color":"","overlay-opacity":"","overlay-gradient":""}},"footnotes":""},"categories":[1,29],"tags":[],"class_list":["post-6733","post","type-post","status-publish","format-standard","has-post-thumbnail","hentry","category-general","category-portada"],"post_mailing_queue_ids":[],"_links":{"self":[{"href":"https:\/\/agora.xtec.cat\/iesjoanbrudieu\/wp-json\/wp\/v2\/posts\/6733","targetHints":{"allow":["GET"]}}],"collection":[{"href":"https:\/\/agora.xtec.cat\/iesjoanbrudieu\/wp-json\/wp\/v2\/posts"}],"about":[{"href":"https:\/\/agora.xtec.cat\/iesjoanbrudieu\/wp-json\/wp\/v2\/types\/post"}],"author":[{"embeddable":true,"href":"https:\/\/agora.xtec.cat\/iesjoanbrudieu\/wp-json\/wp\/v2\/users\/1"}],"replies":[{"embeddable":true,"href":"https:\/\/agora.xtec.cat\/iesjoanbrudieu\/wp-json\/wp\/v2\/comments?post=6733"}],"version-history":[{"count":3,"href":"https:\/\/agora.xtec.cat\/iesjoanbrudieu\/wp-json\/wp\/v2\/posts\/6733\/revisions"}],"predecessor-version":[{"id":7917,"href":"https:\/\/agora.xtec.cat\/iesjoanbrudieu\/wp-json\/wp\/v2\/posts\/6733\/revisions\/7917"}],"wp:featuredmedia":[{"embeddable":true,"href":"https:\/\/agora.xtec.cat\/iesjoanbrudieu\/wp-json\/wp\/v2\/media\/6734"}],"wp:attachment":[{"href":"https:\/\/agora.xtec.cat\/iesjoanbrudieu\/wp-json\/wp\/v2\/media?parent=6733"}],"wp:term":[{"taxonomy":"category","embeddable":true,"href":"https:\/\/agora.xtec.cat\/iesjoanbrudieu\/wp-json\/wp\/v2\/categories?post=6733"},{"taxonomy":"post_tag","embeddable":true,"href":"https:\/\/agora.xtec.cat\/iesjoanbrudieu\/wp-json\/wp\/v2\/tags?post=6733"}],"curies":[{"name":"wp","href":"https:\/\/api.w.org\/{rel}","templated":true}]}}