{"id":6682,"date":"2021-11-22T14:29:01","date_gmt":"2021-11-22T13:29:01","guid":{"rendered":"https:\/\/agora.xtec.cat\/iesjoanbrudieu\/?p=6682"},"modified":"2021-11-22T14:31:13","modified_gmt":"2021-11-22T13:31:13","slug":"empowering-for-inclusion-e4i-un-projecte-per-combatre-la-discriminacio-i-el-racisme","status":"publish","type":"post","link":"https:\/\/agora.xtec.cat\/iesjoanbrudieu\/general\/empowering-for-inclusion-e4i-un-projecte-per-combatre-la-discriminacio-i-el-racisme\/","title":{"rendered":"Empowering for inclusion (E4I), un projecte per combatre la discriminaci\u00f3 i el racisme"},"content":{"rendered":"<p>L&#8217;alumnat de 4t d&#8217;ESO de l&#8217;Institut Joan Brudieu participa en el projecte <strong>Empowering for Inclusion (E4I)<\/strong>, projecte adre\u00e7at a joves per erradicar el racisme i la xenof\u00f2bia.<\/p>\n<p><strong>Empowering for Inclusion (E4I)<\/strong> ha estat seleccionat per la Comissi\u00f3 Europea com un dels projectes beneficiaris de la convocat\u00f2ria <em>Rights, Equality and Citizenship<\/em>. La iniciativa, presentada pel Departament de Treball, Afers Socials i Fam\u00edlies, t\u00e9 per objectiu influir en el jovent per a erradicar el racisme, la xenof\u00f2bia i altres formes de discriminaci\u00f3 i, en particular, la islamof\u00f2bia i l\u2019antigitanisme. En un context d\u2019actituds i comportaments discriminatoris creixents, E4I treballar\u00e0 durant els propers dos anys per incidir directament en prop de 2.000 joves i en la comunitat a la qual pertanyen. El projecte vol impactar en aquest col\u00b7lectiu a trav\u00e9s de la formaci\u00f3, la sensibilitzaci\u00f3 i el suport a actuacions organitzades pel mateix jovent, emprant les xarxes comunit\u00e0ries que ja s\u00f3n presents arreu del pa\u00eds. Els elements innovadors i els aspectes diferencials del projecte s\u00f3n precisament la diversitat del grup objectiu i dels territoris, aix\u00ed com l\u2019enfocament d\u2019empoderar i de treballar amb una mirada comunit\u00e0ria amb l\u2019\u00fas dels recursos existents.<\/p>\n<p>Mitjan\u00e7ant intervencions en una vintena de centres educatius de secund\u00e0ria i en els equipaments c\u00edvics dels municipis i barris on estan ubicats, E4I aplicar\u00e0 una metodologia pedag\u00f2gica, de la m\u00e0 de la Fundaci\u00f3 Marianao, capa\u00e7 de millorar les actituds dels joves respecte a la diversitat i d\u2019enfortir la cohesi\u00f3 social. L\u2019entitat ja ha aplicat amb \u00e8xit aquest enfocament al municipi de Sant Boi de Llobregat.<\/p>\n<p>La intervenci\u00f3 s\u00b4inicia en el seu context m\u00e9s proper, l\u2019institut, mitjan\u00e7ant els cr\u00e8dits de participaci\u00f3 que s\u00f3n cinc sessions que realitzen les persones dinamitzadores en l\u00b4espai de tutoria de cada aula de 4art, amb l\u00b4objectiu final de dissenyar accions per contribuir a la millora de la conviv\u00e8ncia i\/o promoure la diversitat en el seu centre educatiu i entre els\/les seus\/seves companys\/es. Aquestes persones dinamitzadores, t\u00e8cniques comunit\u00e0ries juvenils, acompanyaran els i les joves participants en la detecci\u00f3 dels problemes del seu entorn i en el disseny i la implementaci\u00f3 d\u2019accions per generar canvis. D\u2019aquesta manera, es pret\u00e9n enfortir el sentiment de pertinen\u00e7a a la comunitat i alhora empoderar el jovent com a actor protagonista en la lluita contra la discriminaci\u00f3 i motor de canvis socials profunds.<\/p>\n<p>La Direcci\u00f3 General d\u2019Acci\u00f3 C\u00edvica i Comunit\u00e0ria a trav\u00e9s de la xarxa d\u2019equipaments c\u00edvics, t\u00e9 la capacitat de replicar el projecte arreu de Catalunya, aix\u00ed com de compartir la metodologia amb d\u2019altres administracions p\u00fabliques<br \/>\nlocals, estatals i europees, donant aix\u00ed continu\u00eftat i ampliant l\u2019impacte social del projecte.<\/p>\n<p>Els socis d\u2019E4I s\u00f3n:<\/p>\n<ul>\n<li>La <a href=\"https:\/\/dretssocials.gencat.cat\/ca\/inici\/\" target=\"_blank\" rel=\"noopener\"><strong>Direcci\u00f3 General d\u2019Acci\u00f3 C\u00edvica i Comunit\u00e0ria<\/strong><\/a>, com a branca de l\u2019Administraci\u00f3 p\u00fablica que gestiona els equipaments c\u00edvics, fa sensibilitzaci\u00f3 i prevenci\u00f3 a la ciutadania i realitza actuacions de caire comunitari i d\u2019inclusi\u00f3 social.<\/li>\n<li>La <a href=\"https:\/\/www.marianao.org\/\" target=\"_blank\" rel=\"noopener\"><strong>Fundaci\u00f3 Marianao<\/strong><\/a>, entitat que aporta al projecte la metodologia i \u00e9s referent en acci\u00f3 comunit\u00e0ria fomentant la participaci\u00f3 dels joves al municipi de Sant Boi de Llobregat.<\/li>\n<li>L\u2019<a href=\"https:\/\/www.facebook.com\/pages\/category\/Community\/SAFI-Stop-als-Fen%C3%B2mens-Islam%C3%B2fobs-a-Catalunya-286484064855510\/\" target=\"_blank\" rel=\"noopener\"><strong>Associaci\u00f3 Stop als Fen\u00f2mens Islam\u00f2fobs (SAFI)<\/strong><\/a>, entitat que es proposa com un espai de trobada, investigaci\u00f3, formaci\u00f3 i den\u00fancia de discursos i pr\u00e0ctiques islam\u00f2fobes.<\/li>\n<li>L\u2019<a href=\"https:\/\/www.facebook.com\/pages\/category\/Nonprofit-Organization\/AGIPCAT-Agrupaci%C3%B3-DEntitats-Gitanes-dels-Pa%C3%AFsos-Catalans-137520612992520\/\" target=\"_blank\" rel=\"noopener\"><strong>Agrupaci\u00f3 d\u2019Entitats Gitanes dels Pa\u00efsos Catalans (AGIPCAT)<\/strong><\/a>, organitzaci\u00f3 sense \u00e0nim de lucre que s\u2019agrupa diverses associacions gitanes de Catalunya. La seva tasca se centra en donar suport i posar en marxa els projectes culturals de les associacions gitanes que agrupen.<\/li>\n<li>La cooperativa <a href=\"https:\/\/www.tandemsocial.coop\/\" target=\"_blank\" rel=\"noopener\"><strong>Tandem Social<\/strong><\/a>, que ofereix serveis d\u2019assessorament en estrat\u00e8gia i avaluaci\u00f3 d\u2019impacte a organitzacions i projectes que pretenen aconseguir una transformaci\u00f3 social.<\/li>\n<\/ul>\n<p>Documents d&#8217;inter\u00e8s:<\/p>\n<ul>\n<li><a href=\"http:\/\/institutjoanbrudieu.cat\/public\/web_centre\/html\/documents\/institut\/curs\/2122_E4I_Empowering_for_Inclusion_Temporitzacio.pdf\" target=\"_blank\" rel=\"noopener\">Temporitzaci\u00f3 del projecte E4I<\/a> a l&#8217;Institut Joan Brudieu.<\/li>\n<li><a href=\"http:\/\/institutjoanbrudieu.cat\/public\/web_centre\/html\/documents\/institut\/curs\/2122_E4I_Empowering_for_Inclusion_Dossier_explicatiu.pdf\" target=\"_blank\" rel=\"noopener\">Dossier explicatiu<\/a> del Projecte E4I<\/li>\n<\/ul>\n<p><a href=\"https:\/\/agora.xtec.cat\/iesjoanbrudieu\/wp-content\/uploads\/usu1248\/2021\/11\/Empowering_for_Inclusion.jpg\"><img loading=\"lazy\" decoding=\"async\" class=\"aligncenter wp-image-6683\" src=\"https:\/\/agora.xtec.cat\/iesjoanbrudieu\/wp-content\/uploads\/usu1248\/2021\/11\/Empowering_for_Inclusion.jpg\" alt=\"\" width=\"585\" height=\"296\" \/><\/a><\/p>\n","protected":false},"excerpt":{"rendered":"<p>L&#8217;alumnat de 4t d&#8217;ESO de l&#8217;Institut Joan Brudieu participa en el projecte Empowering for Inclusion (E4I), projecte adre\u00e7at a joves per erradicar el racisme i la xenof\u00f2bia. Empowering for Inclusion (E4I) ha estat seleccionat per la Comissi\u00f3 Europea com un dels projectes beneficiaris de la convocat\u00f2ria Rights, Equality and Citizenship. La iniciativa, presentada pel Departament [&hellip;]<\/p>\n","protected":false},"author":1,"featured_media":6683,"comment_status":"closed","ping_status":"closed","sticky":false,"template":"","format":"standard","meta":{"_bbp_topic_count":0,"_bbp_reply_count":0,"_bbp_total_topic_count":0,"_bbp_total_reply_count":0,"_bbp_voice_count":0,"_bbp_anonymous_reply_count":0,"_bbp_topic_count_hidden":0,"_bbp_reply_count_hidden":0,"_bbp_forum_subforum_count":0,"site-sidebar-layout":"default","site-content-layout":"","ast-site-content-layout":"","site-content-style":"default","site-sidebar-style":"default","ast-global-header-display":"","ast-banner-title-visibility":"","ast-main-header-display":"","ast-hfb-above-header-display":"","ast-hfb-below-header-display":"","ast-hfb-mobile-header-display":"","site-post-title":"","ast-breadcrumbs-content":"","ast-featured-img":"","footer-sml-layout":"","theme-transparent-header-meta":"","adv-header-id-meta":"","stick-header-meta":"","header-above-stick-meta":"","header-main-stick-meta":"","header-below-stick-meta":"","astra-migrate-meta-layouts":"default","ast-page-background-enabled":"default","ast-page-background-meta":{"desktop":{"background-color":"var(--ast-global-color-4)","background-image":"","background-repeat":"repeat","background-position":"center center","background-size":"auto","background-attachment":"scroll","background-type":"","background-media":"","overlay-type":"","overlay-color":"","overlay-opacity":"","overlay-gradient":""},"tablet":{"background-color":"","background-image":"","background-repeat":"repeat","background-position":"center center","background-size":"auto","background-attachment":"scroll","background-type":"","background-media":"","overlay-type":"","overlay-color":"","overlay-opacity":"","overlay-gradient":""},"mobile":{"background-color":"","background-image":"","background-repeat":"repeat","background-position":"center center","background-size":"auto","background-attachment":"scroll","background-type":"","background-media":"","overlay-type":"","overlay-color":"","overlay-opacity":"","overlay-gradient":""}},"ast-content-background-meta":{"desktop":{"background-color":"var(--ast-global-color-5)","background-image":"","background-repeat":"repeat","background-position":"center center","background-size":"auto","background-attachment":"scroll","background-type":"","background-media":"","overlay-type":"","overlay-color":"","overlay-opacity":"","overlay-gradient":""},"tablet":{"background-color":"var(--ast-global-color-5)","background-image":"","background-repeat":"repeat","background-position":"center center","background-size":"auto","background-attachment":"scroll","background-type":"","background-media":"","overlay-type":"","overlay-color":"","overlay-opacity":"","overlay-gradient":""},"mobile":{"background-color":"var(--ast-global-color-5)","background-image":"","background-repeat":"repeat","background-position":"center center","background-size":"auto","background-attachment":"scroll","background-type":"","background-media":"","overlay-type":"","overlay-color":"","overlay-opacity":"","overlay-gradient":""}},"footnotes":""},"categories":[1,29],"tags":[],"class_list":["post-6682","post","type-post","status-publish","format-standard","has-post-thumbnail","hentry","category-general","category-portada"],"post_mailing_queue_ids":[],"_links":{"self":[{"href":"https:\/\/agora.xtec.cat\/iesjoanbrudieu\/wp-json\/wp\/v2\/posts\/6682","targetHints":{"allow":["GET"]}}],"collection":[{"href":"https:\/\/agora.xtec.cat\/iesjoanbrudieu\/wp-json\/wp\/v2\/posts"}],"about":[{"href":"https:\/\/agora.xtec.cat\/iesjoanbrudieu\/wp-json\/wp\/v2\/types\/post"}],"author":[{"embeddable":true,"href":"https:\/\/agora.xtec.cat\/iesjoanbrudieu\/wp-json\/wp\/v2\/users\/1"}],"replies":[{"embeddable":true,"href":"https:\/\/agora.xtec.cat\/iesjoanbrudieu\/wp-json\/wp\/v2\/comments?post=6682"}],"version-history":[{"count":3,"href":"https:\/\/agora.xtec.cat\/iesjoanbrudieu\/wp-json\/wp\/v2\/posts\/6682\/revisions"}],"predecessor-version":[{"id":6687,"href":"https:\/\/agora.xtec.cat\/iesjoanbrudieu\/wp-json\/wp\/v2\/posts\/6682\/revisions\/6687"}],"wp:featuredmedia":[{"embeddable":true,"href":"https:\/\/agora.xtec.cat\/iesjoanbrudieu\/wp-json\/wp\/v2\/media\/6683"}],"wp:attachment":[{"href":"https:\/\/agora.xtec.cat\/iesjoanbrudieu\/wp-json\/wp\/v2\/media?parent=6682"}],"wp:term":[{"taxonomy":"category","embeddable":true,"href":"https:\/\/agora.xtec.cat\/iesjoanbrudieu\/wp-json\/wp\/v2\/categories?post=6682"},{"taxonomy":"post_tag","embeddable":true,"href":"https:\/\/agora.xtec.cat\/iesjoanbrudieu\/wp-json\/wp\/v2\/tags?post=6682"}],"curies":[{"name":"wp","href":"https:\/\/api.w.org\/{rel}","templated":true}]}}