{"id":6669,"date":"2021-11-11T16:11:16","date_gmt":"2021-11-11T15:11:16","guid":{"rendered":"https:\/\/agora.xtec.cat\/iesjoanbrudieu\/?p=6669"},"modified":"2021-11-11T16:11:59","modified_gmt":"2021-11-11T15:11:59","slug":"25n-dia-internacional-per-a-leliminacio-de-la-violencia-envers-les-dones","status":"publish","type":"post","link":"https:\/\/agora.xtec.cat\/iesjoanbrudieu\/general\/25n-dia-internacional-per-a-leliminacio-de-la-violencia-envers-les-dones\/","title":{"rendered":"25N-Dia internacional per a l&#8217;eliminaci\u00f3 de la viol\u00e8ncia envers les dones"},"content":{"rendered":"<p>En el marc de la celebraci\u00f3 del 25N-Dia internacional per a l&#8217;eliminaci\u00f3 de la viol\u00e8ncia envers les dones, del dia 15 al 21 de novembre, l&#8217;Institut Joan Brudieu ser\u00e0 dipositari de l&#8217;exposici\u00f3 que porta per t\u00edtol \u00ab<a href=\"https:\/\/dones.gencat.cat\/ca\/ambits\/activitats\/exposicions\/lliures-i-sense-por\/\" target=\"_blank\" rel=\"noopener\"><strong>Lliures i sense por<\/strong><\/a>\u00bb. Es tracta d\u2019una exposici\u00f3 comissionada i dissenyada per l\u2019<a href=\"https:\/\/dones.gencat.cat\/ca\/inici\/\" target=\"_blank\" rel=\"noopener\">Institut Catal\u00e0 de les Dones<\/a> i <a href=\"https:\/\/www.creacionpositiva.org\/ca\/\" target=\"_blank\" rel=\"noopener\">Creaci\u00f3n Positiva<\/a> per reivindicar el dret a la llibertat sexual i seguretat de les dones en l\u2019\u00e0mbit p\u00fablic i privat. \u00ab<strong>Lliures i Sense Por<\/strong>\u00bb \u00e9s una exposici\u00f3 de 9 plafons pensada com a recurs formatiu per reflexionar sobre qu\u00e8 s\u00f3n les viol\u00e8ncies sexuals, com identificar-les, quines s\u00f3n les causes, i qu\u00e8 es pot fer davant situacions de viol\u00e8ncia.<\/p>\n<p><a href=\"https:\/\/agora.xtec.cat\/iesjoanbrudieu\/wp-content\/uploads\/usu1248\/2021\/11\/25N_Exposicio_Lliures_i_sense_por.jpg\"><img loading=\"lazy\" decoding=\"async\" class=\"aligncenter wp-image-6670\" src=\"https:\/\/agora.xtec.cat\/iesjoanbrudieu\/wp-content\/uploads\/usu1248\/2021\/11\/25N_Exposicio_Lliures_i_sense_por.jpg\" alt=\"\" width=\"604\" height=\"837\" \/><\/a><\/p>\n<p><a href=\"https:\/\/agora.xtec.cat\/iesjoanbrudieu\/wp-content\/uploads\/usu1248\/2021\/11\/25N_Dia_Internacional_contra_violencia_envers_dones.jpg\"><img loading=\"lazy\" decoding=\"async\" class=\"aligncenter  wp-image-6671\" src=\"https:\/\/agora.xtec.cat\/iesjoanbrudieu\/wp-content\/uploads\/usu1248\/2021\/11\/25N_Dia_Internacional_contra_violencia_envers_dones.jpg\" alt=\"\" width=\"254\" height=\"274\" \/><\/a><\/p>\n","protected":false},"excerpt":{"rendered":"<p>En el marc de la celebraci\u00f3 del 25N-Dia internacional per a l&#8217;eliminaci\u00f3 de la viol\u00e8ncia envers les dones, del dia 15 al 21 de novembre, l&#8217;Institut Joan Brudieu ser\u00e0 dipositari de l&#8217;exposici\u00f3 que porta per t\u00edtol \u00abLliures i sense por\u00bb. Es tracta d\u2019una exposici\u00f3 comissionada i dissenyada per l\u2019Institut Catal\u00e0 de les Dones i Creaci\u00f3n [&hellip;]<\/p>\n","protected":false},"author":1,"featured_media":6671,"comment_status":"closed","ping_status":"closed","sticky":false,"template":"","format":"standard","meta":{"_bbp_topic_count":0,"_bbp_reply_count":0,"_bbp_total_topic_count":0,"_bbp_total_reply_count":0,"_bbp_voice_count":0,"_bbp_anonymous_reply_count":0,"_bbp_topic_count_hidden":0,"_bbp_reply_count_hidden":0,"_bbp_forum_subforum_count":0,"site-sidebar-layout":"default","site-content-layout":"","ast-site-content-layout":"","site-content-style":"default","site-sidebar-style":"default","ast-global-header-display":"","ast-banner-title-visibility":"","ast-main-header-display":"","ast-hfb-above-header-display":"","ast-hfb-below-header-display":"","ast-hfb-mobile-header-display":"","site-post-title":"","ast-breadcrumbs-content":"","ast-featured-img":"","footer-sml-layout":"","theme-transparent-header-meta":"","adv-header-id-meta":"","stick-header-meta":"","header-above-stick-meta":"","header-main-stick-meta":"","header-below-stick-meta":"","astra-migrate-meta-layouts":"default","ast-page-background-enabled":"default","ast-page-background-meta":{"desktop":{"background-color":"var(--ast-global-color-4)","background-image":"","background-repeat":"repeat","background-position":"center center","background-size":"auto","background-attachment":"scroll","background-type":"","background-media":"","overlay-type":"","overlay-color":"","overlay-opacity":"","overlay-gradient":""},"tablet":{"background-color":"","background-image":"","background-repeat":"repeat","background-position":"center center","background-size":"auto","background-attachment":"scroll","background-type":"","background-media":"","overlay-type":"","overlay-color":"","overlay-opacity":"","overlay-gradient":""},"mobile":{"background-color":"","background-image":"","background-repeat":"repeat","background-position":"center center","background-size":"auto","background-attachment":"scroll","background-type":"","background-media":"","overlay-type":"","overlay-color":"","overlay-opacity":"","overlay-gradient":""}},"ast-content-background-meta":{"desktop":{"background-color":"var(--ast-global-color-5)","background-image":"","background-repeat":"repeat","background-position":"center center","background-size":"auto","background-attachment":"scroll","background-type":"","background-media":"","overlay-type":"","overlay-color":"","overlay-opacity":"","overlay-gradient":""},"tablet":{"background-color":"var(--ast-global-color-5)","background-image":"","background-repeat":"repeat","background-position":"center center","background-size":"auto","background-attachment":"scroll","background-type":"","background-media":"","overlay-type":"","overlay-color":"","overlay-opacity":"","overlay-gradient":""},"mobile":{"background-color":"var(--ast-global-color-5)","background-image":"","background-repeat":"repeat","background-position":"center center","background-size":"auto","background-attachment":"scroll","background-type":"","background-media":"","overlay-type":"","overlay-color":"","overlay-opacity":"","overlay-gradient":""}},"footnotes":""},"categories":[1,29],"tags":[],"class_list":["post-6669","post","type-post","status-publish","format-standard","has-post-thumbnail","hentry","category-general","category-portada"],"post_mailing_queue_ids":[],"_links":{"self":[{"href":"https:\/\/agora.xtec.cat\/iesjoanbrudieu\/wp-json\/wp\/v2\/posts\/6669","targetHints":{"allow":["GET"]}}],"collection":[{"href":"https:\/\/agora.xtec.cat\/iesjoanbrudieu\/wp-json\/wp\/v2\/posts"}],"about":[{"href":"https:\/\/agora.xtec.cat\/iesjoanbrudieu\/wp-json\/wp\/v2\/types\/post"}],"author":[{"embeddable":true,"href":"https:\/\/agora.xtec.cat\/iesjoanbrudieu\/wp-json\/wp\/v2\/users\/1"}],"replies":[{"embeddable":true,"href":"https:\/\/agora.xtec.cat\/iesjoanbrudieu\/wp-json\/wp\/v2\/comments?post=6669"}],"version-history":[{"count":2,"href":"https:\/\/agora.xtec.cat\/iesjoanbrudieu\/wp-json\/wp\/v2\/posts\/6669\/revisions"}],"predecessor-version":[{"id":6673,"href":"https:\/\/agora.xtec.cat\/iesjoanbrudieu\/wp-json\/wp\/v2\/posts\/6669\/revisions\/6673"}],"wp:featuredmedia":[{"embeddable":true,"href":"https:\/\/agora.xtec.cat\/iesjoanbrudieu\/wp-json\/wp\/v2\/media\/6671"}],"wp:attachment":[{"href":"https:\/\/agora.xtec.cat\/iesjoanbrudieu\/wp-json\/wp\/v2\/media?parent=6669"}],"wp:term":[{"taxonomy":"category","embeddable":true,"href":"https:\/\/agora.xtec.cat\/iesjoanbrudieu\/wp-json\/wp\/v2\/categories?post=6669"},{"taxonomy":"post_tag","embeddable":true,"href":"https:\/\/agora.xtec.cat\/iesjoanbrudieu\/wp-json\/wp\/v2\/tags?post=6669"}],"curies":[{"name":"wp","href":"https:\/\/api.w.org\/{rel}","templated":true}]}}