{"id":6629,"date":"2021-11-04T16:44:12","date_gmt":"2021-11-04T15:44:12","guid":{"rendered":"https:\/\/agora.xtec.cat\/iesjoanbrudieu\/?p=6629"},"modified":"2021-11-04T16:44:44","modified_gmt":"2021-11-04T15:44:44","slug":"el-brudieu-a-la-1a-jornada-jove-de-la-seu","status":"publish","type":"post","link":"https:\/\/agora.xtec.cat\/iesjoanbrudieu\/general\/el-brudieu-a-la-1a-jornada-jove-de-la-seu\/","title":{"rendered":"Alumnat del Brudieu, a la 1a Jornada Jove de la Seu"},"content":{"rendered":"<p>L&#8217;alumnat de dibuix art\u00edstic de primer i segon de batxillerat participar\u00e0, amb les seves obres d&#8217;art, en la primera edici\u00f3 de la Jornada jove amb l&#8217;exposici\u00f3 &#8220;<strong>Into the wild<\/strong>&#8221; que tindr\u00e0 lloc aquest dissabte 6 de novembre a la Pla\u00e7a del Codina de 12:00 a 18:00. La <b>1a Jornada Jove de la Seu d\u2019Urgell <\/b>constar\u00e0 de diverses i m\u00faltiples activitats que s\u2019aniran desenvolupant a la vegada, repartides en diferents franges hor\u00e0ries del dia, on m\u00e9s de 50 joves urgellencs presentaran el seu talent en diferents disciplines art\u00edstiques. <a href=\"https:\/\/www.laseu.cat\/news\/la-seu-d2019urgell-celebra-la-1a-jornada-jove-una-fira-de-joves-emprenedors\" target=\"_blank\" rel=\"noopener\">Not\u00edcia a R\u00e0dio Seu<\/a>.<i><\/i><\/p>\n<p><a href=\"https:\/\/agora.xtec.cat\/iesjoanbrudieu\/wp-content\/uploads\/usu1248\/2021\/11\/211104_Cartell_Jornada_Jove.jpeg\"><img loading=\"lazy\" decoding=\"async\" class=\"aligncenter wp-image-6632\" src=\"https:\/\/agora.xtec.cat\/iesjoanbrudieu\/wp-content\/uploads\/usu1248\/2021\/11\/211104_Cartell_Jornada_Jove.jpeg\" alt=\"\" width=\"753\" height=\"918\" \/><\/a><\/p>\n<p>&nbsp;<\/p>\n","protected":false},"excerpt":{"rendered":"<p>L&#8217;alumnat de dibuix art\u00edstic de primer i segon de batxillerat participar\u00e0, amb les seves obres d&#8217;art, en la primera edici\u00f3 de la Jornada jove amb l&#8217;exposici\u00f3 &#8220;Into the wild&#8221; que tindr\u00e0 lloc aquest dissabte 6 de novembre a la Pla\u00e7a del Codina de 12:00 a 18:00. La 1a Jornada Jove de la Seu d\u2019Urgell constar\u00e0 [&hellip;]<\/p>\n","protected":false},"author":1,"featured_media":6631,"comment_status":"closed","ping_status":"closed","sticky":false,"template":"","format":"standard","meta":{"_bbp_topic_count":0,"_bbp_reply_count":0,"_bbp_total_topic_count":0,"_bbp_total_reply_count":0,"_bbp_voice_count":0,"_bbp_anonymous_reply_count":0,"_bbp_topic_count_hidden":0,"_bbp_reply_count_hidden":0,"_bbp_forum_subforum_count":0,"site-sidebar-layout":"default","site-content-layout":"","ast-site-content-layout":"","site-content-style":"default","site-sidebar-style":"default","ast-global-header-display":"","ast-banner-title-visibility":"","ast-main-header-display":"","ast-hfb-above-header-display":"","ast-hfb-below-header-display":"","ast-hfb-mobile-header-display":"","site-post-title":"","ast-breadcrumbs-content":"","ast-featured-img":"","footer-sml-layout":"","theme-transparent-header-meta":"","adv-header-id-meta":"","stick-header-meta":"","header-above-stick-meta":"","header-main-stick-meta":"","header-below-stick-meta":"","astra-migrate-meta-layouts":"default","ast-page-background-enabled":"default","ast-page-background-meta":{"desktop":{"background-color":"var(--ast-global-color-4)","background-image":"","background-repeat":"repeat","background-position":"center center","background-size":"auto","background-attachment":"scroll","background-type":"","background-media":"","overlay-type":"","overlay-color":"","overlay-opacity":"","overlay-gradient":""},"tablet":{"background-color":"","background-image":"","background-repeat":"repeat","background-position":"center center","background-size":"auto","background-attachment":"scroll","background-type":"","background-media":"","overlay-type":"","overlay-color":"","overlay-opacity":"","overlay-gradient":""},"mobile":{"background-color":"","background-image":"","background-repeat":"repeat","background-position":"center center","background-size":"auto","background-attachment":"scroll","background-type":"","background-media":"","overlay-type":"","overlay-color":"","overlay-opacity":"","overlay-gradient":""}},"ast-content-background-meta":{"desktop":{"background-color":"var(--ast-global-color-5)","background-image":"","background-repeat":"repeat","background-position":"center center","background-size":"auto","background-attachment":"scroll","background-type":"","background-media":"","overlay-type":"","overlay-color":"","overlay-opacity":"","overlay-gradient":""},"tablet":{"background-color":"var(--ast-global-color-5)","background-image":"","background-repeat":"repeat","background-position":"center center","background-size":"auto","background-attachment":"scroll","background-type":"","background-media":"","overlay-type":"","overlay-color":"","overlay-opacity":"","overlay-gradient":""},"mobile":{"background-color":"var(--ast-global-color-5)","background-image":"","background-repeat":"repeat","background-position":"center center","background-size":"auto","background-attachment":"scroll","background-type":"","background-media":"","overlay-type":"","overlay-color":"","overlay-opacity":"","overlay-gradient":""}},"footnotes":""},"categories":[1,29],"tags":[],"class_list":["post-6629","post","type-post","status-publish","format-standard","has-post-thumbnail","hentry","category-general","category-portada"],"post_mailing_queue_ids":[],"_links":{"self":[{"href":"https:\/\/agora.xtec.cat\/iesjoanbrudieu\/wp-json\/wp\/v2\/posts\/6629","targetHints":{"allow":["GET"]}}],"collection":[{"href":"https:\/\/agora.xtec.cat\/iesjoanbrudieu\/wp-json\/wp\/v2\/posts"}],"about":[{"href":"https:\/\/agora.xtec.cat\/iesjoanbrudieu\/wp-json\/wp\/v2\/types\/post"}],"author":[{"embeddable":true,"href":"https:\/\/agora.xtec.cat\/iesjoanbrudieu\/wp-json\/wp\/v2\/users\/1"}],"replies":[{"embeddable":true,"href":"https:\/\/agora.xtec.cat\/iesjoanbrudieu\/wp-json\/wp\/v2\/comments?post=6629"}],"version-history":[{"count":2,"href":"https:\/\/agora.xtec.cat\/iesjoanbrudieu\/wp-json\/wp\/v2\/posts\/6629\/revisions"}],"predecessor-version":[{"id":6634,"href":"https:\/\/agora.xtec.cat\/iesjoanbrudieu\/wp-json\/wp\/v2\/posts\/6629\/revisions\/6634"}],"wp:featuredmedia":[{"embeddable":true,"href":"https:\/\/agora.xtec.cat\/iesjoanbrudieu\/wp-json\/wp\/v2\/media\/6631"}],"wp:attachment":[{"href":"https:\/\/agora.xtec.cat\/iesjoanbrudieu\/wp-json\/wp\/v2\/media?parent=6629"}],"wp:term":[{"taxonomy":"category","embeddable":true,"href":"https:\/\/agora.xtec.cat\/iesjoanbrudieu\/wp-json\/wp\/v2\/categories?post=6629"},{"taxonomy":"post_tag","embeddable":true,"href":"https:\/\/agora.xtec.cat\/iesjoanbrudieu\/wp-json\/wp\/v2\/tags?post=6629"}],"curies":[{"name":"wp","href":"https:\/\/api.w.org\/{rel}","templated":true}]}}