{"id":6592,"date":"2021-10-21T18:26:55","date_gmt":"2021-10-21T16:26:55","guid":{"rendered":"https:\/\/agora.xtec.cat\/iesjoanbrudieu\/?p=6592"},"modified":"2021-11-08T19:38:16","modified_gmt":"2021-11-08T18:38:16","slug":"eleccions-per-renovar-els-membres-del-consell-escolar-2021","status":"publish","type":"post","link":"https:\/\/agora.xtec.cat\/iesjoanbrudieu\/general\/eleccions-per-renovar-els-membres-del-consell-escolar-2021\/","title":{"rendered":"Eleccions per renovar els membres del Consell Escolar (2021)"},"content":{"rendered":"<p>D\u2019acord amb la <a href=\"https:\/\/institutjoanbrudieu.cat\/public\/web_centre\/html\/documents\/consell%20escolar\/Norma_DOGC_Resolucio_2021.pdf\" target=\"_blank\" rel=\"noopener noreferrer\"><strong>Resoluci\u00f3 EDU\/3043\/2021<\/strong><\/a>, de 6 d\u2019octubre, es <a href=\"http:\/\/institutjoanbrudieu.cat\/public\/web_centre\/html\/documents\/consell%20escolar\/Eleccions_CE_2021_convocatoria.pdf\" target=\"_blank\" rel=\"noopener\">convoquen eleccions<\/a> per renovar els membres del consell escolar de l\u2019Institut, concretament del <a href=\"http:\/\/institutjoanbrudieu.cat\/public\/web_centre\/html\/documents\/consell%20escolar\/Carta_informacio_professorat_2021.pdf\" target=\"_blank\" rel=\"noopener\">professorat<\/a> (renovaci\u00f3 de 5 membres), del <a href=\"http:\/\/institutjoanbrudieu.cat\/public\/web_centre\/html\/documents\/consell%20escolar\/Carta_informacio_PAS_2021.pdf\" target=\"_blank\" rel=\"noopener\">Personal d&#8217;Administraci\u00f3 i Serveis PAS<\/a> ( renovaci\u00f3 d&#8217;1 membre), del <a href=\"http:\/\/institutjoanbrudieu.cat\/public\/web_centre\/html\/documents\/consell%20escolar\/Carta_informacio_PAE_2021.pdf\" target=\"_blank\" rel=\"noopener\">Personal d&#8217;Atenci\u00f3 Educativa PAE<\/a> (renovaci\u00f3 d&#8217;1 membre), de l\u2019<a href=\"http:\/\/institutjoanbrudieu.cat\/public\/web_centre\/html\/documents\/consell%20escolar\/Carta_informacio_alumnat_2021.pdf\" target=\"_blank\" rel=\"noopener\">alumnat <\/a>(renovaci\u00f3 de 3 membres) i dels <a href=\"http:\/\/institutjoanbrudieu.cat\/public\/web_centre\/html\/documents\/consell%20escolar\/Carta_informacio_families_2021.pdf\" target=\"_blank\" rel=\"noopener\">pares i mares o tutors i tutores de l\u2019alumnat<\/a> (renovaci\u00f3 de 2 membres). Tota la informaci\u00f3 del <a href=\"http:\/\/institutjoanbrudieu.cat\/public\/web_centre\/html\/documents\/consell%20escolar\/Calendari_Eleccions_CE_2021.pdf\" target=\"_blank\" rel=\"noopener\">calendari<\/a> i de tot el proc\u00e9s electoral (<a href=\"http:\/\/institutjoanbrudieu.cat\/public\/web_centre\/html\/documents\/secretaria\/documents\/1617_NOFC_INSJB_Consell_Escolar.pdf\" target=\"_blank\" rel=\"noopener\">normes a les NOFC<\/a>), es troba a l\u2019apartat Men\u00fa &gt; Consell Escolar &gt; <a href=\"https:\/\/agora.xtec.cat\/iesjoanbrudieu\/linstitut\/consell-escolar\/eleccions-consell-escolar-2021-ajornades-del-2020\/\" target=\"_blank\" rel=\"noopener\">Eleccions 2021<\/a> d\u2019aquesta mateixa web.<\/p>\n<p>El resum del calendari del proc\u00e9s electoral \u00e9s el seg\u00fcent:<\/p>\n<ul>\n<li>02 de novembre: Inici proc\u00e9s electoral \u2013 Inici presentaci\u00f3 candidatures (full de presentaci\u00f3 de candidatures: <a href=\"http:\/\/institutjoanbrudieu.cat\/public\/web_centre\/html\/documents\/consell%20escolar\/Presentacio_candidatura_professorat_2021.pdf\" target=\"_blank\" rel=\"noopener\">professorat<\/a>, <a href=\"http:\/\/institutjoanbrudieu.cat\/public\/web_centre\/html\/documents\/consell%20escolar\/Presentacio_candidatura_PAS_2021.pdf\" target=\"_blank\" rel=\"noopener\">PAS<\/a>, <a href=\"http:\/\/institutjoanbrudieu.cat\/public\/web_centre\/html\/documents\/consell%20escolar\/Presentacio_candidatura_PAE_2021.pdf\" target=\"_blank\" rel=\"noopener\">PAE<\/a>, <a href=\"http:\/\/institutjoanbrudieu.cat\/public\/web_centre\/html\/documents\/consell%20escolar\/Presentacio_candidatura_alumnat_2021.pdf\" target=\"_blank\" rel=\"noopener\">alumnat<\/a>, <a href=\"http:\/\/institutjoanbrudieu.cat\/public\/web_centre\/html\/documents\/consell%20escolar\/Presentacio_candidatura_families_2021.pdf\" target=\"_blank\" rel=\"noopener\">pares i mares o tutors de l&#8217;alumnat<\/a>.<\/li>\n<li>08 de novembre: Constituci\u00f3 meses electorals<\/li>\n<li>09 de novembre: Final presentaci\u00f3 candidatures<\/li>\n<li>11 de novembre: Publicaci\u00f3 candidatures<\/li>\n<li>17 de novembre: Eleccions Professorat i de PAS\/PAE<\/li>\n<li>23 de novembre: Eleccions Alumnat i Fam\u00edlies<\/li>\n<li>13 de desembre: Constituci\u00f3 nou Consell Escolar<\/li>\n<\/ul>\n<p style=\"text-align: center;\"><iframe loading=\"lazy\" src=\"https:\/\/institutjoanbrudieu.cat\/public\/web_centre\/html\/documents\/consell%20escolar\/Eleccions_CE_2021_convocatoria.pdf\" width=\"900px\" height=\"800px\"><span style=\"display: inline-block; width: 0px; overflow: hidden; line-height: 0;\" data-mce-type=\"bookmark\" class=\"mce_SELRES_start\">\ufeff<\/span><span style=\"display: inline-block; width: 0px; overflow: hidden; line-height: 0;\" data-mce-type=\"bookmark\" class=\"mce_SELRES_start\">\ufeff<\/span><span style=\"display: inline-block; width: 0px; overflow: hidden; line-height: 0;\" data-mce-type=\"bookmark\" class=\"mce_SELRES_start\">\ufeff<\/span><span style=\"display: inline-block; width: 0px; overflow: hidden; line-height: 0;\" data-mce-type=\"bookmark\" class=\"mce_SELRES_start\">\ufeff<\/span><span style=\"display: inline-block; width: 0px; overflow: hidden; line-height: 0;\" data-mce-type=\"bookmark\" class=\"mce_SELRES_start\">\ufeff<\/span><span style=\"display: inline-block; width: 0px; overflow: hidden; line-height: 0;\" data-mce-type=\"bookmark\" class=\"mce_SELRES_start\">\ufeff<\/span><span style=\"display: inline-block; width: 0px; overflow: hidden; line-height: 0;\" data-mce-type=\"bookmark\" class=\"mce_SELRES_start\">\ufeff<\/span><span style=\"display: inline-block; width: 0px; overflow: hidden; line-height: 0;\" data-mce-type=\"bookmark\" class=\"mce_SELRES_start\">\ufeff<\/span>\ufeff<\/iframe><\/p>\n<p style=\"text-align: center;\"><iframe loading=\"lazy\" src=\"https:\/\/institutjoanbrudieu.cat\/public\/web_centre\/html\/documents\/consell%20escolar\/Calendari_Eleccions_CE_2021.pdf\" width=\"900px\" height=\"800px\"><span style=\"display: inline-block; width: 0px; overflow: hidden; line-height: 0;\" data-mce-type=\"bookmark\" class=\"mce_SELRES_start\">\ufeff<\/span><span style=\"display: inline-block; width: 0px; overflow: hidden; line-height: 0;\" data-mce-type=\"bookmark\" class=\"mce_SELRES_start\">\ufeff<\/span><span style=\"display: inline-block; width: 0px; overflow: hidden; line-height: 0;\" data-mce-type=\"bookmark\" class=\"mce_SELRES_start\">\ufeff<\/span><span style=\"display: inline-block; width: 0px; overflow: hidden; line-height: 0;\" data-mce-type=\"bookmark\" class=\"mce_SELRES_start\">\ufeff<\/span><span style=\"display: inline-block; width: 0px; overflow: hidden; line-height: 0;\" data-mce-type=\"bookmark\" class=\"mce_SELRES_start\">\ufeff<\/span><span style=\"display: inline-block; width: 0px; overflow: hidden; line-height: 0;\" data-mce-type=\"bookmark\" class=\"mce_SELRES_start\">\ufeff<\/span><span style=\"display: inline-block; width: 0px; overflow: hidden; line-height: 0;\" data-mce-type=\"bookmark\" class=\"mce_SELRES_start\">\ufeff<\/span><span style=\"display: inline-block; width: 0px; overflow: hidden; line-height: 0;\" data-mce-type=\"bookmark\" class=\"mce_SELRES_start\">\ufeff<\/span><span style=\"display: inline-block; width: 0px; overflow: hidden; line-height: 0;\" data-mce-type=\"bookmark\" class=\"mce_SELRES_start\">\ufeff<\/span>\ufeff<\/iframe><\/p>\n","protected":false},"excerpt":{"rendered":"<p>D\u2019acord amb la Resoluci\u00f3 EDU\/3043\/2021, de 6 d\u2019octubre, es convoquen eleccions per renovar els membres del consell escolar de l\u2019Institut, concretament del professorat (renovaci\u00f3 de 5 membres), del Personal d&#8217;Administraci\u00f3 i Serveis PAS ( renovaci\u00f3 d&#8217;1 membre), del Personal d&#8217;Atenci\u00f3 Educativa PAE (renovaci\u00f3 d&#8217;1 membre), de l\u2019alumnat (renovaci\u00f3 de 3 membres) i dels pares i [&hellip;]<\/p>\n","protected":false},"author":1,"featured_media":1968,"comment_status":"closed","ping_status":"closed","sticky":false,"template":"","format":"standard","meta":{"_bbp_topic_count":0,"_bbp_reply_count":0,"_bbp_total_topic_count":0,"_bbp_total_reply_count":0,"_bbp_voice_count":0,"_bbp_anonymous_reply_count":0,"_bbp_topic_count_hidden":0,"_bbp_reply_count_hidden":0,"_bbp_forum_subforum_count":0,"site-sidebar-layout":"default","site-content-layout":"","ast-site-content-layout":"","site-content-style":"default","site-sidebar-style":"default","ast-global-header-display":"","ast-banner-title-visibility":"","ast-main-header-display":"","ast-hfb-above-header-display":"","ast-hfb-below-header-display":"","ast-hfb-mobile-header-display":"","site-post-title":"","ast-breadcrumbs-content":"","ast-featured-img":"","footer-sml-layout":"","theme-transparent-header-meta":"","adv-header-id-meta":"","stick-header-meta":"","header-above-stick-meta":"","header-main-stick-meta":"","header-below-stick-meta":"","astra-migrate-meta-layouts":"default","ast-page-background-enabled":"default","ast-page-background-meta":{"desktop":{"background-color":"var(--ast-global-color-4)","background-image":"","background-repeat":"repeat","background-position":"center center","background-size":"auto","background-attachment":"scroll","background-type":"","background-media":"","overlay-type":"","overlay-color":"","overlay-opacity":"","overlay-gradient":""},"tablet":{"background-color":"","background-image":"","background-repeat":"repeat","background-position":"center center","background-size":"auto","background-attachment":"scroll","background-type":"","background-media":"","overlay-type":"","overlay-color":"","overlay-opacity":"","overlay-gradient":""},"mobile":{"background-color":"","background-image":"","background-repeat":"repeat","background-position":"center center","background-size":"auto","background-attachment":"scroll","background-type":"","background-media":"","overlay-type":"","overlay-color":"","overlay-opacity":"","overlay-gradient":""}},"ast-content-background-meta":{"desktop":{"background-color":"var(--ast-global-color-5)","background-image":"","background-repeat":"repeat","background-position":"center center","background-size":"auto","background-attachment":"scroll","background-type":"","background-media":"","overlay-type":"","overlay-color":"","overlay-opacity":"","overlay-gradient":""},"tablet":{"background-color":"var(--ast-global-color-5)","background-image":"","background-repeat":"repeat","background-position":"center center","background-size":"auto","background-attachment":"scroll","background-type":"","background-media":"","overlay-type":"","overlay-color":"","overlay-opacity":"","overlay-gradient":""},"mobile":{"background-color":"var(--ast-global-color-5)","background-image":"","background-repeat":"repeat","background-position":"center center","background-size":"auto","background-attachment":"scroll","background-type":"","background-media":"","overlay-type":"","overlay-color":"","overlay-opacity":"","overlay-gradient":""}},"footnotes":""},"categories":[1,29],"tags":[],"class_list":["post-6592","post","type-post","status-publish","format-standard","has-post-thumbnail","hentry","category-general","category-portada"],"post_mailing_queue_ids":[],"_links":{"self":[{"href":"https:\/\/agora.xtec.cat\/iesjoanbrudieu\/wp-json\/wp\/v2\/posts\/6592","targetHints":{"allow":["GET"]}}],"collection":[{"href":"https:\/\/agora.xtec.cat\/iesjoanbrudieu\/wp-json\/wp\/v2\/posts"}],"about":[{"href":"https:\/\/agora.xtec.cat\/iesjoanbrudieu\/wp-json\/wp\/v2\/types\/post"}],"author":[{"embeddable":true,"href":"https:\/\/agora.xtec.cat\/iesjoanbrudieu\/wp-json\/wp\/v2\/users\/1"}],"replies":[{"embeddable":true,"href":"https:\/\/agora.xtec.cat\/iesjoanbrudieu\/wp-json\/wp\/v2\/comments?post=6592"}],"version-history":[{"count":1,"href":"https:\/\/agora.xtec.cat\/iesjoanbrudieu\/wp-json\/wp\/v2\/posts\/6592\/revisions"}],"predecessor-version":[{"id":6593,"href":"https:\/\/agora.xtec.cat\/iesjoanbrudieu\/wp-json\/wp\/v2\/posts\/6592\/revisions\/6593"}],"wp:featuredmedia":[{"embeddable":true,"href":"https:\/\/agora.xtec.cat\/iesjoanbrudieu\/wp-json\/wp\/v2\/media\/1968"}],"wp:attachment":[{"href":"https:\/\/agora.xtec.cat\/iesjoanbrudieu\/wp-json\/wp\/v2\/media?parent=6592"}],"wp:term":[{"taxonomy":"category","embeddable":true,"href":"https:\/\/agora.xtec.cat\/iesjoanbrudieu\/wp-json\/wp\/v2\/categories?post=6592"},{"taxonomy":"post_tag","embeddable":true,"href":"https:\/\/agora.xtec.cat\/iesjoanbrudieu\/wp-json\/wp\/v2\/tags?post=6592"}],"curies":[{"name":"wp","href":"https:\/\/api.w.org\/{rel}","templated":true}]}}