{"id":6457,"date":"2021-06-29T11:47:07","date_gmt":"2021-06-29T09:47:07","guid":{"rendered":"http:\/\/agora.xtec.cat\/iesjoanbrudieu\/?p=6457"},"modified":"2021-06-29T11:50:04","modified_gmt":"2021-06-29T09:50:04","slug":"circular-per-a-families-de-b1-i-calendari-dexamens-de-setembre-2021","status":"publish","type":"post","link":"https:\/\/agora.xtec.cat\/iesjoanbrudieu\/general\/circular-per-a-families-de-b1-i-calendari-dexamens-de-setembre-2021\/","title":{"rendered":"Circular per a fam\u00edlies de B1 i calendari d\u2019ex\u00e0mens de setembre 2021"},"content":{"rendered":"<p>Us publiquem la <a href=\"http:\/\/institutjoanbrudieu.cat\/public\/web_centre\/html\/documents\/institut\/curs\/21_Final_de_curs_Circular_families_B1_setembre.pdf\" target=\"_blank\" rel=\"noopener noreferrer\">circular<\/a> amb les informacions relatives a les matr\u00edcules, confirmacions de matr\u00edcules i <a href=\"http:\/\/institutjoanbrudieu.cat\/public\/web_centre\/html\/documents\/institut\/curs\/2021_Examens_setembre_BTX.pdf\" target=\"_blank\" rel=\"noopener noreferrer\">calendari dels ex\u00e0mens de setembre<\/a> per a l\u2019alumnat de 1r de BTX del curs 2020-2021. Recordeu que, malgrat s&#8217;hagi d&#8217;anar a la convocat\u00f2ria extraordin\u00e0ria de setembre, cal fer confirmaci\u00f3 de continu\u00eftat al centre en les dates oficials de matr\u00edcula interna, del 28 de juny al 2 de juliol. Poseu-vos en contacte amb Secretaria.<\/p>\n<p><a href=\"https:\/\/agora.xtec.cat\/iesjoanbrudieu\/wp-content\/uploads\/usu1248\/2021\/06\/2021_Examens_setembre_BTX.jpg\"><img loading=\"lazy\" decoding=\"async\" class=\"aligncenter size-full wp-image-6458\" src=\"https:\/\/agora.xtec.cat\/iesjoanbrudieu\/wp-content\/uploads\/usu1248\/2021\/06\/2021_Examens_setembre_BTX.jpg\" alt=\"\" width=\"2981\" height=\"2445\" srcset=\"https:\/\/agora.xtec.cat\/iesjoanbrudieu\/wp-content\/uploads\/usu1248\/2021\/06\/2021_Examens_setembre_BTX.jpg 2981w, https:\/\/agora.xtec.cat\/iesjoanbrudieu\/wp-content\/uploads\/usu1248\/2021\/06\/2021_Examens_setembre_BTX-300x246.jpg 300w, https:\/\/agora.xtec.cat\/iesjoanbrudieu\/wp-content\/uploads\/usu1248\/2021\/06\/2021_Examens_setembre_BTX-768x630.jpg 768w, https:\/\/agora.xtec.cat\/iesjoanbrudieu\/wp-content\/uploads\/usu1248\/2021\/06\/2021_Examens_setembre_BTX-1024x840.jpg 1024w\" sizes=\"auto, (max-width: 2981px) 100vw, 2981px\" \/><\/a><\/p>\n","protected":false},"excerpt":{"rendered":"<p>Us publiquem la circular amb les informacions relatives a les matr\u00edcules, confirmacions de matr\u00edcules i calendari dels ex\u00e0mens de setembre per a l\u2019alumnat de 1r de BTX del curs 2020-2021. Recordeu que, malgrat s&#8217;hagi d&#8217;anar a la convocat\u00f2ria extraordin\u00e0ria de setembre, cal fer confirmaci\u00f3 de continu\u00eftat al centre en les dates oficials de matr\u00edcula interna, [&hellip;]<\/p>\n","protected":false},"author":1,"featured_media":2729,"comment_status":"closed","ping_status":"closed","sticky":false,"template":"","format":"standard","meta":{"_bbp_topic_count":0,"_bbp_reply_count":0,"_bbp_total_topic_count":0,"_bbp_total_reply_count":0,"_bbp_voice_count":0,"_bbp_anonymous_reply_count":0,"_bbp_topic_count_hidden":0,"_bbp_reply_count_hidden":0,"_bbp_forum_subforum_count":0,"site-sidebar-layout":"default","site-content-layout":"","ast-site-content-layout":"","site-content-style":"default","site-sidebar-style":"default","ast-global-header-display":"","ast-banner-title-visibility":"","ast-main-header-display":"","ast-hfb-above-header-display":"","ast-hfb-below-header-display":"","ast-hfb-mobile-header-display":"","site-post-title":"","ast-breadcrumbs-content":"","ast-featured-img":"","footer-sml-layout":"","theme-transparent-header-meta":"","adv-header-id-meta":"","stick-header-meta":"","header-above-stick-meta":"","header-main-stick-meta":"","header-below-stick-meta":"","astra-migrate-meta-layouts":"default","ast-page-background-enabled":"default","ast-page-background-meta":{"desktop":{"background-color":"var(--ast-global-color-4)","background-image":"","background-repeat":"repeat","background-position":"center center","background-size":"auto","background-attachment":"scroll","background-type":"","background-media":"","overlay-type":"","overlay-color":"","overlay-opacity":"","overlay-gradient":""},"tablet":{"background-color":"","background-image":"","background-repeat":"repeat","background-position":"center center","background-size":"auto","background-attachment":"scroll","background-type":"","background-media":"","overlay-type":"","overlay-color":"","overlay-opacity":"","overlay-gradient":""},"mobile":{"background-color":"","background-image":"","background-repeat":"repeat","background-position":"center center","background-size":"auto","background-attachment":"scroll","background-type":"","background-media":"","overlay-type":"","overlay-color":"","overlay-opacity":"","overlay-gradient":""}},"ast-content-background-meta":{"desktop":{"background-color":"var(--ast-global-color-5)","background-image":"","background-repeat":"repeat","background-position":"center center","background-size":"auto","background-attachment":"scroll","background-type":"","background-media":"","overlay-type":"","overlay-color":"","overlay-opacity":"","overlay-gradient":""},"tablet":{"background-color":"var(--ast-global-color-5)","background-image":"","background-repeat":"repeat","background-position":"center center","background-size":"auto","background-attachment":"scroll","background-type":"","background-media":"","overlay-type":"","overlay-color":"","overlay-opacity":"","overlay-gradient":""},"mobile":{"background-color":"var(--ast-global-color-5)","background-image":"","background-repeat":"repeat","background-position":"center center","background-size":"auto","background-attachment":"scroll","background-type":"","background-media":"","overlay-type":"","overlay-color":"","overlay-opacity":"","overlay-gradient":""}},"footnotes":""},"categories":[1,29],"tags":[],"class_list":["post-6457","post","type-post","status-publish","format-standard","has-post-thumbnail","hentry","category-general","category-portada"],"post_mailing_queue_ids":[],"_links":{"self":[{"href":"https:\/\/agora.xtec.cat\/iesjoanbrudieu\/wp-json\/wp\/v2\/posts\/6457","targetHints":{"allow":["GET"]}}],"collection":[{"href":"https:\/\/agora.xtec.cat\/iesjoanbrudieu\/wp-json\/wp\/v2\/posts"}],"about":[{"href":"https:\/\/agora.xtec.cat\/iesjoanbrudieu\/wp-json\/wp\/v2\/types\/post"}],"author":[{"embeddable":true,"href":"https:\/\/agora.xtec.cat\/iesjoanbrudieu\/wp-json\/wp\/v2\/users\/1"}],"replies":[{"embeddable":true,"href":"https:\/\/agora.xtec.cat\/iesjoanbrudieu\/wp-json\/wp\/v2\/comments?post=6457"}],"version-history":[{"count":2,"href":"https:\/\/agora.xtec.cat\/iesjoanbrudieu\/wp-json\/wp\/v2\/posts\/6457\/revisions"}],"predecessor-version":[{"id":6460,"href":"https:\/\/agora.xtec.cat\/iesjoanbrudieu\/wp-json\/wp\/v2\/posts\/6457\/revisions\/6460"}],"wp:featuredmedia":[{"embeddable":true,"href":"https:\/\/agora.xtec.cat\/iesjoanbrudieu\/wp-json\/wp\/v2\/media\/2729"}],"wp:attachment":[{"href":"https:\/\/agora.xtec.cat\/iesjoanbrudieu\/wp-json\/wp\/v2\/media?parent=6457"}],"wp:term":[{"taxonomy":"category","embeddable":true,"href":"https:\/\/agora.xtec.cat\/iesjoanbrudieu\/wp-json\/wp\/v2\/categories?post=6457"},{"taxonomy":"post_tag","embeddable":true,"href":"https:\/\/agora.xtec.cat\/iesjoanbrudieu\/wp-json\/wp\/v2\/tags?post=6457"}],"curies":[{"name":"wp","href":"https:\/\/api.w.org\/{rel}","templated":true}]}}