{"id":6391,"date":"2021-06-06T16:28:31","date_gmt":"2021-06-06T14:28:31","guid":{"rendered":"http:\/\/agora.xtec.cat\/iesjoanbrudieu\/?p=6391"},"modified":"2021-06-06T16:28:31","modified_gmt":"2021-06-06T14:28:31","slug":"3-de-juny-dia-de-la-llengua-de-signes-catalana","status":"publish","type":"post","link":"https:\/\/agora.xtec.cat\/iesjoanbrudieu\/general\/3-de-juny-dia-de-la-llengua-de-signes-catalana\/","title":{"rendered":"3 de juny: dia de la llengua de signes catalana"},"content":{"rendered":"<p>El 3 de juny, \u00e9s del Dia de la Llengua de Signes Catalana (LSC). Com el catal\u00e0 i la resta de lleng\u00fces de ple dret, t\u00e9 una riquesa ling\u00fc\u00edstica i cultural, \u00e9s objecte d\u2019estudi de gram\u00e0tica i lexicografia, promoci\u00f3, recerca ling\u00fc\u00edstica i de protecci\u00f3; amb un reconeixement legislatiu mitjan\u00e7ant la llei 17\/2010 de 3 de juny de la LSC, que t\u00e9 el precedent en l\u2019estatut d\u2019autonomia (article 50.6), com a primer text legal que regula la protecci\u00f3 de la llengua de signes catalana. El pre\u00e0mbul d\u2019aquesta llei explicita clarament que \u00e9s la llengua de les persones signants de Catalunya que tenen la modalitat viso-gestual com a sistema ling\u00fc\u00edstic. De mica en mica, s\u2019han anat reconeixent els drets dels usuaris signants de tenir aquesta llengua, amb una normativitzaci\u00f3 plena i un \u00fas com a tal.<\/p>\n<p>Des de l\u2019any 2012, dos anys despr\u00e9s de l\u2019aprovaci\u00f3 de la llei, es desplega l\u2019article 9, amb la creaci\u00f3 del Consell Social de la LSC, que \u00e9s l\u2019\u00f2rgan que dirigeix, planifica, coordina i executa la pol\u00edtica ling\u00fc\u00edstica de la LSC, dins el Departament de Cultura. El Consell Social \u00e9s una comissi\u00f3 t\u00e8cnica interdepartamental, d\u2019organitzaci\u00f3 transversal, promoguda des de la Direcci\u00f3 General de Pol\u00edtica Ling\u00fc\u00edstica.<\/p>\n<p>V\u00eddeo fet pel SIEI:<\/p>\n<p style=\"text-align: center;\"><iframe loading=\"lazy\" src=\"https:\/\/www.youtube.com\/embed\/zyFQLcNIob4\" width=\"560\" height=\"315\" frameborder=\"0\"><\/iframe><\/p>\n","protected":false},"excerpt":{"rendered":"<p>El 3 de juny, \u00e9s del Dia de la Llengua de Signes Catalana (LSC). Com el catal\u00e0 i la resta de lleng\u00fces de ple dret, t\u00e9 una riquesa ling\u00fc\u00edstica i cultural, \u00e9s objecte d\u2019estudi de gram\u00e0tica i lexicografia, promoci\u00f3, recerca ling\u00fc\u00edstica i de protecci\u00f3; amb un reconeixement legislatiu mitjan\u00e7ant la llei 17\/2010 de 3 de [&hellip;]<\/p>\n","protected":false},"author":1,"featured_media":6392,"comment_status":"closed","ping_status":"closed","sticky":false,"template":"","format":"standard","meta":{"_bbp_topic_count":0,"_bbp_reply_count":0,"_bbp_total_topic_count":0,"_bbp_total_reply_count":0,"_bbp_voice_count":0,"_bbp_anonymous_reply_count":0,"_bbp_topic_count_hidden":0,"_bbp_reply_count_hidden":0,"_bbp_forum_subforum_count":0,"site-sidebar-layout":"default","site-content-layout":"","ast-site-content-layout":"","site-content-style":"default","site-sidebar-style":"default","ast-global-header-display":"","ast-banner-title-visibility":"","ast-main-header-display":"","ast-hfb-above-header-display":"","ast-hfb-below-header-display":"","ast-hfb-mobile-header-display":"","site-post-title":"","ast-breadcrumbs-content":"","ast-featured-img":"","footer-sml-layout":"","theme-transparent-header-meta":"","adv-header-id-meta":"","stick-header-meta":"","header-above-stick-meta":"","header-main-stick-meta":"","header-below-stick-meta":"","astra-migrate-meta-layouts":"default","ast-page-background-enabled":"default","ast-page-background-meta":{"desktop":{"background-color":"var(--ast-global-color-4)","background-image":"","background-repeat":"repeat","background-position":"center center","background-size":"auto","background-attachment":"scroll","background-type":"","background-media":"","overlay-type":"","overlay-color":"","overlay-opacity":"","overlay-gradient":""},"tablet":{"background-color":"","background-image":"","background-repeat":"repeat","background-position":"center center","background-size":"auto","background-attachment":"scroll","background-type":"","background-media":"","overlay-type":"","overlay-color":"","overlay-opacity":"","overlay-gradient":""},"mobile":{"background-color":"","background-image":"","background-repeat":"repeat","background-position":"center center","background-size":"auto","background-attachment":"scroll","background-type":"","background-media":"","overlay-type":"","overlay-color":"","overlay-opacity":"","overlay-gradient":""}},"ast-content-background-meta":{"desktop":{"background-color":"var(--ast-global-color-5)","background-image":"","background-repeat":"repeat","background-position":"center center","background-size":"auto","background-attachment":"scroll","background-type":"","background-media":"","overlay-type":"","overlay-color":"","overlay-opacity":"","overlay-gradient":""},"tablet":{"background-color":"var(--ast-global-color-5)","background-image":"","background-repeat":"repeat","background-position":"center center","background-size":"auto","background-attachment":"scroll","background-type":"","background-media":"","overlay-type":"","overlay-color":"","overlay-opacity":"","overlay-gradient":""},"mobile":{"background-color":"var(--ast-global-color-5)","background-image":"","background-repeat":"repeat","background-position":"center center","background-size":"auto","background-attachment":"scroll","background-type":"","background-media":"","overlay-type":"","overlay-color":"","overlay-opacity":"","overlay-gradient":""}},"footnotes":""},"categories":[1,29],"tags":[],"class_list":["post-6391","post","type-post","status-publish","format-standard","has-post-thumbnail","hentry","category-general","category-portada"],"post_mailing_queue_ids":[],"_links":{"self":[{"href":"https:\/\/agora.xtec.cat\/iesjoanbrudieu\/wp-json\/wp\/v2\/posts\/6391","targetHints":{"allow":["GET"]}}],"collection":[{"href":"https:\/\/agora.xtec.cat\/iesjoanbrudieu\/wp-json\/wp\/v2\/posts"}],"about":[{"href":"https:\/\/agora.xtec.cat\/iesjoanbrudieu\/wp-json\/wp\/v2\/types\/post"}],"author":[{"embeddable":true,"href":"https:\/\/agora.xtec.cat\/iesjoanbrudieu\/wp-json\/wp\/v2\/users\/1"}],"replies":[{"embeddable":true,"href":"https:\/\/agora.xtec.cat\/iesjoanbrudieu\/wp-json\/wp\/v2\/comments?post=6391"}],"version-history":[{"count":1,"href":"https:\/\/agora.xtec.cat\/iesjoanbrudieu\/wp-json\/wp\/v2\/posts\/6391\/revisions"}],"predecessor-version":[{"id":6393,"href":"https:\/\/agora.xtec.cat\/iesjoanbrudieu\/wp-json\/wp\/v2\/posts\/6391\/revisions\/6393"}],"wp:featuredmedia":[{"embeddable":true,"href":"https:\/\/agora.xtec.cat\/iesjoanbrudieu\/wp-json\/wp\/v2\/media\/6392"}],"wp:attachment":[{"href":"https:\/\/agora.xtec.cat\/iesjoanbrudieu\/wp-json\/wp\/v2\/media?parent=6391"}],"wp:term":[{"taxonomy":"category","embeddable":true,"href":"https:\/\/agora.xtec.cat\/iesjoanbrudieu\/wp-json\/wp\/v2\/categories?post=6391"},{"taxonomy":"post_tag","embeddable":true,"href":"https:\/\/agora.xtec.cat\/iesjoanbrudieu\/wp-json\/wp\/v2\/tags?post=6391"}],"curies":[{"name":"wp","href":"https:\/\/api.w.org\/{rel}","templated":true}]}}