{"id":6206,"date":"2021-03-28T09:36:58","date_gmt":"2021-03-28T07:36:58","guid":{"rendered":"http:\/\/agora.xtec.cat\/iesjoanbrudieu\/?p=6206"},"modified":"2021-04-06T08:26:42","modified_gmt":"2021-04-06T06:26:42","slug":"veredicte-del-premi-sambori-2021-als-pirineus","status":"publish","type":"post","link":"https:\/\/agora.xtec.cat\/iesjoanbrudieu\/general\/veredicte-del-premi-sambori-2021-als-pirineus\/","title":{"rendered":"Veredicte del Premi Sambori 2021 als Pirineus"},"content":{"rendered":"<p>Us fem saber que alumnes de l&#8217;Institut Joan Brudieu han guanyat un dels premis de la categoria de 1r i 2n Cicle de Secund\u00e0ria i de Batxillerat del Premi Sambori \u00d2mnium de la Demarcaci\u00f3 Pirineus, en qu\u00e8 participen centres de les comarques de Cerdanya, Alt Urgell, Pallars Juss\u00e0, Pallars Sobir\u00e0, Alta Ribagor\u00e7a i Val d\u2019Aran, a m\u00e9s del Principat d\u2019Andorra i l\u2019Alta Cerdanya. En concret, l&#8217;alumnat premiat ha estat el seg\u00fcent:<\/p>\n<ul>\n<li>\u00c8lia Gil Romo: 3r premi 1r Cicle de Secund\u00e0ria<\/li>\n<li>Ariana Flix Bellmunt: 3r premi 2n Cicle de Secund\u00e0ria<\/li>\n<li>Judith Badia Font: 1r premi de Batxillerat<\/li>\n<li>Marc Rodrigo G\u00f3mez: 2n premi de Batxillerat<\/li>\n<li>Nil Jim\u00e9nez s\u00e1nchez\u00a0: 3r premi de Batxillerat<\/li>\n<\/ul>\n<p>Felicitem amb efusi\u00f3 tots els premiats!! i, alhora, agra\u00efm la participaci\u00f3 de tot l\u2019alumnat!!<\/p>\n<p>Aquest any, a causa de la pand\u00e8mia que estem vivint, no es podr\u00e0 celebrar una festa de la demarcaci\u00f3 Pirineu, per\u00f2 passat Pasqua, cada seu territorial realitzar\u00e0 un acte concret de lliurament de premis, sempre que les condicions sanit\u00e0ries ho permetin. A la Seu d&#8217;Urgell, l&#8217;acte es realitzar\u00e0 <strong>el dissabte, 17 d&#8217;abril, a les 6 de la tarda, al carrer Canonges de la Seu d\u2019Urgell.\u00a0<\/strong>Al llarg del dia, al carrer Canonges, hi haur\u00e0 activitats al voltant de la festa de Sant Jordi. Si no plou, es far\u00e0 a l&#8217;aire lliure i en cas de pluja s&#8217;est\u00e0 gestionant un espai tancat.<\/p>\n<p>Els guanyadors d\u2019aquesta fase, triats per tres jurats de la demarcaci\u00f3 Pirineus, optaran a la final a nivell nacional de 15\u00e8 Premi Sambori \u00d2mnium de narrativa escolar, que est\u00e0 previst que se celebri la segona\u00a0quinzena de maig.<\/p>\n<p><a href=\"https:\/\/www.omnium.cat\/ca\/veredicte-premi-sambori-de-la-demarcacio-pirineus-2021\/\" target=\"_blank\" rel=\"noopener noreferrer\">Veredicte<\/a> del Premi Sambori Demarcaci\u00f3 Pirineus.<\/p>\n","protected":false},"excerpt":{"rendered":"<p>Us fem saber que alumnes de l&#8217;Institut Joan Brudieu han guanyat un dels premis de la categoria de 1r i 2n Cicle de Secund\u00e0ria i de Batxillerat del Premi Sambori \u00d2mnium de la Demarcaci\u00f3 Pirineus, en qu\u00e8 participen centres de les comarques de Cerdanya, Alt Urgell, Pallars Juss\u00e0, Pallars Sobir\u00e0, Alta Ribagor\u00e7a i Val d\u2019Aran, [&hellip;]<\/p>\n","protected":false},"author":1,"featured_media":5167,"comment_status":"closed","ping_status":"closed","sticky":false,"template":"","format":"standard","meta":{"_bbp_topic_count":0,"_bbp_reply_count":0,"_bbp_total_topic_count":0,"_bbp_total_reply_count":0,"_bbp_voice_count":0,"_bbp_anonymous_reply_count":0,"_bbp_topic_count_hidden":0,"_bbp_reply_count_hidden":0,"_bbp_forum_subforum_count":0,"site-sidebar-layout":"default","site-content-layout":"","ast-site-content-layout":"","site-content-style":"default","site-sidebar-style":"default","ast-global-header-display":"","ast-banner-title-visibility":"","ast-main-header-display":"","ast-hfb-above-header-display":"","ast-hfb-below-header-display":"","ast-hfb-mobile-header-display":"","site-post-title":"","ast-breadcrumbs-content":"","ast-featured-img":"","footer-sml-layout":"","theme-transparent-header-meta":"","adv-header-id-meta":"","stick-header-meta":"","header-above-stick-meta":"","header-main-stick-meta":"","header-below-stick-meta":"","astra-migrate-meta-layouts":"default","ast-page-background-enabled":"default","ast-page-background-meta":{"desktop":{"background-color":"var(--ast-global-color-4)","background-image":"","background-repeat":"repeat","background-position":"center center","background-size":"auto","background-attachment":"scroll","background-type":"","background-media":"","overlay-type":"","overlay-color":"","overlay-opacity":"","overlay-gradient":""},"tablet":{"background-color":"","background-image":"","background-repeat":"repeat","background-position":"center center","background-size":"auto","background-attachment":"scroll","background-type":"","background-media":"","overlay-type":"","overlay-color":"","overlay-opacity":"","overlay-gradient":""},"mobile":{"background-color":"","background-image":"","background-repeat":"repeat","background-position":"center center","background-size":"auto","background-attachment":"scroll","background-type":"","background-media":"","overlay-type":"","overlay-color":"","overlay-opacity":"","overlay-gradient":""}},"ast-content-background-meta":{"desktop":{"background-color":"var(--ast-global-color-5)","background-image":"","background-repeat":"repeat","background-position":"center center","background-size":"auto","background-attachment":"scroll","background-type":"","background-media":"","overlay-type":"","overlay-color":"","overlay-opacity":"","overlay-gradient":""},"tablet":{"background-color":"var(--ast-global-color-5)","background-image":"","background-repeat":"repeat","background-position":"center center","background-size":"auto","background-attachment":"scroll","background-type":"","background-media":"","overlay-type":"","overlay-color":"","overlay-opacity":"","overlay-gradient":""},"mobile":{"background-color":"var(--ast-global-color-5)","background-image":"","background-repeat":"repeat","background-position":"center center","background-size":"auto","background-attachment":"scroll","background-type":"","background-media":"","overlay-type":"","overlay-color":"","overlay-opacity":"","overlay-gradient":""}},"footnotes":""},"categories":[1,29],"tags":[],"class_list":["post-6206","post","type-post","status-publish","format-standard","has-post-thumbnail","hentry","category-general","category-portada"],"post_mailing_queue_ids":[],"_links":{"self":[{"href":"https:\/\/agora.xtec.cat\/iesjoanbrudieu\/wp-json\/wp\/v2\/posts\/6206","targetHints":{"allow":["GET"]}}],"collection":[{"href":"https:\/\/agora.xtec.cat\/iesjoanbrudieu\/wp-json\/wp\/v2\/posts"}],"about":[{"href":"https:\/\/agora.xtec.cat\/iesjoanbrudieu\/wp-json\/wp\/v2\/types\/post"}],"author":[{"embeddable":true,"href":"https:\/\/agora.xtec.cat\/iesjoanbrudieu\/wp-json\/wp\/v2\/users\/1"}],"replies":[{"embeddable":true,"href":"https:\/\/agora.xtec.cat\/iesjoanbrudieu\/wp-json\/wp\/v2\/comments?post=6206"}],"version-history":[{"count":2,"href":"https:\/\/agora.xtec.cat\/iesjoanbrudieu\/wp-json\/wp\/v2\/posts\/6206\/revisions"}],"predecessor-version":[{"id":6230,"href":"https:\/\/agora.xtec.cat\/iesjoanbrudieu\/wp-json\/wp\/v2\/posts\/6206\/revisions\/6230"}],"wp:featuredmedia":[{"embeddable":true,"href":"https:\/\/agora.xtec.cat\/iesjoanbrudieu\/wp-json\/wp\/v2\/media\/5167"}],"wp:attachment":[{"href":"https:\/\/agora.xtec.cat\/iesjoanbrudieu\/wp-json\/wp\/v2\/media?parent=6206"}],"wp:term":[{"taxonomy":"category","embeddable":true,"href":"https:\/\/agora.xtec.cat\/iesjoanbrudieu\/wp-json\/wp\/v2\/categories?post=6206"},{"taxonomy":"post_tag","embeddable":true,"href":"https:\/\/agora.xtec.cat\/iesjoanbrudieu\/wp-json\/wp\/v2\/tags?post=6206"}],"curies":[{"name":"wp","href":"https:\/\/api.w.org\/{rel}","templated":true}]}}