{"id":5847,"date":"2021-01-06T17:32:50","date_gmt":"2021-01-06T16:32:50","guid":{"rendered":"http:\/\/agora.xtec.cat\/iesjoanbrudieu\/?p=5847"},"modified":"2021-01-08T08:14:13","modified_gmt":"2021-01-08T07:14:13","slug":"saprova-la-lomloe-la-nova-llei-educativa","status":"publish","type":"post","link":"https:\/\/agora.xtec.cat\/iesjoanbrudieu\/general\/saprova-la-lomloe-la-nova-llei-educativa\/","title":{"rendered":"S&#8217;aprova la LOMLOE, la nova llei educativa"},"content":{"rendered":"<p>El passat 30 de desembre es va publicar al BOE la nova llei educativa d&#8217;Espanya, la vuitena llei d&#8217;educaci\u00f3 de la democr\u00e0cia, la <a href=\"https:\/\/www.boe.es\/diario_boe\/txt.php?id=BOE-A-2020-17264\" target=\"_blank\" rel=\"noopener noreferrer\">Llei Org\u00e0nica 3\/2020, de 29 de desembre<\/a> (LOMLOE), per la qual es modifica la Llei Org\u00e0nica 2\/2006, de 3 de maig, d&#8217;Educaci\u00f3 (LOE) i deroga la Llei Org\u00e0nica 8\/2013, de 9 de desembre, per a la millora de la qualitat educativa (LOMCE).<\/p>\n<p><strong>Les lleis educatives a Espanya des del 1970<\/strong><\/p>\n<div class=\"row\" style=\"margin-bottom: 1em !important;\">\n<div class=\"small-12 large-12 text-center columns\">\n<p><a href=\"https:\/\/agora.xtec.cat\/iesjoanbrudieu\/wp-content\/uploads\/usu1248\/2021\/01\/celaa_1.jpg\"><img loading=\"lazy\" decoding=\"async\" class=\"aligncenter wp-image-5883\" src=\"https:\/\/agora.xtec.cat\/iesjoanbrudieu\/wp-content\/uploads\/usu1248\/2021\/01\/celaa_1.jpg\" alt=\"\" width=\"307\" height=\"120\" srcset=\"https:\/\/agora.xtec.cat\/iesjoanbrudieu\/wp-content\/uploads\/usu1248\/2021\/01\/celaa_1.jpg 766w, https:\/\/agora.xtec.cat\/iesjoanbrudieu\/wp-content\/uploads\/usu1248\/2021\/01\/celaa_1-300x117.jpg 300w\" sizes=\"auto, (max-width: 307px) 100vw, 307px\" \/><\/a><\/p>\n<h3><span style=\"color: #000000;\"><strong>2020 &#8211; LOMLOE <\/strong><\/span><\/h3>\n<h5><span style=\"color: #000000;\">(Isabel Cela\u00e1)<\/span><strong><br \/>\n<\/strong><\/h5>\n<p><a href=\"https:\/\/www.boe.es\/diario_boe\/txt.php?id=BOE-A-2020-17264\" target=\"_blank\" rel=\"noopener noreferrer\">Llei Org\u00e0nica 3\/2020<\/a>, de 29 de desembre, per la qual es modifica la Llei Org\u00e0nica 2\/2006, de 3 de maig, d&#8217;Educaci\u00f3 [<a href=\"https:\/\/www.boe.es\/buscar\/act.php?id=BOE-A-2020-17264\" target=\"_blank\" rel=\"noopener noreferrer\">text consolidat<\/a>]<\/p>\n<\/div>\n<\/div>\n<div class=\"row\" style=\"margin-bottom: 1em !important;\">\n<div class=\"small-12 large-12 text-center columns\">\n<p><a href=\"https:\/\/agora.xtec.cat\/iesjoanbrudieu\/wp-content\/uploads\/usu1248\/2021\/01\/wert.jpg\"><img loading=\"lazy\" decoding=\"async\" class=\"aligncenter wp-image-5866\" src=\"https:\/\/agora.xtec.cat\/iesjoanbrudieu\/wp-content\/uploads\/usu1248\/2021\/01\/wert.jpg\" alt=\"\" width=\"211\" height=\"120\" srcset=\"https:\/\/agora.xtec.cat\/iesjoanbrudieu\/wp-content\/uploads\/usu1248\/2021\/01\/wert.jpg 528w, https:\/\/agora.xtec.cat\/iesjoanbrudieu\/wp-content\/uploads\/usu1248\/2021\/01\/wert-300x170.jpg 300w\" sizes=\"auto, (max-width: 211px) 100vw, 211px\" \/><\/a><\/p>\n<h3><span style=\"color: #000000;\"><strong>2013 &#8211; LOMCE <\/strong><\/span><\/h3>\n<h5><span style=\"color: #000000;\">(Jos\u00e9 Ignacio Wert)<\/span><strong><br \/>\n<\/strong><\/h5>\n<p><a href=\"https:\/\/www.boe.es\/diario_boe\/txt.php?id=BOE-A-2013-12886\" target=\"_blank\" rel=\"noopener noreferrer\">Llei Org\u00e0nica 8\/2013<\/a>, de 9 de desembre, per a la Millora de la Qualitat Educativa [<a href=\"https:\/\/www.boe.es\/buscar\/act.php?id=BOE-A-2013-12886\" target=\"_blank\" rel=\"noopener noreferrer\">text consolidat<\/a>]<\/p>\n<\/div>\n<\/div>\n<div class=\"row\" style=\"margin-bottom: 1em !important;\">\n<div class=\"small-12 large-12 text-center columns\">\n<p><a href=\"https:\/\/agora.xtec.cat\/iesjoanbrudieu\/wp-content\/uploads\/usu1248\/2021\/01\/sansegundocabrera.jpg\"><img loading=\"lazy\" decoding=\"async\" class=\"aligncenter wp-image-5869\" src=\"https:\/\/agora.xtec.cat\/iesjoanbrudieu\/wp-content\/uploads\/usu1248\/2021\/01\/sansegundocabrera.jpg\" alt=\"\" width=\"361\" height=\"120\" srcset=\"https:\/\/agora.xtec.cat\/iesjoanbrudieu\/wp-content\/uploads\/usu1248\/2021\/01\/sansegundocabrera.jpg 873w, https:\/\/agora.xtec.cat\/iesjoanbrudieu\/wp-content\/uploads\/usu1248\/2021\/01\/sansegundocabrera-300x100.jpg 300w, https:\/\/agora.xtec.cat\/iesjoanbrudieu\/wp-content\/uploads\/usu1248\/2021\/01\/sansegundocabrera-768x255.jpg 768w\" sizes=\"auto, (max-width: 361px) 100vw, 361px\" \/><\/a><\/p>\n<h3><span style=\"color: #000000;\"><strong>2006 &#8211; LOE <\/strong><\/span><\/h3>\n<h5><span style=\"color: #000000;\">(Maria Jes\u00fas San Segundo i Mercedes Cabrera)<\/span><strong><br \/>\n<\/strong><\/h5>\n<p><a href=\"https:\/\/www.boe.es\/buscar\/act.php?id=BOE-A-2006-7899&amp;p=20201230&amp;tn=6\" target=\"_blank\" rel=\"noopener noreferrer\">Llei Org\u00e0nica 2\/2006<\/a>, de 3 de maig, d&#8217;Educaci\u00f3<\/p>\n<\/div>\n<\/div>\n<div class=\"row\" style=\"margin-bottom: 1em !important;\">\n<div class=\"small-12 large-12 text-center columns\">\n<p><a href=\"https:\/\/agora.xtec.cat\/iesjoanbrudieu\/wp-content\/uploads\/usu1248\/2021\/01\/delcastillo.jpg\"><img loading=\"lazy\" decoding=\"async\" class=\"aligncenter wp-image-5867\" src=\"https:\/\/agora.xtec.cat\/iesjoanbrudieu\/wp-content\/uploads\/usu1248\/2021\/01\/delcastillo.jpg\" alt=\"\" width=\"202\" height=\"120\" srcset=\"https:\/\/agora.xtec.cat\/iesjoanbrudieu\/wp-content\/uploads\/usu1248\/2021\/01\/delcastillo.jpg 614w, https:\/\/agora.xtec.cat\/iesjoanbrudieu\/wp-content\/uploads\/usu1248\/2021\/01\/delcastillo-300x178.jpg 300w\" sizes=\"auto, (max-width: 202px) 100vw, 202px\" \/><\/a><\/p>\n<h3><span style=\"color: #000000;\"><strong>2002 &#8211; LOCE <\/strong><\/span><\/h3>\n<h5><span style=\"color: #000000;\">(Pilar del Castillo)<\/span><strong><br \/>\n<\/strong><\/h5>\n<p><a href=\"https:\/\/www.boe.es\/buscar\/doc.php?id=BOE-A-2002-25037\" target=\"_blank\" rel=\"noopener noreferrer\">Llei Org\u00e0nica 10\/2002<\/a>, de 23 de desembre, de Qualitat de l&#8217;Educaci\u00f3 [aquesta llei no va arribar a tenir una aplicaci\u00f3 efectiva]<\/p>\n<\/div>\n<\/div>\n<div class=\"row\" style=\"margin-bottom: 1em !important;\">\n<div class=\"small-12 large-12 text-center columns\">\n<p><a href=\"https:\/\/agora.xtec.cat\/iesjoanbrudieu\/wp-content\/uploads\/usu1248\/2021\/01\/Suarez_pertierra.jpg\"><img loading=\"lazy\" decoding=\"async\" class=\"aligncenter wp-image-5871\" src=\"https:\/\/agora.xtec.cat\/iesjoanbrudieu\/wp-content\/uploads\/usu1248\/2021\/01\/Suarez_pertierra.jpg\" alt=\"\" width=\"260\" height=\"120\" srcset=\"https:\/\/agora.xtec.cat\/iesjoanbrudieu\/wp-content\/uploads\/usu1248\/2021\/01\/Suarez_pertierra.jpg 1021w, https:\/\/agora.xtec.cat\/iesjoanbrudieu\/wp-content\/uploads\/usu1248\/2021\/01\/Suarez_pertierra-300x138.jpg 300w, https:\/\/agora.xtec.cat\/iesjoanbrudieu\/wp-content\/uploads\/usu1248\/2021\/01\/Suarez_pertierra-768x354.jpg 768w\" sizes=\"auto, (max-width: 260px) 100vw, 260px\" \/><\/a><\/p>\n<h3><span style=\"color: #000000;\"><strong>1995 &#8211; LOPEG<\/strong><\/span><\/h3>\n<h5><span style=\"color: #000000;\">(Gonzalo Su\u00e1rez Pertierra)<\/span><\/h5>\n<p><a href=\"https:\/\/www.boe.es\/buscar\/doc.php?id=BOE-A-1995-25202\" target=\"_blank\" rel=\"noopener noreferrer\">Llei Org\u00e0nica 9\/1995<\/a>, de 20 de novembre, de la Participaci\u00f3, l&#8217;Avaluaci\u00f3 i el Govern dels Centres Docents<\/p>\n<\/div>\n<\/div>\n<div class=\"row\" style=\"margin-bottom: 1em !important;\">\n<div class=\"small-12 large-12 text-center columns\">\n<p><a href=\"https:\/\/agora.xtec.cat\/iesjoanbrudieu\/wp-content\/uploads\/usu1248\/2021\/01\/Solana.jpg\"><img loading=\"lazy\" decoding=\"async\" class=\"aligncenter wp-image-5870\" src=\"https:\/\/agora.xtec.cat\/iesjoanbrudieu\/wp-content\/uploads\/usu1248\/2021\/01\/Solana.jpg\" alt=\"\" width=\"269\" height=\"120\" srcset=\"https:\/\/agora.xtec.cat\/iesjoanbrudieu\/wp-content\/uploads\/usu1248\/2021\/01\/Solana.jpg 1100w, https:\/\/agora.xtec.cat\/iesjoanbrudieu\/wp-content\/uploads\/usu1248\/2021\/01\/Solana-300x134.jpg 300w, https:\/\/agora.xtec.cat\/iesjoanbrudieu\/wp-content\/uploads\/usu1248\/2021\/01\/Solana-768x343.jpg 768w, https:\/\/agora.xtec.cat\/iesjoanbrudieu\/wp-content\/uploads\/usu1248\/2021\/01\/Solana-1024x457.jpg 1024w\" sizes=\"auto, (max-width: 269px) 100vw, 269px\" \/><\/a><\/p>\n<h3><span style=\"color: #000000;\"><strong>1990 &#8211; LOGSE<\/strong><\/span><\/h3>\n<h5><span style=\"color: #000000;\">(Javier Solana)<\/span><\/h5>\n<p><a href=\"https:\/\/www.boe.es\/buscar\/doc.php?id=BOE-A-1990-24172\" target=\"_blank\" rel=\"noopener noreferrer\">Llei Org\u00e0nica 1\/1990<\/a>, d&#8217;Ordenaci\u00f3 General dels Sistema Educatiu<\/p>\n<\/div>\n<\/div>\n<div class=\"row\" style=\"margin-bottom: 1em !important;\">\n<div class=\"small-12 large-12 text-center columns\">\n<p><a href=\"https:\/\/agora.xtec.cat\/iesjoanbrudieu\/wp-content\/uploads\/usu1248\/2021\/01\/maravall.jpg\"><img loading=\"lazy\" decoding=\"async\" class=\"aligncenter wp-image-5873\" src=\"https:\/\/agora.xtec.cat\/iesjoanbrudieu\/wp-content\/uploads\/usu1248\/2021\/01\/maravall.jpg\" alt=\"\" width=\"270\" height=\"120\" srcset=\"https:\/\/agora.xtec.cat\/iesjoanbrudieu\/wp-content\/uploads\/usu1248\/2021\/01\/maravall.jpg 658w, https:\/\/agora.xtec.cat\/iesjoanbrudieu\/wp-content\/uploads\/usu1248\/2021\/01\/maravall-300x133.jpg 300w\" sizes=\"auto, (max-width: 270px) 100vw, 270px\" \/><\/a><\/p>\n<h3><span style=\"color: #000000;\"><strong>1985 &#8211; LODE<\/strong><\/span><\/h3>\n<h5><span style=\"color: #000000;\">(Jos\u00e9 Maria Maravall)<\/span><\/h5>\n<p><a href=\"https:\/\/www.boe.es\/buscar\/act.php?id=BOE-A-1985-12978\" target=\"_blank\" rel=\"noopener noreferrer\">Llei Org\u00e0nica 8\/1985<\/a>, de 3 de juliol, reguladora del Dret a l&#8217;Educaci\u00f3<\/p>\n<\/div>\n<\/div>\n<div class=\"row\" style=\"margin-bottom: 1em !important;\">\n<div class=\"small-12 large-12 text-center columns\">\n<p><a href=\"https:\/\/agora.xtec.cat\/iesjoanbrudieu\/wp-content\/uploads\/usu1248\/2021\/01\/oteronovas.jpg\"><img loading=\"lazy\" decoding=\"async\" class=\"aligncenter wp-image-5868\" src=\"https:\/\/agora.xtec.cat\/iesjoanbrudieu\/wp-content\/uploads\/usu1248\/2021\/01\/oteronovas.jpg\" alt=\"\" width=\"181\" height=\"120\" \/><\/a><\/p>\n<h3><span style=\"color: #000000;\"><strong>1980 &#8211; LOECE<\/strong><\/span><\/h3>\n<h5><span style=\"color: #000000;\">(Jos\u00e9 Maria Otero)<\/span><\/h5>\n<p><a href=\"https:\/\/www.boe.es\/buscar\/doc.php?id=BOE-A-1980-13661\" target=\"_blank\" rel=\"noopener noreferrer\">Llei Org\u00e0nica 5\/1980<\/a>, de 19 de juny, per la qual es regula l&#8217;Estatut de Centres Escolars [llei que mai no va entrar en vigor]<\/p>\n<\/div>\n<\/div>\n<div class=\"row\" style=\"margin-bottom: 1em !important;\">\n<div class=\"small-12 large-12 text-center columns\">\n<p><a href=\"https:\/\/agora.xtec.cat\/iesjoanbrudieu\/wp-content\/uploads\/usu1248\/2021\/01\/villarpalasi.jpg\"><img loading=\"lazy\" decoding=\"async\" class=\"aligncenter wp-image-5872\" src=\"https:\/\/agora.xtec.cat\/iesjoanbrudieu\/wp-content\/uploads\/usu1248\/2021\/01\/villarpalasi.jpg\" alt=\"\" width=\"220\" height=\"120\" srcset=\"https:\/\/agora.xtec.cat\/iesjoanbrudieu\/wp-content\/uploads\/usu1248\/2021\/01\/villarpalasi.jpg 733w, https:\/\/agora.xtec.cat\/iesjoanbrudieu\/wp-content\/uploads\/usu1248\/2021\/01\/villarpalasi-300x164.jpg 300w\" sizes=\"auto, (max-width: 220px) 100vw, 220px\" \/><\/a><\/p>\n<h3><span style=\"color: #000000;\"><strong>1970 &#8211; LGE<\/strong><\/span><\/h3>\n<h5><span style=\"color: #000000;\">(Jos\u00e9 Lu\u00eds Villar Palas\u00ed)<\/span><\/h5>\n<p><a href=\"https:\/\/www.boe.es\/buscar\/doc.php?id=BOE-A-1970-852\" target=\"_blank\" rel=\"noopener noreferrer\">Llei 14\/1970<\/a>, de 4 d&#8217;agost, General d&#8217;Educaci\u00f3 i Finan\u00e7ament de la Reforma Educativa<\/p>\n<\/div>\n<\/div>\n","protected":false},"excerpt":{"rendered":"<p>El passat 30 de desembre es va publicar al BOE la nova llei educativa d&#8217;Espanya, la vuitena llei d&#8217;educaci\u00f3 de la democr\u00e0cia, la Llei Org\u00e0nica 3\/2020, de 29 de desembre (LOMLOE), per la qual es modifica la Llei Org\u00e0nica 2\/2006, de 3 de maig, d&#8217;Educaci\u00f3 (LOE) i deroga la Llei Org\u00e0nica 8\/2013, de 9 de [&hellip;]<\/p>\n","protected":false},"author":1,"featured_media":5851,"comment_status":"closed","ping_status":"closed","sticky":false,"template":"","format":"standard","meta":{"_bbp_topic_count":0,"_bbp_reply_count":0,"_bbp_total_topic_count":0,"_bbp_total_reply_count":0,"_bbp_voice_count":0,"_bbp_anonymous_reply_count":0,"_bbp_topic_count_hidden":0,"_bbp_reply_count_hidden":0,"_bbp_forum_subforum_count":0,"site-sidebar-layout":"default","site-content-layout":"","ast-site-content-layout":"","site-content-style":"default","site-sidebar-style":"default","ast-global-header-display":"","ast-banner-title-visibility":"","ast-main-header-display":"","ast-hfb-above-header-display":"","ast-hfb-below-header-display":"","ast-hfb-mobile-header-display":"","site-post-title":"","ast-breadcrumbs-content":"","ast-featured-img":"","footer-sml-layout":"","theme-transparent-header-meta":"","adv-header-id-meta":"","stick-header-meta":"","header-above-stick-meta":"","header-main-stick-meta":"","header-below-stick-meta":"","astra-migrate-meta-layouts":"default","ast-page-background-enabled":"default","ast-page-background-meta":{"desktop":{"background-color":"var(--ast-global-color-4)","background-image":"","background-repeat":"repeat","background-position":"center center","background-size":"auto","background-attachment":"scroll","background-type":"","background-media":"","overlay-type":"","overlay-color":"","overlay-opacity":"","overlay-gradient":""},"tablet":{"background-color":"","background-image":"","background-repeat":"repeat","background-position":"center center","background-size":"auto","background-attachment":"scroll","background-type":"","background-media":"","overlay-type":"","overlay-color":"","overlay-opacity":"","overlay-gradient":""},"mobile":{"background-color":"","background-image":"","background-repeat":"repeat","background-position":"center center","background-size":"auto","background-attachment":"scroll","background-type":"","background-media":"","overlay-type":"","overlay-color":"","overlay-opacity":"","overlay-gradient":""}},"ast-content-background-meta":{"desktop":{"background-color":"var(--ast-global-color-5)","background-image":"","background-repeat":"repeat","background-position":"center center","background-size":"auto","background-attachment":"scroll","background-type":"","background-media":"","overlay-type":"","overlay-color":"","overlay-opacity":"","overlay-gradient":""},"tablet":{"background-color":"var(--ast-global-color-5)","background-image":"","background-repeat":"repeat","background-position":"center center","background-size":"auto","background-attachment":"scroll","background-type":"","background-media":"","overlay-type":"","overlay-color":"","overlay-opacity":"","overlay-gradient":""},"mobile":{"background-color":"var(--ast-global-color-5)","background-image":"","background-repeat":"repeat","background-position":"center center","background-size":"auto","background-attachment":"scroll","background-type":"","background-media":"","overlay-type":"","overlay-color":"","overlay-opacity":"","overlay-gradient":""}},"footnotes":""},"categories":[1,29],"tags":[],"class_list":["post-5847","post","type-post","status-publish","format-standard","has-post-thumbnail","hentry","category-general","category-portada"],"post_mailing_queue_ids":[],"_links":{"self":[{"href":"https:\/\/agora.xtec.cat\/iesjoanbrudieu\/wp-json\/wp\/v2\/posts\/5847","targetHints":{"allow":["GET"]}}],"collection":[{"href":"https:\/\/agora.xtec.cat\/iesjoanbrudieu\/wp-json\/wp\/v2\/posts"}],"about":[{"href":"https:\/\/agora.xtec.cat\/iesjoanbrudieu\/wp-json\/wp\/v2\/types\/post"}],"author":[{"embeddable":true,"href":"https:\/\/agora.xtec.cat\/iesjoanbrudieu\/wp-json\/wp\/v2\/users\/1"}],"replies":[{"embeddable":true,"href":"https:\/\/agora.xtec.cat\/iesjoanbrudieu\/wp-json\/wp\/v2\/comments?post=5847"}],"version-history":[{"count":4,"href":"https:\/\/agora.xtec.cat\/iesjoanbrudieu\/wp-json\/wp\/v2\/posts\/5847\/revisions"}],"predecessor-version":[{"id":5884,"href":"https:\/\/agora.xtec.cat\/iesjoanbrudieu\/wp-json\/wp\/v2\/posts\/5847\/revisions\/5884"}],"wp:featuredmedia":[{"embeddable":true,"href":"https:\/\/agora.xtec.cat\/iesjoanbrudieu\/wp-json\/wp\/v2\/media\/5851"}],"wp:attachment":[{"href":"https:\/\/agora.xtec.cat\/iesjoanbrudieu\/wp-json\/wp\/v2\/media?parent=5847"}],"wp:term":[{"taxonomy":"category","embeddable":true,"href":"https:\/\/agora.xtec.cat\/iesjoanbrudieu\/wp-json\/wp\/v2\/categories?post=5847"},{"taxonomy":"post_tag","embeddable":true,"href":"https:\/\/agora.xtec.cat\/iesjoanbrudieu\/wp-json\/wp\/v2\/tags?post=5847"}],"curies":[{"name":"wp","href":"https:\/\/api.w.org\/{rel}","templated":true}]}}