{"id":5774,"date":"2020-12-01T08:59:33","date_gmt":"2020-12-01T07:59:33","guid":{"rendered":"http:\/\/agora.xtec.cat\/iesjoanbrudieu\/?p=5774"},"modified":"2020-12-01T09:01:46","modified_gmt":"2020-12-01T08:01:46","slug":"visita-al-museu-diocesa","status":"publish","type":"post","link":"https:\/\/agora.xtec.cat\/iesjoanbrudieu\/general\/visita-al-museu-diocesa\/","title":{"rendered":"Visita al Museu Dioces\u00e0"},"content":{"rendered":"<p>El mat\u00ed del 30 de novembre, l&#8217;alumnat de la SIEI ha anat al <a href=\"https:\/\/www.museudiocesaurgell.org\/\" target=\"_blank\" rel=\"noopener noreferrer\">Museu Dioces\u00e0 d&#8217;Urgell<\/a> i poder participar a l&#8217;activitat &#8220;<a href=\"https:\/\/www.museudiocesaurgell.org\/busca-busca\/\" target=\"_blank\" rel=\"noopener noreferrer\">Busca-Busca<\/a>&#8220;, activitat autoguiada i gratu\u00efta per a tots els p\u00fablics, que consisteix a buscar 15 imatges de diversos elements del nostre patrimoni (Catedral, Claustre, Esgl\u00e9sia de Sant Miquel i Museu) i un cop a casa poder ampliar aquesta informaci\u00f3 amb un document de cadascuna de les peces i continuar jugant contestant les preguntes d&#8217;un determinat q\u00fcestionari. S&#8217;ha visitat la Catedral, el Claustre i l&#8217;esgl\u00e9sia Sant Miguel i tamb\u00e9, com no, buscar els 15 objectes. Al final, els han trobat tots!!!! (<a href=\"https:\/\/photos.app.goo.gl\/SY6vGbVwkn8GsJNc9\" target=\"_blank\" rel=\"noopener noreferrer\">fotos<\/a>)<\/p>\n<p><a href=\"https:\/\/institutjoanbrudieu.cat\/public\/web_centre\/html\/documents\/fotos_web\/201130_Visita_Museu_Diocesa_COLLAGE.jpg\"><img loading=\"lazy\" decoding=\"async\" class=\"aligncenter wp-image-5576\" src=\"https:\/\/institutjoanbrudieu.cat\/public\/web_centre\/html\/documents\/fotos_web\/201130_Visita_Museu_Diocesa_COLLAGE.jpg\" alt=\"201130_Visita_Museu_Diocesa_COLLAGE\" width=\"583\" height=\"843\" \/><\/a><\/p>\n","protected":false},"excerpt":{"rendered":"<p>El mat\u00ed del 30 de novembre, l&#8217;alumnat de la SIEI ha anat al Museu Dioces\u00e0 d&#8217;Urgell i poder participar a l&#8217;activitat &#8220;Busca-Busca&#8220;, activitat autoguiada i gratu\u00efta per a tots els p\u00fablics, que consisteix a buscar 15 imatges de diversos elements del nostre patrimoni (Catedral, Claustre, Esgl\u00e9sia de Sant Miquel i Museu) i un cop a [&hellip;]<\/p>\n","protected":false},"author":1,"featured_media":5775,"comment_status":"closed","ping_status":"closed","sticky":false,"template":"","format":"standard","meta":{"_bbp_topic_count":0,"_bbp_reply_count":0,"_bbp_total_topic_count":0,"_bbp_total_reply_count":0,"_bbp_voice_count":0,"_bbp_anonymous_reply_count":0,"_bbp_topic_count_hidden":0,"_bbp_reply_count_hidden":0,"_bbp_forum_subforum_count":0,"site-sidebar-layout":"default","site-content-layout":"","ast-site-content-layout":"","site-content-style":"default","site-sidebar-style":"default","ast-global-header-display":"","ast-banner-title-visibility":"","ast-main-header-display":"","ast-hfb-above-header-display":"","ast-hfb-below-header-display":"","ast-hfb-mobile-header-display":"","site-post-title":"","ast-breadcrumbs-content":"","ast-featured-img":"","footer-sml-layout":"","theme-transparent-header-meta":"","adv-header-id-meta":"","stick-header-meta":"","header-above-stick-meta":"","header-main-stick-meta":"","header-below-stick-meta":"","astra-migrate-meta-layouts":"default","ast-page-background-enabled":"default","ast-page-background-meta":{"desktop":{"background-color":"var(--ast-global-color-4)","background-image":"","background-repeat":"repeat","background-position":"center center","background-size":"auto","background-attachment":"scroll","background-type":"","background-media":"","overlay-type":"","overlay-color":"","overlay-opacity":"","overlay-gradient":""},"tablet":{"background-color":"","background-image":"","background-repeat":"repeat","background-position":"center center","background-size":"auto","background-attachment":"scroll","background-type":"","background-media":"","overlay-type":"","overlay-color":"","overlay-opacity":"","overlay-gradient":""},"mobile":{"background-color":"","background-image":"","background-repeat":"repeat","background-position":"center center","background-size":"auto","background-attachment":"scroll","background-type":"","background-media":"","overlay-type":"","overlay-color":"","overlay-opacity":"","overlay-gradient":""}},"ast-content-background-meta":{"desktop":{"background-color":"var(--ast-global-color-5)","background-image":"","background-repeat":"repeat","background-position":"center center","background-size":"auto","background-attachment":"scroll","background-type":"","background-media":"","overlay-type":"","overlay-color":"","overlay-opacity":"","overlay-gradient":""},"tablet":{"background-color":"var(--ast-global-color-5)","background-image":"","background-repeat":"repeat","background-position":"center center","background-size":"auto","background-attachment":"scroll","background-type":"","background-media":"","overlay-type":"","overlay-color":"","overlay-opacity":"","overlay-gradient":""},"mobile":{"background-color":"var(--ast-global-color-5)","background-image":"","background-repeat":"repeat","background-position":"center center","background-size":"auto","background-attachment":"scroll","background-type":"","background-media":"","overlay-type":"","overlay-color":"","overlay-opacity":"","overlay-gradient":""}},"footnotes":""},"categories":[1,29],"tags":[],"class_list":["post-5774","post","type-post","status-publish","format-standard","has-post-thumbnail","hentry","category-general","category-portada"],"post_mailing_queue_ids":[],"_links":{"self":[{"href":"https:\/\/agora.xtec.cat\/iesjoanbrudieu\/wp-json\/wp\/v2\/posts\/5774","targetHints":{"allow":["GET"]}}],"collection":[{"href":"https:\/\/agora.xtec.cat\/iesjoanbrudieu\/wp-json\/wp\/v2\/posts"}],"about":[{"href":"https:\/\/agora.xtec.cat\/iesjoanbrudieu\/wp-json\/wp\/v2\/types\/post"}],"author":[{"embeddable":true,"href":"https:\/\/agora.xtec.cat\/iesjoanbrudieu\/wp-json\/wp\/v2\/users\/1"}],"replies":[{"embeddable":true,"href":"https:\/\/agora.xtec.cat\/iesjoanbrudieu\/wp-json\/wp\/v2\/comments?post=5774"}],"version-history":[{"count":2,"href":"https:\/\/agora.xtec.cat\/iesjoanbrudieu\/wp-json\/wp\/v2\/posts\/5774\/revisions"}],"predecessor-version":[{"id":5777,"href":"https:\/\/agora.xtec.cat\/iesjoanbrudieu\/wp-json\/wp\/v2\/posts\/5774\/revisions\/5777"}],"wp:featuredmedia":[{"embeddable":true,"href":"https:\/\/agora.xtec.cat\/iesjoanbrudieu\/wp-json\/wp\/v2\/media\/5775"}],"wp:attachment":[{"href":"https:\/\/agora.xtec.cat\/iesjoanbrudieu\/wp-json\/wp\/v2\/media?parent=5774"}],"wp:term":[{"taxonomy":"category","embeddable":true,"href":"https:\/\/agora.xtec.cat\/iesjoanbrudieu\/wp-json\/wp\/v2\/categories?post=5774"},{"taxonomy":"post_tag","embeddable":true,"href":"https:\/\/agora.xtec.cat\/iesjoanbrudieu\/wp-json\/wp\/v2\/tags?post=5774"}],"curies":[{"name":"wp","href":"https:\/\/api.w.org\/{rel}","templated":true}]}}