{"id":5769,"date":"2020-11-26T14:51:19","date_gmt":"2020-11-26T13:51:19","guid":{"rendered":"http:\/\/agora.xtec.cat\/iesjoanbrudieu\/?p=5769"},"modified":"2020-11-26T14:54:11","modified_gmt":"2020-11-26T13:54:11","slug":"marta-moreno-guanyadora-concurs-arts-plastiques","status":"publish","type":"post","link":"https:\/\/agora.xtec.cat\/iesjoanbrudieu\/general\/marta-moreno-guanyadora-concurs-arts-plastiques\/","title":{"rendered":"Marta Moreno, guanyadora del Concurs d&#8217;Arts Pl\u00e0stiques"},"content":{"rendered":"<p>Marta Moreno, alumna de 2n de BTX art\u00edstic, ha guanyat la categoria A del <a href=\"https:\/\/www.govern.ad\/afers-socials\/item\/10991-s-obre-la-convocatoria-del-ix-concurs-d-arts-plastiques-per-a-joves\" target=\"_blank\" rel=\"noopener noreferrer\"><strong>IX Concurs d&#8217;Arts Pl\u00e0stiques per a joves<\/strong><\/a>, del Ministeri d\u2019Afers Socials, Habitatge i Joventuta del Govern d&#8217;Andorra, amb l&#8217;obra &#8217;25 de novembre&#8217;, inspirada en una can\u00e7\u00f3 que es diu &#8220;Canci\u00f3n sin miedo&#8221;, de Vivir Quintana, que parla de la viol\u00e8ncia de g\u00e8nere i com els governs de M\u00e8xic callen i no fan res al respecte. Moltes felicitats, Marta!!! (<a href=\"https:\/\/www.elperiodic.ad\/entrevista\/82433\/les-institucions-permeten-que-es-mantingui-lestructura-patriarcal\" target=\"_blank\" rel=\"noopener noreferrer\">not\u00edcia a El Peri\u00f2dic d&#8217;Andorra<\/a>)<\/p>\n<p style=\"text-align: center;\"><a href=\"https:\/\/institutjoanbrudieu.cat\/public\/web_centre\/html\/documents\/fotos_web\/201126_Noticia_diari.jpg\"><img loading=\"lazy\" decoding=\"async\" class=\"aligncenter wp-image-5576\" src=\"https:\/\/institutjoanbrudieu.cat\/public\/web_centre\/html\/documents\/fotos_web\/201126_Noticia_diari.jpg\" alt=\"201126_Noticia_diari\" width=\"1000\" height=\"750\" \/><\/a><\/p>\n<p style=\"text-align: center;\"><iframe loading=\"lazy\" src=\"https:\/\/www.youtube.com\/embed\/VLLyzqkH6cs\" width=\"560\" height=\"315\" frameborder=\"0\"><\/iframe><\/p>\n","protected":false},"excerpt":{"rendered":"<p>Marta Moreno, alumna de 2n de BTX art\u00edstic, ha guanyat la categoria A del IX Concurs d&#8217;Arts Pl\u00e0stiques per a joves, del Ministeri d\u2019Afers Socials, Habitatge i Joventuta del Govern d&#8217;Andorra, amb l&#8217;obra &#8217;25 de novembre&#8217;, inspirada en una can\u00e7\u00f3 que es diu &#8220;Canci\u00f3n sin miedo&#8221;, de Vivir Quintana, que parla de la viol\u00e8ncia de [&hellip;]<\/p>\n","protected":false},"author":1,"featured_media":5770,"comment_status":"closed","ping_status":"closed","sticky":false,"template":"","format":"standard","meta":{"_bbp_topic_count":0,"_bbp_reply_count":0,"_bbp_total_topic_count":0,"_bbp_total_reply_count":0,"_bbp_voice_count":0,"_bbp_anonymous_reply_count":0,"_bbp_topic_count_hidden":0,"_bbp_reply_count_hidden":0,"_bbp_forum_subforum_count":0,"site-sidebar-layout":"default","site-content-layout":"","ast-site-content-layout":"","site-content-style":"default","site-sidebar-style":"default","ast-global-header-display":"","ast-banner-title-visibility":"","ast-main-header-display":"","ast-hfb-above-header-display":"","ast-hfb-below-header-display":"","ast-hfb-mobile-header-display":"","site-post-title":"","ast-breadcrumbs-content":"","ast-featured-img":"","footer-sml-layout":"","theme-transparent-header-meta":"","adv-header-id-meta":"","stick-header-meta":"","header-above-stick-meta":"","header-main-stick-meta":"","header-below-stick-meta":"","astra-migrate-meta-layouts":"default","ast-page-background-enabled":"default","ast-page-background-meta":{"desktop":{"background-color":"var(--ast-global-color-4)","background-image":"","background-repeat":"repeat","background-position":"center center","background-size":"auto","background-attachment":"scroll","background-type":"","background-media":"","overlay-type":"","overlay-color":"","overlay-opacity":"","overlay-gradient":""},"tablet":{"background-color":"","background-image":"","background-repeat":"repeat","background-position":"center center","background-size":"auto","background-attachment":"scroll","background-type":"","background-media":"","overlay-type":"","overlay-color":"","overlay-opacity":"","overlay-gradient":""},"mobile":{"background-color":"","background-image":"","background-repeat":"repeat","background-position":"center center","background-size":"auto","background-attachment":"scroll","background-type":"","background-media":"","overlay-type":"","overlay-color":"","overlay-opacity":"","overlay-gradient":""}},"ast-content-background-meta":{"desktop":{"background-color":"var(--ast-global-color-5)","background-image":"","background-repeat":"repeat","background-position":"center center","background-size":"auto","background-attachment":"scroll","background-type":"","background-media":"","overlay-type":"","overlay-color":"","overlay-opacity":"","overlay-gradient":""},"tablet":{"background-color":"var(--ast-global-color-5)","background-image":"","background-repeat":"repeat","background-position":"center center","background-size":"auto","background-attachment":"scroll","background-type":"","background-media":"","overlay-type":"","overlay-color":"","overlay-opacity":"","overlay-gradient":""},"mobile":{"background-color":"var(--ast-global-color-5)","background-image":"","background-repeat":"repeat","background-position":"center center","background-size":"auto","background-attachment":"scroll","background-type":"","background-media":"","overlay-type":"","overlay-color":"","overlay-opacity":"","overlay-gradient":""}},"footnotes":""},"categories":[1,29],"tags":[],"class_list":["post-5769","post","type-post","status-publish","format-standard","has-post-thumbnail","hentry","category-general","category-portada"],"post_mailing_queue_ids":[],"_links":{"self":[{"href":"https:\/\/agora.xtec.cat\/iesjoanbrudieu\/wp-json\/wp\/v2\/posts\/5769","targetHints":{"allow":["GET"]}}],"collection":[{"href":"https:\/\/agora.xtec.cat\/iesjoanbrudieu\/wp-json\/wp\/v2\/posts"}],"about":[{"href":"https:\/\/agora.xtec.cat\/iesjoanbrudieu\/wp-json\/wp\/v2\/types\/post"}],"author":[{"embeddable":true,"href":"https:\/\/agora.xtec.cat\/iesjoanbrudieu\/wp-json\/wp\/v2\/users\/1"}],"replies":[{"embeddable":true,"href":"https:\/\/agora.xtec.cat\/iesjoanbrudieu\/wp-json\/wp\/v2\/comments?post=5769"}],"version-history":[{"count":2,"href":"https:\/\/agora.xtec.cat\/iesjoanbrudieu\/wp-json\/wp\/v2\/posts\/5769\/revisions"}],"predecessor-version":[{"id":5772,"href":"https:\/\/agora.xtec.cat\/iesjoanbrudieu\/wp-json\/wp\/v2\/posts\/5769\/revisions\/5772"}],"wp:featuredmedia":[{"embeddable":true,"href":"https:\/\/agora.xtec.cat\/iesjoanbrudieu\/wp-json\/wp\/v2\/media\/5770"}],"wp:attachment":[{"href":"https:\/\/agora.xtec.cat\/iesjoanbrudieu\/wp-json\/wp\/v2\/media?parent=5769"}],"wp:term":[{"taxonomy":"category","embeddable":true,"href":"https:\/\/agora.xtec.cat\/iesjoanbrudieu\/wp-json\/wp\/v2\/categories?post=5769"},{"taxonomy":"post_tag","embeddable":true,"href":"https:\/\/agora.xtec.cat\/iesjoanbrudieu\/wp-json\/wp\/v2\/tags?post=5769"}],"curies":[{"name":"wp","href":"https:\/\/api.w.org\/{rel}","templated":true}]}}