{"id":5766,"date":"2020-11-26T14:09:56","date_gmt":"2020-11-26T13:09:56","guid":{"rendered":"http:\/\/agora.xtec.cat\/iesjoanbrudieu\/?p=5766"},"modified":"2020-11-26T14:28:22","modified_gmt":"2020-11-26T13:28:22","slug":"25n-stop-al-matrimoni-infantil-save-the-children","status":"publish","type":"post","link":"https:\/\/agora.xtec.cat\/iesjoanbrudieu\/general\/25n-stop-al-matrimoni-infantil-save-the-children\/","title":{"rendered":"25N: Stop al matrimoni infantil (Save the Children)"},"content":{"rendered":"<p>Coincidint amb el <strong>Dia Internacional Contra la Viol\u00e8ncia de G\u00e8nere<\/strong>, el 25 de novembre, l\u2019ONG <a href=\"https:\/\/www.savethechildren.es\/\" target=\"_blank\" rel=\"noopener noreferrer\"><strong>Save the Children<\/strong><\/a> ha empr\u00e8s una campanya de den\u00fancia amb el t\u00edtol <strong>\u201c<a href=\"https:\/\/www.savethechildren.es\/materiales-25-de-noviembre-stop-matrimonio-infantil\" target=\"_blank\" rel=\"noopener noreferrer\">Stop al matrimoni infantil<\/a>\u201d<\/strong>, condemnant aquest tipus de viol\u00e8ncia que s\u2019exerceix contra nenes i adolescents menors de 18 anys obligant-les a matrimonis for\u00e7ats, en la majoria de casos amb homes molt m\u00e9s grans que elles. El nostre institut s\u2019ha sumat a aquesta den\u00fancia representant un mur que simbolitza aquesta cruel forma de viol\u00e8ncia contra les dones, mur que volem tombar amb la nostra protesta. Han participat tots els grups de l\u2019ESO, des de 1r a 4t dibuixant, pintant o escrivint textos contra aquest tipus de viol\u00e8ncia de g\u00e8nere sobre el material d\u2019una capsa de sabates, a mode de maons que han format l\u2019esmentat mur simb\u00f2lic, tombant-lo despr\u00e9s de la lectura d\u2019un manifest. Agra\u00efm a tothom que ha participat i ha col\u00b7laborat en aquesta reivindicaci\u00f3, empla\u00e7ant-nos a totes i tots sobre la reflexi\u00f3 d\u2019un fet que si b\u00e9 ens sembla lluny\u00e0, malauradament n\u2019\u00e9s present en molt\u00edssimes vides de nenes i noies arreu del m\u00f3n.<\/p>\n<p style=\"text-align: center;\"><iframe loading=\"lazy\" src=\"https:\/\/www.youtube.com\/embed\/wrVQBm0BPUs\" width=\"560\" height=\"315\" frameborder=\"0\"><\/iframe><\/p>\n","protected":false},"excerpt":{"rendered":"<p>Coincidint amb el Dia Internacional Contra la Viol\u00e8ncia de G\u00e8nere, el 25 de novembre, l\u2019ONG Save the Children ha empr\u00e8s una campanya de den\u00fancia amb el t\u00edtol \u201cStop al matrimoni infantil\u201d, condemnant aquest tipus de viol\u00e8ncia que s\u2019exerceix contra nenes i adolescents menors de 18 anys obligant-les a matrimonis for\u00e7ats, en la majoria de casos [&hellip;]<\/p>\n","protected":false},"author":1,"featured_media":5767,"comment_status":"closed","ping_status":"closed","sticky":false,"template":"","format":"standard","meta":{"_bbp_topic_count":0,"_bbp_reply_count":0,"_bbp_total_topic_count":0,"_bbp_total_reply_count":0,"_bbp_voice_count":0,"_bbp_anonymous_reply_count":0,"_bbp_topic_count_hidden":0,"_bbp_reply_count_hidden":0,"_bbp_forum_subforum_count":0,"site-sidebar-layout":"default","site-content-layout":"","ast-site-content-layout":"","site-content-style":"default","site-sidebar-style":"default","ast-global-header-display":"","ast-banner-title-visibility":"","ast-main-header-display":"","ast-hfb-above-header-display":"","ast-hfb-below-header-display":"","ast-hfb-mobile-header-display":"","site-post-title":"","ast-breadcrumbs-content":"","ast-featured-img":"","footer-sml-layout":"","theme-transparent-header-meta":"","adv-header-id-meta":"","stick-header-meta":"","header-above-stick-meta":"","header-main-stick-meta":"","header-below-stick-meta":"","astra-migrate-meta-layouts":"default","ast-page-background-enabled":"default","ast-page-background-meta":{"desktop":{"background-color":"var(--ast-global-color-4)","background-image":"","background-repeat":"repeat","background-position":"center center","background-size":"auto","background-attachment":"scroll","background-type":"","background-media":"","overlay-type":"","overlay-color":"","overlay-opacity":"","overlay-gradient":""},"tablet":{"background-color":"","background-image":"","background-repeat":"repeat","background-position":"center center","background-size":"auto","background-attachment":"scroll","background-type":"","background-media":"","overlay-type":"","overlay-color":"","overlay-opacity":"","overlay-gradient":""},"mobile":{"background-color":"","background-image":"","background-repeat":"repeat","background-position":"center center","background-size":"auto","background-attachment":"scroll","background-type":"","background-media":"","overlay-type":"","overlay-color":"","overlay-opacity":"","overlay-gradient":""}},"ast-content-background-meta":{"desktop":{"background-color":"var(--ast-global-color-5)","background-image":"","background-repeat":"repeat","background-position":"center center","background-size":"auto","background-attachment":"scroll","background-type":"","background-media":"","overlay-type":"","overlay-color":"","overlay-opacity":"","overlay-gradient":""},"tablet":{"background-color":"var(--ast-global-color-5)","background-image":"","background-repeat":"repeat","background-position":"center center","background-size":"auto","background-attachment":"scroll","background-type":"","background-media":"","overlay-type":"","overlay-color":"","overlay-opacity":"","overlay-gradient":""},"mobile":{"background-color":"var(--ast-global-color-5)","background-image":"","background-repeat":"repeat","background-position":"center center","background-size":"auto","background-attachment":"scroll","background-type":"","background-media":"","overlay-type":"","overlay-color":"","overlay-opacity":"","overlay-gradient":""}},"footnotes":""},"categories":[1,29],"tags":[],"class_list":["post-5766","post","type-post","status-publish","format-standard","has-post-thumbnail","hentry","category-general","category-portada"],"post_mailing_queue_ids":[],"_links":{"self":[{"href":"https:\/\/agora.xtec.cat\/iesjoanbrudieu\/wp-json\/wp\/v2\/posts\/5766","targetHints":{"allow":["GET"]}}],"collection":[{"href":"https:\/\/agora.xtec.cat\/iesjoanbrudieu\/wp-json\/wp\/v2\/posts"}],"about":[{"href":"https:\/\/agora.xtec.cat\/iesjoanbrudieu\/wp-json\/wp\/v2\/types\/post"}],"author":[{"embeddable":true,"href":"https:\/\/agora.xtec.cat\/iesjoanbrudieu\/wp-json\/wp\/v2\/users\/1"}],"replies":[{"embeddable":true,"href":"https:\/\/agora.xtec.cat\/iesjoanbrudieu\/wp-json\/wp\/v2\/comments?post=5766"}],"version-history":[{"count":1,"href":"https:\/\/agora.xtec.cat\/iesjoanbrudieu\/wp-json\/wp\/v2\/posts\/5766\/revisions"}],"predecessor-version":[{"id":5768,"href":"https:\/\/agora.xtec.cat\/iesjoanbrudieu\/wp-json\/wp\/v2\/posts\/5766\/revisions\/5768"}],"wp:featuredmedia":[{"embeddable":true,"href":"https:\/\/agora.xtec.cat\/iesjoanbrudieu\/wp-json\/wp\/v2\/media\/5767"}],"wp:attachment":[{"href":"https:\/\/agora.xtec.cat\/iesjoanbrudieu\/wp-json\/wp\/v2\/media?parent=5766"}],"wp:term":[{"taxonomy":"category","embeddable":true,"href":"https:\/\/agora.xtec.cat\/iesjoanbrudieu\/wp-json\/wp\/v2\/categories?post=5766"},{"taxonomy":"post_tag","embeddable":true,"href":"https:\/\/agora.xtec.cat\/iesjoanbrudieu\/wp-json\/wp\/v2\/tags?post=5766"}],"curies":[{"name":"wp","href":"https:\/\/api.w.org\/{rel}","templated":true}]}}