{"id":5414,"date":"2020-06-16T17:02:27","date_gmt":"2020-06-16T15:02:27","guid":{"rendered":"http:\/\/agora.xtec.cat\/iesjoanbrudieu\/?p=5414"},"modified":"2020-06-16T17:02:27","modified_gmt":"2020-06-16T15:02:27","slug":"comunicat-respecte-a-la-festa-de-graduacio-2020","status":"publish","type":"post","link":"https:\/\/agora.xtec.cat\/iesjoanbrudieu\/general\/comunicat-respecte-a-la-festa-de-graduacio-2020\/","title":{"rendered":"Comunicat respecte a la Festa de Graduaci\u00f3 2020"},"content":{"rendered":"<p>Benvolguts\/des fam\u00edlies, alumnes i professorat de 2n de BTX, de 2n de CFM i de 2n de CFS,<\/p>\n<p>Malauradament, us hem de comunicar que aquest curs acad\u00e8mic, davant les mesures que el Departament d\u2019Educaci\u00f3 ens fa contemplar de distanciament entre alumnes i tra\u00e7abilitat als centres, i la responsabilitat que podria implicar en casos de possible contagi d\u2019algun alumne\/docent, no ser\u00e0 possible fer la festa de graduaci\u00f3 que ten\u00edem prevista per final de curs a 2n de Batxillerat i Cicles Formatius de Grau Mitj\u00e0 i Superior.<\/p>\n<p>Ens sumem a la resta de centres dels nostres Serveis Territorials que tamb\u00e9 han cancel\u00b7lat aquest esdeveniment. No creiem que sigui viable muntar una celebraci\u00f3 d\u2019aquest tipus quan per organitzar la reobertura del centre per les classes de rep\u00e0s PAU, les diferents proves d\u2019acc\u00e9s (juny, juliol) i el retorn de classes presencials al setembre ens estan exigint el compliment d\u2019una s\u00e8rie de mesures de seguretat per la salut de tots els implicats. Sense esmentar tot el personal vulnerable que, a hores d\u2019ara, no podria acompanyar-nos en l\u2019acte.<\/p>\n<p>Tanmateix, com ja hav\u00edem previst al calendari d\u2019inici de curs, estem treballant per tancar l\u2019Orla de B2 amb Foto Estudi La Seu; i tamb\u00e9 el certificat de record que els regala l\u2019Institut als alumnes de cada promoci\u00f3, i que aquest curs podran recollir a secretaria del centre en el moment de sol\u00b7licitar l\u2019expedici\u00f3 del t\u00edtol de Batxillerat \/ Cicle Formatiu, i\/o amb cita pr\u00e8via a coordinaci\u00f3. Fins i tot, s\u2019est\u00e0 valorant la possibilitat de preparar-los, m\u00e9s endavant, algun altre record del seu pas per l\u2019Institut Joan Brudieu.<\/p>\n<p>Us agra\u00efm la vostra comprensi\u00f3 i us desitgem que passeu un bon estiu.<\/p>\n","protected":false},"excerpt":{"rendered":"<p>Benvolguts\/des fam\u00edlies, alumnes i professorat de 2n de BTX, de 2n de CFM i de 2n de CFS, Malauradament, us hem de comunicar que aquest curs acad\u00e8mic, davant les mesures que el Departament d\u2019Educaci\u00f3 ens fa contemplar de distanciament entre alumnes i tra\u00e7abilitat als centres, i la responsabilitat que podria implicar en casos de possible [&hellip;]<\/p>\n","protected":false},"author":1,"featured_media":3040,"comment_status":"closed","ping_status":"closed","sticky":false,"template":"","format":"standard","meta":{"_bbp_topic_count":0,"_bbp_reply_count":0,"_bbp_total_topic_count":0,"_bbp_total_reply_count":0,"_bbp_voice_count":0,"_bbp_anonymous_reply_count":0,"_bbp_topic_count_hidden":0,"_bbp_reply_count_hidden":0,"_bbp_forum_subforum_count":0,"site-sidebar-layout":"default","site-content-layout":"","ast-site-content-layout":"","site-content-style":"default","site-sidebar-style":"default","ast-global-header-display":"","ast-banner-title-visibility":"","ast-main-header-display":"","ast-hfb-above-header-display":"","ast-hfb-below-header-display":"","ast-hfb-mobile-header-display":"","site-post-title":"","ast-breadcrumbs-content":"","ast-featured-img":"","footer-sml-layout":"","theme-transparent-header-meta":"","adv-header-id-meta":"","stick-header-meta":"","header-above-stick-meta":"","header-main-stick-meta":"","header-below-stick-meta":"","astra-migrate-meta-layouts":"default","ast-page-background-enabled":"default","ast-page-background-meta":{"desktop":{"background-color":"var(--ast-global-color-4)","background-image":"","background-repeat":"repeat","background-position":"center center","background-size":"auto","background-attachment":"scroll","background-type":"","background-media":"","overlay-type":"","overlay-color":"","overlay-opacity":"","overlay-gradient":""},"tablet":{"background-color":"","background-image":"","background-repeat":"repeat","background-position":"center center","background-size":"auto","background-attachment":"scroll","background-type":"","background-media":"","overlay-type":"","overlay-color":"","overlay-opacity":"","overlay-gradient":""},"mobile":{"background-color":"","background-image":"","background-repeat":"repeat","background-position":"center center","background-size":"auto","background-attachment":"scroll","background-type":"","background-media":"","overlay-type":"","overlay-color":"","overlay-opacity":"","overlay-gradient":""}},"ast-content-background-meta":{"desktop":{"background-color":"var(--ast-global-color-5)","background-image":"","background-repeat":"repeat","background-position":"center center","background-size":"auto","background-attachment":"scroll","background-type":"","background-media":"","overlay-type":"","overlay-color":"","overlay-opacity":"","overlay-gradient":""},"tablet":{"background-color":"var(--ast-global-color-5)","background-image":"","background-repeat":"repeat","background-position":"center center","background-size":"auto","background-attachment":"scroll","background-type":"","background-media":"","overlay-type":"","overlay-color":"","overlay-opacity":"","overlay-gradient":""},"mobile":{"background-color":"var(--ast-global-color-5)","background-image":"","background-repeat":"repeat","background-position":"center center","background-size":"auto","background-attachment":"scroll","background-type":"","background-media":"","overlay-type":"","overlay-color":"","overlay-opacity":"","overlay-gradient":""}},"footnotes":""},"categories":[1,29],"tags":[],"class_list":["post-5414","post","type-post","status-publish","format-standard","has-post-thumbnail","hentry","category-general","category-portada"],"post_mailing_queue_ids":[],"_links":{"self":[{"href":"https:\/\/agora.xtec.cat\/iesjoanbrudieu\/wp-json\/wp\/v2\/posts\/5414","targetHints":{"allow":["GET"]}}],"collection":[{"href":"https:\/\/agora.xtec.cat\/iesjoanbrudieu\/wp-json\/wp\/v2\/posts"}],"about":[{"href":"https:\/\/agora.xtec.cat\/iesjoanbrudieu\/wp-json\/wp\/v2\/types\/post"}],"author":[{"embeddable":true,"href":"https:\/\/agora.xtec.cat\/iesjoanbrudieu\/wp-json\/wp\/v2\/users\/1"}],"replies":[{"embeddable":true,"href":"https:\/\/agora.xtec.cat\/iesjoanbrudieu\/wp-json\/wp\/v2\/comments?post=5414"}],"version-history":[{"count":1,"href":"https:\/\/agora.xtec.cat\/iesjoanbrudieu\/wp-json\/wp\/v2\/posts\/5414\/revisions"}],"predecessor-version":[{"id":5415,"href":"https:\/\/agora.xtec.cat\/iesjoanbrudieu\/wp-json\/wp\/v2\/posts\/5414\/revisions\/5415"}],"wp:featuredmedia":[{"embeddable":true,"href":"https:\/\/agora.xtec.cat\/iesjoanbrudieu\/wp-json\/wp\/v2\/media\/3040"}],"wp:attachment":[{"href":"https:\/\/agora.xtec.cat\/iesjoanbrudieu\/wp-json\/wp\/v2\/media?parent=5414"}],"wp:term":[{"taxonomy":"category","embeddable":true,"href":"https:\/\/agora.xtec.cat\/iesjoanbrudieu\/wp-json\/wp\/v2\/categories?post=5414"},{"taxonomy":"post_tag","embeddable":true,"href":"https:\/\/agora.xtec.cat\/iesjoanbrudieu\/wp-json\/wp\/v2\/tags?post=5414"}],"curies":[{"name":"wp","href":"https:\/\/api.w.org\/{rel}","templated":true}]}}