{"id":5401,"date":"2020-06-12T18:06:37","date_gmt":"2020-06-12T16:06:37","guid":{"rendered":"http:\/\/agora.xtec.cat\/iesjoanbrudieu\/?p=5401"},"modified":"2020-06-12T18:06:37","modified_gmt":"2020-06-12T16:06:37","slug":"notes-deso-aval-ordinaria-i-de-2n-de-btx-aval-extraordinaria","status":"publish","type":"post","link":"https:\/\/agora.xtec.cat\/iesjoanbrudieu\/general\/notes-deso-aval-ordinaria-i-de-2n-de-btx-aval-extraordinaria\/","title":{"rendered":"Notes d&#8217;ESO (aval. ordin\u00e0ria) i de 2n de BTX (aval. extraordin\u00e0ria)"},"content":{"rendered":"<p>A partir de dem\u00e0 dissabte 13 de juny podreu veure a ALEXIA les qualificacions de l&#8217;avaluaci\u00f3 ordin\u00e0ria d&#8217;ESO i les qualificacions de l&#8217;avaluaci\u00f3 extraordin\u00e0ria de 2n de BTX. Amb aquest avan\u00e7ament en el dia del lliurament de qualificacions, hem establert un nou calendari del per\u00edode de reclamacions, tant per a l&#8217;ESO com per al 2n de BTX:<\/p>\n<ul>\n<li><strong>Fins a les 10:00 h del dimarts 16 de juny<\/strong>:\n<ul>\n<li>Presentaci\u00f3 de reclamacions escrites, en una inst\u00e0ncia adre\u00e7ada al director i enviada al correu electr\u00f2nic iesjoanbrudieu@xtec.cat. La inst\u00e0ncia, en format PDF emplenable, es pot descarregar de la p\u00e0gina web de l\u2019Institut: bloc Secretaria&gt;Fulls impresos&gt;Fulls Impresos General &#8212; <a href=\"http:\/\/institutjoanbrudieu.cat\/public\/web_centre\/html\/documents\/secretaria\/fulls\/INS_Instancia_revisio_qualificacions_finals_emplenable.pdf\" target=\"_blank\" rel=\"noopener noreferrer\">Inst\u00e0ncia revisi\u00f3 qualificacions finals<\/a> (PDF emplenable)<\/li>\n<\/ul>\n<\/li>\n<li><strong>A partir de les 10:00 h del dimecres 17 de jun<\/strong>y:\n<ul>\n<li>Lliurament de resolucions al correu electr\u00f2nic de l&#8217;interessat.<\/li>\n<\/ul>\n<\/li>\n<\/ul>\n","protected":false},"excerpt":{"rendered":"<p>A partir de dem\u00e0 dissabte 13 de juny podreu veure a ALEXIA les qualificacions de l&#8217;avaluaci\u00f3 ordin\u00e0ria d&#8217;ESO i les qualificacions de l&#8217;avaluaci\u00f3 extraordin\u00e0ria de 2n de BTX. Amb aquest avan\u00e7ament en el dia del lliurament de qualificacions, hem establert un nou calendari del per\u00edode de reclamacions, tant per a l&#8217;ESO com per al 2n [&hellip;]<\/p>\n","protected":false},"author":1,"featured_media":3040,"comment_status":"closed","ping_status":"closed","sticky":false,"template":"","format":"standard","meta":{"_bbp_topic_count":0,"_bbp_reply_count":0,"_bbp_total_topic_count":0,"_bbp_total_reply_count":0,"_bbp_voice_count":0,"_bbp_anonymous_reply_count":0,"_bbp_topic_count_hidden":0,"_bbp_reply_count_hidden":0,"_bbp_forum_subforum_count":0,"site-sidebar-layout":"default","site-content-layout":"","ast-site-content-layout":"","site-content-style":"default","site-sidebar-style":"default","ast-global-header-display":"","ast-banner-title-visibility":"","ast-main-header-display":"","ast-hfb-above-header-display":"","ast-hfb-below-header-display":"","ast-hfb-mobile-header-display":"","site-post-title":"","ast-breadcrumbs-content":"","ast-featured-img":"","footer-sml-layout":"","theme-transparent-header-meta":"","adv-header-id-meta":"","stick-header-meta":"","header-above-stick-meta":"","header-main-stick-meta":"","header-below-stick-meta":"","astra-migrate-meta-layouts":"default","ast-page-background-enabled":"default","ast-page-background-meta":{"desktop":{"background-color":"var(--ast-global-color-4)","background-image":"","background-repeat":"repeat","background-position":"center center","background-size":"auto","background-attachment":"scroll","background-type":"","background-media":"","overlay-type":"","overlay-color":"","overlay-opacity":"","overlay-gradient":""},"tablet":{"background-color":"","background-image":"","background-repeat":"repeat","background-position":"center center","background-size":"auto","background-attachment":"scroll","background-type":"","background-media":"","overlay-type":"","overlay-color":"","overlay-opacity":"","overlay-gradient":""},"mobile":{"background-color":"","background-image":"","background-repeat":"repeat","background-position":"center center","background-size":"auto","background-attachment":"scroll","background-type":"","background-media":"","overlay-type":"","overlay-color":"","overlay-opacity":"","overlay-gradient":""}},"ast-content-background-meta":{"desktop":{"background-color":"var(--ast-global-color-5)","background-image":"","background-repeat":"repeat","background-position":"center center","background-size":"auto","background-attachment":"scroll","background-type":"","background-media":"","overlay-type":"","overlay-color":"","overlay-opacity":"","overlay-gradient":""},"tablet":{"background-color":"var(--ast-global-color-5)","background-image":"","background-repeat":"repeat","background-position":"center center","background-size":"auto","background-attachment":"scroll","background-type":"","background-media":"","overlay-type":"","overlay-color":"","overlay-opacity":"","overlay-gradient":""},"mobile":{"background-color":"var(--ast-global-color-5)","background-image":"","background-repeat":"repeat","background-position":"center center","background-size":"auto","background-attachment":"scroll","background-type":"","background-media":"","overlay-type":"","overlay-color":"","overlay-opacity":"","overlay-gradient":""}},"footnotes":""},"categories":[1,29],"tags":[],"class_list":["post-5401","post","type-post","status-publish","format-standard","has-post-thumbnail","hentry","category-general","category-portada"],"post_mailing_queue_ids":[],"_links":{"self":[{"href":"https:\/\/agora.xtec.cat\/iesjoanbrudieu\/wp-json\/wp\/v2\/posts\/5401","targetHints":{"allow":["GET"]}}],"collection":[{"href":"https:\/\/agora.xtec.cat\/iesjoanbrudieu\/wp-json\/wp\/v2\/posts"}],"about":[{"href":"https:\/\/agora.xtec.cat\/iesjoanbrudieu\/wp-json\/wp\/v2\/types\/post"}],"author":[{"embeddable":true,"href":"https:\/\/agora.xtec.cat\/iesjoanbrudieu\/wp-json\/wp\/v2\/users\/1"}],"replies":[{"embeddable":true,"href":"https:\/\/agora.xtec.cat\/iesjoanbrudieu\/wp-json\/wp\/v2\/comments?post=5401"}],"version-history":[{"count":1,"href":"https:\/\/agora.xtec.cat\/iesjoanbrudieu\/wp-json\/wp\/v2\/posts\/5401\/revisions"}],"predecessor-version":[{"id":5402,"href":"https:\/\/agora.xtec.cat\/iesjoanbrudieu\/wp-json\/wp\/v2\/posts\/5401\/revisions\/5402"}],"wp:featuredmedia":[{"embeddable":true,"href":"https:\/\/agora.xtec.cat\/iesjoanbrudieu\/wp-json\/wp\/v2\/media\/3040"}],"wp:attachment":[{"href":"https:\/\/agora.xtec.cat\/iesjoanbrudieu\/wp-json\/wp\/v2\/media?parent=5401"}],"wp:term":[{"taxonomy":"category","embeddable":true,"href":"https:\/\/agora.xtec.cat\/iesjoanbrudieu\/wp-json\/wp\/v2\/categories?post=5401"},{"taxonomy":"post_tag","embeddable":true,"href":"https:\/\/agora.xtec.cat\/iesjoanbrudieu\/wp-json\/wp\/v2\/tags?post=5401"}],"curies":[{"name":"wp","href":"https:\/\/api.w.org\/{rel}","templated":true}]}}