{"id":5339,"date":"2020-05-29T08:51:16","date_gmt":"2020-05-29T06:51:16","guid":{"rendered":"http:\/\/agora.xtec.cat\/iesjoanbrudieu\/?p=5339"},"modified":"2020-05-29T08:51:16","modified_gmt":"2020-05-29T06:51:16","slug":"pla-dobertura-de-linstitut-joan-brudieu-juny-2020","status":"publish","type":"post","link":"https:\/\/agora.xtec.cat\/iesjoanbrudieu\/general\/pla-dobertura-de-linstitut-joan-brudieu-juny-2020\/","title":{"rendered":"Pla d&#8217;obertura de l&#8217;Institut Joan Brudieu (juny 2020)"},"content":{"rendered":"<p>Us informem del <a href=\"http:\/\/institutjoanbrudieu.cat\/public\/web_centre\/html\/documents\/institut\/curs\/200528_Pla_Obertura_Institut_Joan_Brudieu.pdf\" target=\"_blank\" rel=\"noopener noreferrer\">Pla d&#8217;Obertura de l&#8217;Institut Joan Brudieu<\/a> durant el mes de juny de 2020, seguint les instruccions que dona el Departament d&#8217;Educaci\u00f3. El curs 2019-2020, des d&#8217;un punt de vista lectiu, acabar\u00e0 en format telem\u00e0tic el 19 de juny. La presencialitat de l&#8217;alumnat a l&#8217;Institut ser\u00e0 <strong>volunt\u00e0ria<\/strong>, excepcional i <strong>no continuada<\/strong>. I sempre observant les mesures de protecci\u00f3 i prevenci\u00f3 que s&#8217;hagin dictaminat. L&#8217;\u00fas de la mascareta \u00e9s obligatori. No hi haur\u00e0 servei de transport escolar ni de menjador.<\/p>\n<ul>\n<li>Per a l&#8217;alumnat de 2n de BTX, s&#8217;ha organitzat un horari especial d&#8217;<strong>atenci\u00f3 presencial<\/strong> per tal de preparar les PAU, tenint en compte totes les mesures de seguretat: grups redu\u00efts, evitar espais compartits (canvis d&#8217;aula i despla\u00e7aments per l&#8217;Institut, etc), entrades i sortides esglaonades, etc. Aquest horari s&#8217;ha organitzat a partir de la previsi\u00f3 d&#8217;assist\u00e8ncia manifestada per l&#8217;alumnat: <strong>NO<\/strong> s&#8217;hi deixar\u00e0 entrar cap alumne que no ho hagi sol\u00b7licitat pr\u00e8viament.<\/li>\n<li>Per a l&#8217;alumnat de la resta de nivells (ESO, 1r de BTX i FP) s&#8217;ha organitzat una <strong>atenci\u00f3 personalitzada i individualitzada<\/strong>, amb calendari establert de <strong>cita pr\u00e8via<\/strong> que caldr\u00e0 demanar per correu electr\u00f2nic al correu del professorat que el t\u00e9 anotat en la graella que hi trobareu. Es realitzaran sessions d&#8217;atenci\u00f3 personalitzada d&#8217;un <strong>m\u00e0xim de 20 minuts<\/strong>. <strong>NO<\/strong> ser\u00e0 possible l&#8217;assist\u00e8ncia sense cita pr\u00e8via.<\/li>\n<\/ul>\n<p>Per tenir acc\u00e9s l&#8217;Institut \u00e9s obligatori el fet de <strong>portar la declaraci\u00f3 responsable signada de casa<\/strong> i dipositar-la la safata que es trobar\u00e0 a consergeria, a part de totes les indicacions de salut explicitades al Pla.<\/p>\n<ul>\n<li><a href=\"http:\/\/institutjoanbrudieu.cat\/public\/web_centre\/html\/documents\/institut\/curs\/Declaracio_responsable_COVID19_alumnes_majors_18_anys_A820.pdf\" target=\"_blank\" rel=\"noopener noreferrer\">Declaraci\u00f3 responsable COVID-19 per a alumnat major de 18 anys<\/a>.<\/li>\n<li><a href=\"http:\/\/institutjoanbrudieu.cat\/public\/web_centre\/html\/documents\/institut\/curs\/Declaracio_responsable_COVID19_alumnes_menors_18_anys_A817.pdf\" target=\"_blank\" rel=\"noopener noreferrer\">Declaraci\u00f3 responsable COVID-19 per a alumnat menor de 18 anys<\/a>.<\/li>\n<\/ul>\n<p>Per acabar, l&#8217;Institut Joan Brudieu considera que \u00e9s prematur i innecessari obrir el centre i posar en risc l&#8217;alumnat i indirectament la resta de persones del seu entorn, familiars i professorat. Donat que les instruccions del Departament d&#8217;Educaci\u00f3 deleguen la gesti\u00f3 i organitzaci\u00f3 de l\u2019obertura de l\u2019Institut en l\u2019autonomia dels centres, l\u2019Equip Directiu de l\u2019Institut no es fa responsable, en cap cas, de la situaci\u00f3 sanit\u00e0ria de l\u2019alumnat, de les fam\u00edlies i de l\u2019equip docent, i dels problemes que se\u2019n pugui derivar.<\/p>\n","protected":false},"excerpt":{"rendered":"<p>Us informem del Pla d&#8217;Obertura de l&#8217;Institut Joan Brudieu durant el mes de juny de 2020, seguint les instruccions que dona el Departament d&#8217;Educaci\u00f3. El curs 2019-2020, des d&#8217;un punt de vista lectiu, acabar\u00e0 en format telem\u00e0tic el 19 de juny. La presencialitat de l&#8217;alumnat a l&#8217;Institut ser\u00e0 volunt\u00e0ria, excepcional i no continuada. I sempre [&hellip;]<\/p>\n","protected":false},"author":1,"featured_media":3040,"comment_status":"closed","ping_status":"closed","sticky":false,"template":"","format":"standard","meta":{"_bbp_topic_count":0,"_bbp_reply_count":0,"_bbp_total_topic_count":0,"_bbp_total_reply_count":0,"_bbp_voice_count":0,"_bbp_anonymous_reply_count":0,"_bbp_topic_count_hidden":0,"_bbp_reply_count_hidden":0,"_bbp_forum_subforum_count":0,"site-sidebar-layout":"default","site-content-layout":"","ast-site-content-layout":"","site-content-style":"default","site-sidebar-style":"default","ast-global-header-display":"","ast-banner-title-visibility":"","ast-main-header-display":"","ast-hfb-above-header-display":"","ast-hfb-below-header-display":"","ast-hfb-mobile-header-display":"","site-post-title":"","ast-breadcrumbs-content":"","ast-featured-img":"","footer-sml-layout":"","theme-transparent-header-meta":"","adv-header-id-meta":"","stick-header-meta":"","header-above-stick-meta":"","header-main-stick-meta":"","header-below-stick-meta":"","astra-migrate-meta-layouts":"default","ast-page-background-enabled":"default","ast-page-background-meta":{"desktop":{"background-color":"var(--ast-global-color-4)","background-image":"","background-repeat":"repeat","background-position":"center center","background-size":"auto","background-attachment":"scroll","background-type":"","background-media":"","overlay-type":"","overlay-color":"","overlay-opacity":"","overlay-gradient":""},"tablet":{"background-color":"","background-image":"","background-repeat":"repeat","background-position":"center center","background-size":"auto","background-attachment":"scroll","background-type":"","background-media":"","overlay-type":"","overlay-color":"","overlay-opacity":"","overlay-gradient":""},"mobile":{"background-color":"","background-image":"","background-repeat":"repeat","background-position":"center center","background-size":"auto","background-attachment":"scroll","background-type":"","background-media":"","overlay-type":"","overlay-color":"","overlay-opacity":"","overlay-gradient":""}},"ast-content-background-meta":{"desktop":{"background-color":"var(--ast-global-color-5)","background-image":"","background-repeat":"repeat","background-position":"center center","background-size":"auto","background-attachment":"scroll","background-type":"","background-media":"","overlay-type":"","overlay-color":"","overlay-opacity":"","overlay-gradient":""},"tablet":{"background-color":"var(--ast-global-color-5)","background-image":"","background-repeat":"repeat","background-position":"center center","background-size":"auto","background-attachment":"scroll","background-type":"","background-media":"","overlay-type":"","overlay-color":"","overlay-opacity":"","overlay-gradient":""},"mobile":{"background-color":"var(--ast-global-color-5)","background-image":"","background-repeat":"repeat","background-position":"center center","background-size":"auto","background-attachment":"scroll","background-type":"","background-media":"","overlay-type":"","overlay-color":"","overlay-opacity":"","overlay-gradient":""}},"footnotes":""},"categories":[1,29],"tags":[],"class_list":["post-5339","post","type-post","status-publish","format-standard","has-post-thumbnail","hentry","category-general","category-portada"],"post_mailing_queue_ids":[],"_links":{"self":[{"href":"https:\/\/agora.xtec.cat\/iesjoanbrudieu\/wp-json\/wp\/v2\/posts\/5339","targetHints":{"allow":["GET"]}}],"collection":[{"href":"https:\/\/agora.xtec.cat\/iesjoanbrudieu\/wp-json\/wp\/v2\/posts"}],"about":[{"href":"https:\/\/agora.xtec.cat\/iesjoanbrudieu\/wp-json\/wp\/v2\/types\/post"}],"author":[{"embeddable":true,"href":"https:\/\/agora.xtec.cat\/iesjoanbrudieu\/wp-json\/wp\/v2\/users\/1"}],"replies":[{"embeddable":true,"href":"https:\/\/agora.xtec.cat\/iesjoanbrudieu\/wp-json\/wp\/v2\/comments?post=5339"}],"version-history":[{"count":1,"href":"https:\/\/agora.xtec.cat\/iesjoanbrudieu\/wp-json\/wp\/v2\/posts\/5339\/revisions"}],"predecessor-version":[{"id":5340,"href":"https:\/\/agora.xtec.cat\/iesjoanbrudieu\/wp-json\/wp\/v2\/posts\/5339\/revisions\/5340"}],"wp:featuredmedia":[{"embeddable":true,"href":"https:\/\/agora.xtec.cat\/iesjoanbrudieu\/wp-json\/wp\/v2\/media\/3040"}],"wp:attachment":[{"href":"https:\/\/agora.xtec.cat\/iesjoanbrudieu\/wp-json\/wp\/v2\/media?parent=5339"}],"wp:term":[{"taxonomy":"category","embeddable":true,"href":"https:\/\/agora.xtec.cat\/iesjoanbrudieu\/wp-json\/wp\/v2\/categories?post=5339"},{"taxonomy":"post_tag","embeddable":true,"href":"https:\/\/agora.xtec.cat\/iesjoanbrudieu\/wp-json\/wp\/v2\/tags?post=5339"}],"curies":[{"name":"wp","href":"https:\/\/api.w.org\/{rel}","templated":true}]}}